{"id":1025,"date":"2022-05-20T12:41:45","date_gmt":"2022-05-20T08:41:45","guid":{"rendered":"https:\/\/agsaqqallarsurasi.az\/?p=1025"},"modified":"2022-05-27T11:15:13","modified_gmt":"2022-05-27T07:15:13","slug":"turk-dovl%c9%99tl%c9%99rini-v%c9%99-xalqlarini-ortaq-tariximiz-m%c9%99d%c9%99niyy%c9%99timiz-d%c9%99y%c9%99rl%c9%99rimiz-kecmisimiz-v%c9%99-ata-yurdumuz-birl%c9%99sdirir","status":"publish","type":"post","link":"https:\/\/agsaqqallarsurasi.az\/en\/turk-dovl%c9%99tl%c9%99rini-v%c9%99-xalqlarini-ortaq-tariximiz-m%c9%99d%c9%99niyy%c9%99timiz-d%c9%99y%c9%99rl%c9%99rimiz-kecmisimiz-v%c9%99-ata-yurdumuz-birl%c9%99sdirir\/","title":{"rendered":"T\u00fcrk d\u00f6vl\u0259tl\u0259rini v\u0259 xalqlar\u0131n\u0131 ortaq tariximiz, m\u0259d\u0259niyy\u0259timiz, d\u0259y\u0259rl\u0259rimiz, ke\u00e7mi\u015fimiz v\u0259 ata yurdumuz birl\u0259\u015fdirir"},"content":{"rendered":"<p>Bu fikirl\u0259ri Az\u0259rbaycan A\u011fsaqqallar \u015euras\u0131n\u0131n s\u0259dri, mill\u0259t v\u0259kili, professor Eldar Quliyev T\u00fcrkm\u0259nistanda s\u0259f\u0259rd\u0259 olark\u0259n s\u0259sl\u0259ndirib.<br \/>\nX\u0259b\u0259r verdiyimiz kimi, bu yax\u0131nlarda Eldar Quliyevin r\u0259hb\u0259rliyi il\u0259 n\u00fcmay\u0259nd\u0259 hey\u0259ti &#8211; \u015euran\u0131n s\u0259dr m\u00fcavinl\u0259ri, mill\u0259t v\u0259kili, professor Eldar \u0130brahimov v\u0259 professor Vahid Novruzov, h\u0259m\u00e7inin t\u0259\u015fkilat\u0131n Aparat r\u0259hb\u0259ri Ramin H\u0259s\u0259nli T\u00fcrkm\u0259nistan\u0131n sabiq prezidenti v\u0259 T\u00fcrkm\u0259nistan Milli \u015euras\u0131n\u0131n Xalq M\u0259sl\u0259h\u0259tinin s\u0259dri Qurbanqulu Berdim\u0259h\u0259mm\u0259dovun d\u0259v\u0259ti il\u0259 T\u00fcrkm\u0259nistanda i\u015fg\u00fczar s\u0259f\u0259rd\u0259 olublar.<br \/>\nT\u00fcrkm\u0259nistan\u0131n paytaxt\u0131, d\u00fcnyan\u0131n q\u0259dim v\u0259 g\u00f6z\u0259l \u015f\u0259h\u0259rl\u0259rind\u0259n biri olan A\u015fqabadda b\u00f6y\u00fck co\u015fqu il\u0259 qar\u015f\u0131lanan n\u00fcmay\u0259nd\u0259 hey\u0259tinin \u00fczvl\u0259ri s\u0259f\u0259r zaman\u0131 bir s\u0131ra r\u0259smi g\u00f6r\u00fc\u015fl\u0259r ke\u00e7irib, ictimai v\u0259 m\u0259d\u0259ni t\u0259dbirl\u0259rd\u0259 i\u015ftirak edibl\u0259r. T\u00fcrkm\u0259nistan Milli \u015euras\u0131n\u0131n Xalq M\u0259sl\u0259h\u0259ti binas\u0131nda ke\u00e7iril\u0259n geni\u015f iclasda Az\u0259rbaycan Respublikas\u0131n\u0131n Prezidenti c\u0259nab \u0130lham \u018fliyevin v\u0259 xalq\u0131m\u0131z\u0131n s\u0259mimi salamlar\u0131n\u0131 Qurbanqulu Berdim\u0259h\u0259mm\u0259dova v\u0259 qarda\u015f t\u00fcrkm\u0259n xalq\u0131na \u00e7atd\u0131ran Eldar Quliyevin maraql\u0131 \u00e7\u0131x\u0131\u015f\u0131 gurultulu alq\u0131\u015flarla qar\u015f\u0131lan\u0131b. Sonra Eldar Quliyev T\u00fcrkm\u0259nistan v\u0259 Az\u0259rbaycan Respublikalar\u0131 aras\u0131ndak\u0131 dostluq v\u0259 qarda\u015fl\u0131q m\u00fcnasib\u0259tl\u0259rinin m\u00f6hk\u0259ml\u0259ndirilm\u0259sind\u0259ki xidm\u0259tl\u0259rin\u0259 g\u00f6r\u0259 Qurbanqulu Berdim\u0259h\u0259mm\u0259dovu \u201cF\u0259xri A\u011fsaqqal\u201d ordeni il\u0259 t\u0259ltif edib v\u0259 ona T\u00fcrkm\u0259nistan Milli \u015euras\u0131n\u0131n Xalq M\u0259sl\u0259h\u0259tinin s\u0259dri, h\u0259m\u00e7inin T\u00fcrk D\u00f6vl\u0259tl\u0259ri T\u0259\u015fkilat\u0131n\u0131n A\u011fsaqqallar \u015euras\u0131nda T\u00fcrkm\u0259nistan\u0131 t\u0259msil ed\u0259n a\u011fsaqqal kimi g\u0259l\u0259c\u0259k f\u0259aliyy\u0259tind\u0259 u\u011furlar arzulay\u0131b.<br \/>\n\u0130clasdan sonra Qurbanqulu Berdim\u0259h\u0259mm\u0259dov Eldar Quliyevi q\u0259bul edib. G\u00f6r\u00fc\u015f zaman\u0131 bir daha qarda\u015f t\u00fcrkm\u0259n xalq\u0131na s\u00fclh, firavanl\u0131q v\u0259 t\u0259r\u0259qqi arzular\u0131n\u0131 \u00e7atd\u0131ran Eldar Quliyev \u00f6lk\u0259l\u0259rimiz v\u0259 xalqlar\u0131m\u0131z aras\u0131nda m\u0259n\u0259vi d\u0259y\u0259rl\u0259rin qorunmas\u0131ndan, dostluq, qarda\u015fl\u0131q \u0259laq\u0259l\u0259rinin m\u00f6hk\u0259ml\u0259nm\u0259sind\u0259n dan\u0131\u015f\u0131b, m\u00fcnasib\u0259tl\u0259rimizin g\u0259l\u0259c\u0259kd\u0259 daha da inki\u015faf ed\u0259c\u0259yin\u0259 \u0259minliyini bildirib. O, M\u00fcz\u0259ff\u0259r Ali Ba\u015f Komandan \u0130lham \u018fliyevin r\u0259hb\u0259rliyi alt\u0131nda \u015fanl\u0131 Ordumuzun qazand\u0131\u011f\u0131 m\u00f6ht\u0259\u015f\u0259m Z\u0259f\u0259r n\u0259tic\u0259sind\u0259 d\u0259d\u0259-baba torpaqlar\u0131m\u0131z\u0131n i\u015f\u011faldan azad olunmas\u0131ndan v\u0259 hal-haz\u0131rda h\u0259min torpaqlarda b\u00f6y\u00fck v\u00fcs\u0259tl\u0259 quruculuq i\u015fl\u0259rinin getm\u0259sind\u0259n b\u0259hs ed\u0259r\u0259k h\u0259r zaman oldu\u011fu kimi \u00e7\u0259tin g\u00fcnl\u0259rimizd\u0259 d\u0259 qarda\u015f T\u00fcrkm\u0259nistan\u0131n Az\u0259rbaycan\u0131 d\u0259st\u0259kl\u0259diyi \u00fc\u00e7\u00fcn \u00f6z minnn\u0259tdarl\u0131\u011f\u0131n\u0131 ifad\u0259 edib. T\u00fcrk d\u00f6vl\u0259tl\u0259rini v\u0259 xalqlar\u0131n\u0131 ortaq tariximizin, m\u0259d\u0259niyy\u0259timizin, d\u0259y\u0259rl\u0259rimizin, ke\u00e7mi\u015fimizin v\u0259 ata yurdumuzun birl\u0259\u015fdirdiyini vur\u011fulayan Eldar Quliyev Az\u0259rbaycan &#8211; T\u00fcrkm\u0259nistan m\u00fcnasib\u0259tl\u0259rinin inki\u015faf etdirilm\u0259sind\u0259 d\u00f6vl\u0259t ba\u015f\u00e7\u0131lar\u0131n\u0131n h\u0259yata ke\u00e7irdiyi u\u011furlu qarda\u015fl\u0131q, dostluq siyas\u0259tini x\u00fcsusi qeyd edib.<br \/>\n\u00d6z nitqind\u0259 Eldar Quliyev a\u011fsaqqallar\u0131n T\u00fcrkm\u0259nistanda oldu\u011fu kimi Az\u0259rbaycanda da b\u00f6y\u00fck n\u00fcfuz v\u0259 h\u00f6rm\u0259t sahibi olmalar\u0131ndan b\u0259hs edib. O vur\u011fulay\u0131b ki, a\u011fsaqqallara h\u0259r zaman y\u00fcks\u0259k qiym\u0259t ver\u0259n, onlar\u0131 \u201cmilli-m\u0259n\u0259vi d\u0259y\u0259rl\u0259rimizin q\u0131z\u0131l fondu\u201d adland\u0131ran ulu \u00f6nd\u0259rimiz Heyd\u0259r \u018fliyevin daxili v\u0259 xarici siyas\u0259tini u\u011furla davam etdir\u0259n d\u00f6vl\u0259t ba\u015f\u00e7\u0131s\u0131 c\u0259nab \u0130lham \u018fliyev v\u0259 Az\u0259rbaycan Respublikas\u0131n\u0131n Birinci vitse-prezidenti Mehriban xan\u0131m \u018fliyeva \u00f6lk\u0259 a\u011fsaqqallar\u0131 il\u0259 yana\u015f\u0131, b\u00fct\u00fcn ah\u0131llara, qazil\u0259r\u0259, \u015f\u0259hid ail\u0259l\u0259rin\u0259 v\u0259 \u0259halinin dig\u0259r h\u0259ssas t\u0259b\u0259q\u0259l\u0259rin\u0259 x\u00fcsusi diqq\u0259t v\u0259 qay\u011f\u0131 g\u00f6st\u0259rirl\u0259r.<br \/>\nT\u00fcrkm\u0259nistan\u0131n sabiq prezidenti v\u0259 T\u00fcrkm\u0259nistan Milli \u015euras\u0131n\u0131n Xalq M\u0259sl\u0259h\u0259tinin s\u0259dri Qurbanqulu Berdim\u0259h\u0259mm\u0259dov f\u0259aliyy\u0259tinin y\u00fcks\u0259k d\u0259y\u0259rl\u0259ndirildiyi v\u0259 onun \u201cF\u0259xri A\u011fsaqqal\u201d ordeni il\u0259 t\u0259ltif edildiyi \u00fc\u00e7\u00fcn Az\u0259rbaycan Respublikas\u0131n\u0131n Prezidenti c\u0259nab \u0130lham \u018fliyev\u0259, xalq\u0131m\u0131za, o c\u00fcml\u0259d\u0259n a\u011fsaqqallara bir daha \u00f6z t\u0259\u015f\u0259kk\u00fcr\u00fcn\u00fc bildir\u0259r\u0259k \u00f6lk\u0259l\u0259rimiz aras\u0131nda ikit\u0259r\u0259fli m\u00fcnasib\u0259tl\u0259rin geni\u015fl\u0259ndirilm\u0259si, o c\u00fcml\u0259d\u0259n iqtisadi v\u0259 m\u0259d\u0259ni \u0259laq\u0259l\u0259rin inki\u015faf etdirilm\u0259si istiqam\u0259tind\u0259 bir s\u0131ra m\u00fch\u00fcm add\u0131mlar\u0131n at\u0131ld\u0131\u011f\u0131n\u0131 qeyd edib. Vur\u011fulay\u0131b ki, g\u0259l\u0259c\u0259kd\u0259 d\u0259 h\u0259r bir sah\u0259d\u0259, o c\u00fcml\u0259d\u0259n a\u011fsaqqallar \u015furas\u0131 aras\u0131nda bu qa\u015f\u0131l\u0131ql\u0131 faydal\u0131 \u0259m\u0259kda\u015fl\u0131q s\u0259m\u0259r\u0259li v\u0259 y\u00fcks\u0259k s\u0259viyy\u0259d\u0259 davam etdiril\u0259c\u0259kdir.<br \/>\nAx\u015fam s\u0259f\u0259r boyunca y\u00fcks\u0259k qonaqp\u0259rv\u0259rlikl\u0259, diqq\u0259t v\u0259 qay\u011f\u0131 il\u0259 \u0259hat\u0259 olunan Az\u0259rbaycan n\u00fcmay\u0259nd\u0259 hey\u0259tinin \u015f\u0259r\u0259fin\u0259 r\u0259smi ziyaf\u0259t verilib. Ziyaf\u0259td\u0259n sonra hey\u0259t \u00fczvl\u0259ri T\u00fcrkm\u0259nistan Dram Teatr\u0131nda Qurbanqulu Berdim\u0259h\u0259mm\u0259dovun \u0259s\u0259ri \u0259sas\u0131nda haz\u0131rlanan tama\u015fada i\u015ftirak edibl\u0259r.<br \/>\nS\u0259f\u0259r \u00e7\u0259r\u00e7iv\u0259sind\u0259 Eldar Quliyev T\u00fcrkm\u0259nistan Respublikas\u0131n\u0131n Xarici i\u015fl\u0259r naziri R\u0259\u015fid Meredovla v\u0259 dig\u0259r r\u0259smi \u015f\u0259xsl\u0259rl\u0259 d\u0259 g\u00f6r\u00fc\u015f\u00fcb. H\u0259m\u00e7inin n\u00fcmay\u0259nd\u0259 hey\u0259ti Az\u0259rbaycan\u0131n T\u00fcrkm\u0259nistandak\u0131 s\u0259firi H\u0259s\u0259n Zeynalovla birlikd\u0259 yeni istifad\u0259y\u0259 verilmi\u015f s\u0259firlik binas\u0131nda da olublar.<br \/>\nAz\u0259rbaycana qay\u0131td\u0131qdan sonra T\u00fcrkm\u0259nistana s\u0259f\u0259rl\u0259 ba\u011fl\u0131 xo\u015f t\u0259\u0259ss\u00fcratlar\u0131n\u0131 b\u00f6l\u00fc\u015f\u0259n Respublika A\u011fsaqqallar \u015euras\u0131n\u0131n s\u0259dri, mill\u0259t v\u0259kili, professor Eldar Quliyev \u00f6lk\u0259l\u0259rimiz, xalqlar\u0131m\u0131z aras\u0131nda inki\u015faf etm\u0259kd\u0259 olan s\u0259mimi m\u00fcnasib\u0259tl\u0259rd\u0259n m\u0259mnunluq hissi ke\u00e7irdiyini bildirib.<\/p>\n","protected":false},"excerpt":{"rendered":"<p>Bu fikirl\u0259ri Az\u0259rbaycan A\u011fsaqqallar \u015euras\u0131n\u0131n s\u0259dri, mill\u0259t v\u0259kili, professor Eldar Quliyev T\u00fcrkm\u0259nistanda s\u0259f\u0259rd\u0259 olark\u0259n s\u0259sl\u0259ndirib. X\u0259b\u0259r verdiyimiz kimi, bu yax\u0131nlarda<\/p>\n","protected":false},"author":1,"featured_media":1026,"comment_status":"open","ping_status":"open","sticky":false,"template":"","format":"standard","meta":{"cybocfi_hide_featured_image":""},"categories":[24],"tags":[],"_links":{"self":[{"href":"https:\/\/agsaqqallarsurasi.az\/en\/wp-json\/wp\/v2\/posts\/1025"}],"collection":[{"href":"https:\/\/agsaqqallarsurasi.az\/en\/wp-json\/wp\/v2\/posts"}],"about":[{"href":"https:\/\/agsaqqallarsurasi.az\/en\/wp-json\/wp\/v2\/types\/post"}],"author":[{"embeddable":true,"href":"https:\/\/agsaqqallarsurasi.az\/en\/wp-json\/wp\/v2\/users\/1"}],"replies":[{"embeddable":true,"href":"https:\/\/agsaqqallarsurasi.az\/en\/wp-json\/wp\/v2\/comments?post=1025"}],"version-history":[{"count":2,"href":"https:\/\/agsaqqallarsurasi.az\/en\/wp-json\/wp\/v2\/posts\/1025\/revisions"}],"predecessor-version":[{"id":1152,"href":"https:\/\/agsaqqallarsurasi.az\/en\/wp-json\/wp\/v2\/posts\/1025\/revisions\/1152"}],"wp:featuredmedia":[{"embeddable":true,"href":"https:\/\/agsaqqallarsurasi.az\/en\/wp-json\/wp\/v2\/media\/1026"}],"wp:attachment":[{"href":"https:\/\/agsaqqallarsurasi.az\/en\/wp-json\/wp\/v2\/media?parent=1025"}],"wp:term":[{"taxonomy":"category","embeddable":true,"href":"https:\/\/agsaqqallarsurasi.az\/en\/wp-json\/wp\/v2\/categories?post=1025"},{"taxonomy":"post_tag","embeddable":true,"href":"https:\/\/agsaqqallarsurasi.az\/en\/wp-json\/wp\/v2\/tags?post=1025"}],"curies":[{"name":"wp","href":"https:\/\/api.w.org\/{rel}","templated":true}]}}