{"id":1126,"date":"2022-05-26T17:05:10","date_gmt":"2022-05-26T13:05:10","guid":{"rendered":"https:\/\/agsaqqallarsurasi.az\/?p=1126"},"modified":"2022-05-27T10:37:16","modified_gmt":"2022-05-27T06:37:16","slug":"az%c9%99rbaycan-agsaqqallar-surasinin-s%c9%99dri-turkiy%c9%99nin-nufuzlu-ictimai-siyasi-xadiml%c9%99ri-il%c9%99-gorusub","status":"publish","type":"post","link":"https:\/\/agsaqqallarsurasi.az\/en\/az%c9%99rbaycan-agsaqqallar-surasinin-s%c9%99dri-turkiy%c9%99nin-nufuzlu-ictimai-siyasi-xadiml%c9%99ri-il%c9%99-gorusub\/","title":{"rendered":"Az\u0259rbaycan A\u011fsaqqallar \u015euras\u0131n\u0131n s\u0259dri T\u00fcrkiy\u0259nin  n\u00fcfuzlu ictimai-siyasi xadiml\u0259ri  il\u0259 g\u00f6r\u00fc\u015f\u00fcb"},"content":{"rendered":"<p>T\u00fcrkiy\u0259nin n\u00fcfuzlu ictimai-siyasi xadiml\u0259ri \u2013 T\u00dcRKPA-n\u0131n H\u00fcquq i\u015fl\u0259ri v\u0259 beyn\u0259lxalq m\u00fcnasib\u0259tl\u0259r komissiyas\u0131n\u0131n s\u0259dri, T\u00fcrkiy\u0259 B\u00f6y\u00fck Mill\u0259t M\u0259clisinin \u00fczv\u00fc Erol Kaya, mill\u0259t v\u0259kill\u0259ri Y\u00fcks\u0259l \u00d6zkan, R\u0259c\u0259b \u015e\u0259k\u0259r v\u0259 qarda\u015f \u00f6lk\u0259nin Ba\u015f ombudsman\u0131 \u015e\u0259r\u0259f Malko\u00e7 Az\u0259rbaycan A\u011fsaqqallar \u015euras\u0131n\u0131n qona\u011f\u0131 olublar.<br \/>\nG\u00f6r\u00fc\u015fd\u0259 Az\u0259rbaycan A\u011fsaqqallar \u015euras\u0131n\u0131n s\u0259dri, mill\u0259t v\u0259kili, professor Eldar Quliyevl\u0259 yana\u015f\u0131 s\u0259drin birinci m\u00fcavini, akademik \u018fhliman \u018fmiraslanov, s\u0259dr m\u00fcavinl\u0259ri, mill\u0259t v\u0259kili, professor Eldar \u0130brahimov, professor Elmira S\u00fcleymanova, Tahir S\u00fcleymanov, h\u0259m\u00e7inin Aparat r\u0259hb\u0259ri Ramin H\u0259s\u0259nli, Az\u0259rbaycan Respublikas\u0131n\u0131n \u0130nsan H\u00fcquqlar\u0131 \u00fczr\u0259 M\u00fcv\u0259kkili (Ombudsman) S\u0259bin\u0259 \u018fliyeva v\u0259 dig\u0259r qonaqlar i\u015ftirak edibl\u0259r.<br \/>\nG\u00f6r\u00fc\u015f zaman\u0131 qar\u015f\u0131dan g\u0259l\u0259n 28 May &#8211; M\u00fcst\u0259qillik G\u00fcn\u00fc il\u0259 \u0259laq\u0259dar h\u0259r k\u0259si t\u0259brik ed\u0259n Eldar Quliyev \u015euran\u0131n f\u0259aliyy\u0259ti bar\u0259d\u0259 m\u0259lumat ver\u0259r\u0259k son zamanlarda n\u00fcmay\u0259nd\u0259 hey\u0259ti il\u0259 birg\u0259 h\u0259yata ke\u00e7iril\u0259n T\u00fcrkiy\u0259 v\u0259 T\u00fcrkm\u0259nistan s\u0259f\u0259rl\u0259ri haqq\u0131nda t\u0259\u0259s\u00fcratlar\u0131n\u0131 b\u00f6l\u00fc\u015f\u00fcb. S\u0259f\u0259r \u00e7\u0259r\u00e7iv\u0259sind\u0259 T\u00fcrk D\u00f6vl\u0259tl\u0259ri T\u0259\u015fkilat\u0131 A\u011fsaqqallar \u015euras\u0131n\u0131n s\u0259dri, T\u00fcrkiy\u0259nin sabiq Ba\u015f naziri, \u018fdal\u0259t v\u0259 \u0130nki\u015faf Partiyas\u0131n\u0131n s\u0259dr m\u00fcavini Bin\u0259li Y\u0131ld\u0131r\u0131mla, \u00a0T\u00fcrkm\u0259nistan\u0131n sabiq prezidenti v\u0259 T\u00fcrkm\u0259nistan Milli \u015euras\u0131n\u0131n Xalq M\u0259sl\u0259h\u0259tinin s\u0259dri Qurbanqulu Berdim\u0259h\u0259mm\u0259dovla v\u0259 dig\u0259r n\u00fcfuzlu \u015f\u0259xsl\u0259rl\u0259 ke\u00e7irilmi\u015f s\u0259m\u0259r\u0259li v\u0259 maraql\u0131 g\u00f6r\u00fc\u015fl\u0259rd\u0259n b\u0259hs edib. \u0130dar\u0259 Hey\u0259tinin q\u0259rar\u0131 il\u0259 Qurbanqulu Berdim\u0259h\u0259mmodovun \u201cF\u0259xri A\u011fsaqqal\u201d ordeni il\u0259 t\u0259ltif olundu\u011funu diqq\u0259t\u0259 \u00e7atd\u0131r\u0131b. T\u00fcrkiy\u0259 v\u0259 Az\u0259rbaycan\u0131, h\u0259m\u00e7inin b\u00fct\u00fcn t\u00fcrkdilli \u00f6lk\u0259l\u0259ri ayr\u0131lmaz dostluq v\u0259 qarda\u015fl\u0131q \u0259laq\u0259l\u0259rinin birl\u0259\u015fdirdiyini qeyd ed\u0259n Eldar Quliyev ulu \u00f6nd\u0259r Heyd\u0259r \u018fliyevin tarix\u0259 d\u00fc\u015f\u0259n \u201c\u0130ki d\u00f6vl\u0259t, bir mill\u0259t\u201d fikrini s\u0259f\u0259rd\u0259 olark\u0259n h\u0259m d\u0259 \u201cAlt\u0131 d\u00f6vl\u0259t, bir mill\u0259t\u201d kimi q\u00fcrurla s\u0259sl\u0259ndirdiyini bildirib. O, 44 g\u00fcnl\u00fck V\u0259t\u0259n m\u00fcharib\u0259sind\u0259 b\u00fct\u00fcn T\u00fcrkiy\u0259nin Az\u0259rbaycana g\u00f6st\u0259rdiyi d\u0259st\u0259yin xalq\u0131m\u0131z t\u0259r\u0259find\u0259n \u00e7ox y\u00fcks\u0259k d\u0259y\u0259rl\u0259ndirildiyini vur\u011fulay\u0131b. D\u00f6vl\u0259t ba\u015f\u00e7\u0131s\u0131 c\u0259nab \u0130lham \u018fliyevin r\u0259hb\u0259rliyi alt\u0131nda \u00f6lk\u0259mizd\u0259 apar\u0131lan u\u011furlu inki\u015faf siyas\u0259tind\u0259n dan\u0131\u015fan Eldar Quliyev Az\u0259rbaycan A\u011fsaqqallar \u015euras\u0131n\u0131n v\u0259 onun yerli t\u0259\u015fkilatlar\u0131n\u0131n g\u00f6rd\u00fcy\u00fc dig\u0259r i\u015fl\u0259r bar\u0259sind\u0259 d\u0259 qonaqlara \u0259trafl\u0131 m\u0259lumat verib.<br \/>\n\u00d6z \u00e7\u0131x\u0131\u015flar\u0131nda g\u00f6st\u0259ril\u0259n diqq\u0259t\u0259 g\u00f6r\u0259 minn\u0259tdarl\u0131qlar\u0131n\u0131 bildir\u0259n Erol Kaya, Y\u00fcks\u0259l \u00d6zkan, R\u0259c\u0259b \u015e\u0259k\u0259r v\u0259 \u015e\u0259r\u0259f Malko\u00e7 Bak\u0131da i\u015ftirak etdikl\u0259ri \u00a0\u201cTEKNOFEST Az\u0259rbaycan\u201d festival\u0131ndan b\u0259hs ed\u0259r\u0259k bu kimi m\u00f6ht\u0259\u015f\u0259m t\u0259dbirl\u0259rin iki qarda\u015f \u00f6lk\u0259 aras\u0131nda b\u00fct\u00fcn sah\u0259l\u0259r \u00fczr\u0259 daha s\u0131x \u0259laq\u0259l\u0259rin yaranmas\u0131na b\u00f6y\u00fck t\u0259kan verdiyini vur\u011fulay\u0131blar. Onlar da, \u00f6z n\u00f6vb\u0259l\u0259rind\u0259, 28 May &#8211; M\u00fcst\u0259qillik G\u00fcn\u00fc il\u0259 ba\u011fl\u0131 s\u0259mimi t\u0259brikl\u0259rini b\u00f6l\u00fc\u015f\u0259r\u0259k, Mustafa Kamal Atat\u00fcrk\u00fcn \u201cAz\u0259rbaycan\u0131n sevinci bizim sevincimiz, k\u0259d\u0259ri bizim k\u0259d\u0259rimizdir\u201d k\u0259lam\u0131n\u0131 vur\u011fulay\u0131blar. V\u0259t\u0259n m\u00fcharib\u0259sind\u0259 h\u0259r iki d\u00f6vl\u0259tin n\u00fcmayi\u015f etdirdiyi qarda\u015fl\u0131q m\u00fcnasib\u0259tin\u0259 toxunan natiql\u0259r qazan\u0131lan b\u00f6y\u00fck Z\u0259f\u0259rin b\u00fct\u00fcn t\u00fcrk d\u00fcnyas\u0131na aid oldu\u011funu f\u0259xrl\u0259 bildiribl\u0259r. H\u0259r \u015feyin a\u011f\u0131la, a\u011f\u0131l\u0131n is\u0259 t\u0259cr\u00fcb\u0259y\u0259 m\u00f6htac oldu\u011funu qeyd ed\u0259n natiql\u0259r bu bax\u0131mdan b\u00fct\u00fcn c\u0259miyy\u0259tl\u0259rd\u0259 a\u011fsaqqallara h\u0259mi\u015f\u0259 b\u00f6y\u00fck ehtiyac duyuldu\u011funu diqq\u0259t\u0259 \u00e7atd\u0131r\u0131blar. \u018fmin olduqlar\u0131n\u0131 bildiribl\u0259r ki, Az\u0259rbaycan a\u011fsaqqallar\u0131 \u00fcz\u0259rl\u0259rin\u0259 d\u00fc\u015f\u0259n b\u00fct\u00fcn v\u0259zif\u0259l\u0259rin \u00f6hd\u0259sind\u0259n layiqinc\u0259 g\u0259lirl\u0259r.<br \/>\nDaha sonra \u00e7\u0131x\u0131\u015f ed\u0259n Az\u0259rbaycan A\u011fsaqqallar \u015euras\u0131 s\u0259drinin birinci m\u00fcavini, akademik \u018fhliman \u018fmiraslanov, Ombudsman S\u0259bin\u0259 \u018fliyeva v\u0259 dig\u0259r natiql\u0259r bu c\u00fcr h\u00f6rm\u0259tli v\u0259 d\u0259y\u0259rli qonaqlarla Az\u0259rbaycanda g\u00f6r\u00fc\u015fd\u00fckl\u0259ri \u00fc\u00e7\u00fcn m\u0259mnunluqlar\u0131n\u0131 ifad\u0259 ed\u0259r\u0259k, insanlar\u0131m\u0131z v\u0259 d\u00f6vl\u0259tl\u0259rimiz aras\u0131ndak\u0131 bu sars\u0131lmaz k\u00f6rp\u00fcn\u00fc, dostluq v\u0259 qarda\u015fl\u0131q \u0259laq\u0259l\u0259rini qoruma\u011f\u0131n v\u0259 daha da inki\u015faf etdirm\u0259yin vacibliyini vur\u011fulay\u0131blar.<br \/>\nQar\u015f\u0131l\u0131ql\u0131 xatir\u0259 h\u0259diyy\u0259l\u0259ri t\u0259qdim edildikd\u0259n sonra g\u00f6r\u00fc\u015f \u00e7ay s\u00fcfr\u0259si arxas\u0131nda davam etdirilib.<br \/>\nSonda qonaqlarla birg\u0259 xatir\u0259 \u015f\u0259kli \u00e7\u0259kdirilib.<\/p>\n","protected":false},"excerpt":{"rendered":"<p>T\u00fcrkiy\u0259nin n\u00fcfuzlu ictimai-siyasi xadiml\u0259ri \u2013 T\u00dcRKPA-n\u0131n H\u00fcquq i\u015fl\u0259ri v\u0259 beyn\u0259lxalq m\u00fcnasib\u0259tl\u0259r komissiyas\u0131n\u0131n s\u0259dri, T\u00fcrkiy\u0259 B\u00f6y\u00fck Mill\u0259t M\u0259clisinin \u00fczv\u00fc Erol Kaya,<\/p>\n","protected":false},"author":1,"featured_media":1134,"comment_status":"open","ping_status":"open","sticky":false,"template":"","format":"standard","meta":{"cybocfi_hide_featured_image":""},"categories":[24],"tags":[],"_links":{"self":[{"href":"https:\/\/agsaqqallarsurasi.az\/en\/wp-json\/wp\/v2\/posts\/1126"}],"collection":[{"href":"https:\/\/agsaqqallarsurasi.az\/en\/wp-json\/wp\/v2\/posts"}],"about":[{"href":"https:\/\/agsaqqallarsurasi.az\/en\/wp-json\/wp\/v2\/types\/post"}],"author":[{"embeddable":true,"href":"https:\/\/agsaqqallarsurasi.az\/en\/wp-json\/wp\/v2\/users\/1"}],"replies":[{"embeddable":true,"href":"https:\/\/agsaqqallarsurasi.az\/en\/wp-json\/wp\/v2\/comments?post=1126"}],"version-history":[{"count":1,"href":"https:\/\/agsaqqallarsurasi.az\/en\/wp-json\/wp\/v2\/posts\/1126\/revisions"}],"predecessor-version":[{"id":1143,"href":"https:\/\/agsaqqallarsurasi.az\/en\/wp-json\/wp\/v2\/posts\/1126\/revisions\/1143"}],"wp:featuredmedia":[{"embeddable":true,"href":"https:\/\/agsaqqallarsurasi.az\/en\/wp-json\/wp\/v2\/media\/1134"}],"wp:attachment":[{"href":"https:\/\/agsaqqallarsurasi.az\/en\/wp-json\/wp\/v2\/media?parent=1126"}],"wp:term":[{"taxonomy":"category","embeddable":true,"href":"https:\/\/agsaqqallarsurasi.az\/en\/wp-json\/wp\/v2\/categories?post=1126"},{"taxonomy":"post_tag","embeddable":true,"href":"https:\/\/agsaqqallarsurasi.az\/en\/wp-json\/wp\/v2\/tags?post=1126"}],"curies":[{"name":"wp","href":"https:\/\/api.w.org\/{rel}","templated":true}]}}