{"id":1158,"date":"2022-05-28T14:04:18","date_gmt":"2022-05-28T10:04:18","guid":{"rendered":"https:\/\/agsaqqallarsurasi.az\/?p=1158"},"modified":"2022-05-29T14:14:38","modified_gmt":"2022-05-29T10:14:38","slug":"1158-2","status":"publish","type":"post","link":"https:\/\/agsaqqallarsurasi.az\/en\/1158-2\/","title":{"rendered":"Yard\u0131ml\u0131 Rayon A\u011fsaqqallar \u015euras\u0131na yeni s\u0259dr se\u00e7ilib"},"content":{"rendered":"<p><!--more-->May ay\u0131n\u0131n 27-d\u0259 Yard\u0131ml\u0131 Rayon A\u011fsaqqallar \u015euras\u0131n\u0131n 28 May \u2013 M\u00fcst\u0259qillik G\u00fcn\u00fcn\u0259 h\u0259sr edilmi\u015f konfrans\u0131 ke\u00e7irilib.<\/p>\n<p>Konfransda Az\u0259rbaycan A\u011fsaqqallar \u015euras\u0131 s\u0259drinin m\u00fcavini, professor Elmira S\u00fcleymanova, Yard\u0131ml\u0131 Rayon \u0130cra Hakimiyy\u0259tinin ba\u015f\u00e7\u0131s\u0131 Ayaz \u018fsg\u0259rov, Az\u0259rbaycan A\u011fsaqqallar \u015euras\u0131n\u0131n M\u0259tbuat katibi Rafiq Rzayev, Yard\u0131ml\u0131 Rayon A\u011fsaqqallar \u015euras\u0131n\u0131n \u00fczvl\u0259ri, \u015f\u0259hid valideynl\u0259ri, o c\u00fcml\u0259d\u0259n rayon \u0259halisinin dig\u0259r n\u00fcmay\u0259nd\u0259l\u0259ri i\u015ftirak edibl\u0259r.<br \/>\n\u018fvv\u0259lc\u0259 t\u0259dbir i\u015ftirak\u00e7\u0131lar\u0131 \u00fcmummilli lider Heyd\u0259r \u018fliyevin abid\u0259sini ziyar\u0259t ed\u0259r\u0259k \u00f6n\u00fcn\u0259 g\u00fcl d\u0259st\u0259l\u0259ri d\u00fcz\u00fcbl\u0259r. Daha sonra rayonun \u015e\u0259hidl\u0259r Xiyaban\u0131nda Yard\u0131ml\u0131 \u015f\u0259hidl\u0259rl\u0259rinin xatir\u0259sini b\u00f6y\u00fck ehtiramla yad ed\u0259r\u0259k, onlar\u0131n ruhlar\u0131na dualar oxuyublar.<br \/>\nKonfransda Az\u0259rbaycan\u0131n suverenliyi v\u0259 \u0259razi b\u00fct\u00f6vl\u00fcy\u00fc u\u011frunda \u015f\u0259hid olanlar\u0131n v\u0259 Yard\u0131ml\u0131 Rayon A\u011fsaqqallar \u015euras\u0131n\u0131n m\u0259rhum s\u0259dri M\u0259zlum M\u0259nsimovun xatir\u0259si bir d\u0259qiq\u0259lik s\u00fckutla yad olunub.<br \/>\nYard\u0131ml\u0131 Rayon \u0130cra Hakimiyy\u0259tinin ba\u015f\u00e7\u0131s\u0131 Ayaz \u018fsg\u0259rov Az\u0259rbaycan A\u011fsaqqallar \u015euras\u0131 s\u0259drinin m\u00fcavini, professor Elmira S\u00fcleymanovan\u0131 v\u0259 b\u00fct\u00fcn t\u0259dbir i\u015ftirak\u00e7\u0131lar\u0131n\u0131 salamlayaraq, onlar\u0131 28 May \u2013 M\u00fcst\u0259qillik G\u00fcn\u00fc m\u00fcnasib\u0259til\u0259 t\u0259brik edib. M\u00fcst\u0259qilliyimizin 1918-ci ilin may ay\u0131ndan 1920-ci ilin aprel ay\u0131na q\u0259d\u0259r davam ed\u0259n 23 ayl\u0131q q\u0131sa d\u00f6vr\u00fc \u0259rzind\u0259 g\u00f6r\u00fcl\u0259n b\u00f6y\u00fck i\u015fl\u0259rd\u0259n s\u00f6hb\u0259t a\u00e7an natiq Az\u0259rbaycan m\u00fcst\u0259qilliyinin r\u0259mzi olan bayra\u011f\u0131m\u0131z\u0131n n\u00f6vb\u0259ti d\u0259f\u0259 ulu \u00f6nd\u0259r Heyd\u0259r \u018fliyev t\u0259r\u0259find\u0259n Nax\u00e7\u0131vanda qald\u0131r\u0131ld\u0131\u011f\u0131n\u0131 vur\u011fulay\u0131b. Bu g\u00fcn m\u00fcst\u0259qilliyimizin etibarl\u0131 \u0259ll\u0259rd\u0259 oldu\u011funu qeyd ed\u0259n Ayaz \u018fsg\u0259rov Az\u0259rbaycan Respublikas\u0131n\u0131n Prezidenti c\u0259nab \u0130lham \u018fliyevin r\u0259hb\u0259rliyi alt\u0131nda qazan\u0131lan b\u00f6y\u00fck Z\u0259f\u0259rd\u0259n, \u00f6lk\u0259mizd\u0259 ged\u0259n sosial-iqtisadi t\u0259r\u0259qqid\u0259n v\u0259 dig\u0259r m\u0259s\u0259l\u0259l\u0259rd\u0259n b\u0259hs edib. Bildirib ki, \u00f6z f\u0259all\u0131qlar\u0131 il\u0259 se\u00e7il\u0259n Yard\u0131ml\u0131 a\u011fsaqqallar\u0131, h\u0259r zaman oldu\u011fu kimi, V\u0259t\u0259n m\u00fcharib\u0259si v\u0259 pandemiya d\u00f6vr\u00fcnd\u0259 d\u0259 daim rayon \u0259halisin\u0259 m\u0259n\u0259vi d\u0259st\u0259k olublar.<br \/>\nYard\u0131ml\u0131 Rayon A\u011fsaqqallar \u015euras\u0131n\u0131n s\u0259dr m\u00fcavini Etibar \u018fm\u0259\u015fovun t\u0259\u015fkilat\u0131n son bir illik f\u0259aliyy\u0259ti il\u0259 ba\u011fl\u0131 hesabat m\u0259ruz\u0259si dinl\u0259nilib. M\u0259ruz\u0259d\u0259 deyilib ki, Rayon A\u011fsaqqallar \u015euras\u0131 \u00f6t\u0259n hesabat d\u00f6vr\u00fcnd\u0259 f\u0259aliyy\u0259tl\u0259rini \u018fsasnam\u0259 v\u0259 Nizamnam\u0259 \u0259sas\u0131nda \u0130llik \u0130\u015f plan\u0131na uy\u011fun quraraq d\u00f6vl\u0259timizin u\u011furlu siyas\u0259tini \u0259hali aras\u0131nda t\u0259bli\u011f edib, milli-m\u0259n\u0259vi d\u0259y\u0259rl\u0259rin qorunmas\u0131na, g\u0259ncl\u0259rin v\u0259t\u0259np\u0259rv\u0259rlik ruhunda t\u0259rbiy\u0259 olunmas\u0131na v\u0259 dig\u0259r vacib m\u0259s\u0259l\u0259l\u0259r\u0259 x\u00fcsusi diqq\u0259t yetirib. Hesabat d\u00f6vr\u00fcnd\u0259 ke\u00e7irilmi\u015f y\u0131\u011f\u0131ncaqlardan, m\u00fczakir\u0259 edilmi\u015f probleml\u0259rd\u0259n, h\u0259m\u00e7inin \u015f\u0259hid ail\u0259l\u0259ri v\u0259 qazil\u0259rl\u0259 t\u0259\u015fkil olunan g\u00f6r\u00fc\u015fl\u0259rd\u0259n b\u0259hs edilib. Vur\u011fulan\u0131b ki, a\u011fsaqqallar \u015furas\u0131n\u0131n f\u0259aliyy\u0259tin\u0259 rayon r\u0259hb\u0259rliyi t\u0259r\u0259find\u0259n h\u0259r c\u00fcr \u015f\u0259rait v\u0259 d\u0259st\u0259k t\u0259min olunub.<br \/>\nSonra t\u0259\u015fkilati m\u0259s\u0259l\u0259l\u0259r m\u00fczakir\u0259y\u0259 \u00e7\u0131xar\u0131l\u0131b. Rayon A\u011fsaqqallar \u015euras\u0131n\u0131n \u0130dar\u0259 Hey\u0259tin\u0259 yeni \u00fczvl\u0259rin namiz\u0259dliyi s\u0259s\u0259 qoyulub v\u0259 7 n\u0259f\u0259rd\u0259n ibar\u0259t t\u0259rkib formala\u015fd\u0131r\u0131l\u0131b. Konfransda, h\u0259m\u00e7inin, s\u0259dr m\u00fcavini Etibar \u018fm\u0259\u015fovun \u015furadak\u0131 u\u011furlu f\u0259aliyy\u0259ti n\u0259z\u0259r\u0259 al\u0131naraq s\u0259dr v\u0259zif\u0259sin\u0259 namiz\u0259dliyi ir\u0259li s\u00fcr\u00fcl\u00fcb v\u0259 o, a\u00e7\u0131q s\u0259sverm\u0259 yolu il\u0259 Yard\u0131ml\u0131 Rayon A\u011fsaqqallar \u015euras\u0131n\u0131n s\u0259dri se\u00e7ilib.<br \/>\nAz\u0259rbaycan A\u011fsaqqallar \u015euras\u0131 s\u0259drinin m\u00fcavini, professor Elmira S\u00fcleymanova \u015euran\u0131n s\u0259dri, mill\u0259t v\u0259kili, professor Eldar Quliyevin s\u0259mimi salamlar\u0131n\u0131 t\u0259dbir i\u015ftirak\u00e7\u0131lar\u0131na \u00e7atd\u0131rd\u0131qdan sonra Yard\u0131ml\u0131 Rayon A\u011fsaqqallar \u015euras\u0131n\u0131n yeni se\u00e7il\u0259n s\u0259drini v\u0259 \u0130dar\u0259 Hey\u0259tinin \u00fczvl\u0259rini t\u0259brik edib, g\u0259l\u0259c\u0259k f\u0259aliyy\u0259tl\u0259rind\u0259 onlara u\u011furlar dil\u0259yib. Konfrans\u0131n xalq\u0131m\u0131z\u0131n \u0259n b\u00f6y\u00fck s\u0259rv\u0259tl\u0259rind\u0259n olan M\u00fcst\u0259qillik G\u00fcn\u00fcn\u0259 h\u0259sr edildiyini xat\u0131rladan v\u0259 h\u0259r bir k\u0259si m\u00fcs\u0259lman \u015e\u0259rqind\u0259 ilk demokratik respublika olan Az\u0259rbaycan Xalq C\u00fcmhuriyy\u0259tinin yarad\u0131lmas\u0131n\u0131n 104-c\u00fc ild\u00f6n\u00fcm\u00fc m\u00fcnasib\u0259til\u0259 t\u0259brik ed\u0259n Elmira xan\u0131m qeyd edib ki, may ay\u0131 Az\u0259rbaycan xalq\u0131 \u00fc\u00e7\u00fcn tarixi \u0259h\u0259miyy\u0259t k\u0259sb ed\u0259n \u0259lam\u0259tdar g\u00fcnl\u0259rl\u0259 z\u0259ngindir: ay\u0131n \u0259vv\u0259lind\u0259 b\u00fct\u00fcn m\u00fcs\u0259lman al\u0259minin \u0259n m\u00fcq\u0259dd\u0259s v\u0259 \u0259ziz bayramlar\u0131ndan olan Ramazan bayram\u0131, 9 May &#8211; fa\u015fizm \u00fcz\u0259rind\u0259 \u0259ld\u0259 edil\u0259n Q\u0259l\u0259b\u0259 g\u00fcn\u00fc, 10 May \u2013 Az\u0259rbaycan\u0131m\u0131z\u0131n xilaskar\u0131, b\u00f6y\u00fck \u015f\u0259xsiyy\u0259t, \u00fcmummilli lider Heyd\u0259r \u018fliyevin anadan olmas\u0131n\u0131n 99-cu ild\u00f6n\u00fcm\u00fc v\u0259 28 May \u2013 M\u00fcst\u0259qillik G\u00fcn\u00fcm\u00fcz. Sadalanan h\u0259r bir bayram\u0131n xalq\u0131m\u0131z \u00fc\u00e7\u00fcn b\u00f6y\u00fck \u0259h\u0259miyy\u0259t da\u015f\u0131d\u0131\u011f\u0131n\u0131 bildir\u0259n natiq 1941-1945-ci ill\u0259rd\u0259 &#8211; B\u00f6y\u00fck V\u0259t\u0259n m\u00fcharib\u0259sind\u0259 Az\u0259rbaycan neftinin v\u0259 d\u00fcnya \u015f\u00f6hr\u0259tli alimimiz Yusif M\u0259mm\u0259d\u0259liyevin bu neftd\u0259n haz\u0131rlad\u0131\u011f\u0131 y\u00fcks\u0259k oktanl\u0131 benzinin q\u0259l\u0259b\u0259nin qazan\u0131lmas\u0131nda h\u0259lledici rol oynad\u0131\u011f\u0131n\u0131 bildirib.<br \/>\nXalq\u0131m\u0131z\u0131n v\u0259 d\u00f6vl\u0259timizin \u015fanl\u0131 tarixinin oldu\u011funu q\u00fcrurla vur\u011fulayan Elmira S\u00fcleymanova Az\u0259rbaycan Respublikas\u0131n\u0131n Prezidenti, Ali Ba\u015f Komandan c\u0259nab \u0130lham \u018fliyevin d\u0259mir yumru\u011fu \u0259traf\u0131nda birl\u0259\u015f\u0259n mill\u0259timizin, r\u0259\u015fad\u0259tli Ordumuzun qazand\u0131\u011f\u0131 m\u00f6ht\u0259\u015f\u0259m Z\u0259f\u0259rd\u0259n b\u0259hs edib. Vur\u011fulay\u0131b ki, ulu \u00f6nd\u0259r Heyd\u0259r \u018fliyevin \u0259n b\u00f6y\u00fck arzusu erm\u0259ni i\u015f\u011fal\u00e7\u0131lar\u0131 t\u0259r\u0259find\u0259n z\u0259bt olunmu\u015f \u0259z\u0259li Az\u0259rbaycan torpaqlar\u0131n\u0131n azad edilm\u0259si v\u0259 \u0259sl sahibl\u0259ri olan m\u0259cburi k\u00f6\u00e7k\u00fcnl\u0259rin do\u011fma yurdlar\u0131na qay\u0131tmas\u0131 olub v\u0259 bu arzusunu onun layiqli varisi, siyasi kursunu u\u011furla davam etdir\u0259n d\u00f6vl\u0259t ba\u015f\u00e7\u0131s\u0131 c\u0259nab \u0130lham \u018fliyev h\u0259yata ke\u00e7irib. Qeyd edib ki, m\u00fcz\u0259ff\u0259r Ali Ba\u015f Komandan\u0131m\u0131z\u0131n V\u0259t\u0259n m\u00fcharib\u0259sind\u0259 b\u00f6y\u00fck s\u0259rk\u0259rd\u0259 v\u0259 mahir diplomat kimi n\u00fcmayi\u015f etdirdiyi m\u00fck\u0259mm\u0259l strategiya v\u0259 h\u0259yata ke\u00e7irdiyi d\u00fczg\u00fcn taktika d\u00fcnya h\u0259rb elmind\u0259 silinm\u0259z iz qoyub. Elmira S\u00fcleymanova onu da bildirib ki, biz g\u0259l\u0259c\u0259k f\u0259aliyy\u0259timizd\u0259 g\u0259ncl\u0259rimizi, m\u00fcharib\u0259 d\u00f6vr\u00fcnd\u0259 oldu\u011fu kimi, h\u0259r zaman d\u00f6vl\u0259t ba\u015f\u00e7\u0131s\u0131 c\u0259nab \u0130lham \u018fliyevin \u0259traf\u0131nda s\u0131x birl\u0259\u015fdirm\u0259kl\u0259 m\u00fcst\u0259qil Az\u0259rbaycan Respublikas\u0131n\u0131n daha y\u00fcks\u0259k nailiyy\u0259tl\u0259r \u0259ld\u0259 etm\u0259sin\u0259 nail olmal\u0131y\u0131q.<br \/>\nElmira xan\u0131m Az\u0259rbaycanda a\u011fsaqqallar\u0131n b\u00f6y\u00fck n\u00fcfuz sahibl\u0259ri olmas\u0131ndan da dan\u0131\u015f\u0131b. Vur\u011fulay\u0131b ki, \u00dcmummilli Liderin \u201cMilli-m\u0259n\u0259vi d\u0259y\u0259rl\u0259rimizin q\u0131z\u0131l fondu\u201d hesab etdiyi a\u011fsaqqallara d\u00f6vl\u0259t ba\u015f\u00e7\u0131s\u0131 c\u0259nab \u0130lham \u018fliyev v\u0259 Az\u0259rbaycan Respublikas\u0131n\u0131n Birinci vitse-prezidenti Mehriban xan\u0131m \u018fliyeva b\u00f6y\u00fck qay\u011f\u0131 il\u0259 yana\u015f\u0131r, b\u00fct\u00fcn ah\u0131l insanlar\u0131n, \u015f\u0259hid ail\u0259l\u0259rinin v\u0259 qazil\u0259rin h\u00fcquqlar\u0131n\u0131n v\u0259 ehtiyaclar\u0131n\u0131n t\u0259min edilm\u0259sin\u0259 d\u0259st\u0259k olurlar.<br \/>\nDaha sonra \u00e7\u0131x\u0131\u015f ed\u0259n Yard\u0131ml\u0131 Rayon A\u011fsaqqallar \u015euras\u0131n\u0131n T\u0259fti\u015f Komissiyas\u0131n\u0131n s\u0259dri Asif A\u011fayev, \u015f\u0259hid atas\u0131 Vaqif Zeynalov, Rayon Veteranlar \u015euras\u0131n\u0131n s\u0259dri Zakir imanov v\u0259 dig\u0259r natiql\u0259r a\u011fsaqqallar\u0131n rayonun ictimai-m\u0259d\u0259ni h\u0259yat\u0131ndak\u0131 \u0259h\u0259miyy\u0259tli rolundan, ya\u015fl\u0131 n\u0259slin n\u00fcmay\u0259nd\u0259l\u0259rin\u0259 g\u00f6st\u0259ril\u0259n d\u00f6vl\u0259t qay\u011f\u0131s\u0131ndan dan\u0131\u015f\u0131blar. H\u0259m\u00e7inin g\u0259ncl\u0259rin d\u00f6vl\u0259t\u0259, xalqa s\u0259daq\u0259t ruhunda, z\u0259r\u0259rli t\u0259sirl\u0259rd\u0259n uzaq, sa\u011flam \u0259saslar \u00fcz\u0259rind\u0259 t\u0259rbiy\u0259si i\u015fin\u0259 v\u0259 onlar\u0131 daim d\u0259st\u0259kl\u0259m\u0259y\u0259 y\u00f6n\u0259lmi\u015f a\u011fsaqqallar\u0131n f\u0259aliyy\u0259tinin z\u0259ruriliyini qeyd edibl\u0259r.<br \/>\nSonda Yard\u0131ml\u0131 Rayon A\u011fsaqqallar \u015euras\u0131n\u0131n s\u0259dri Etibar \u018fm\u0259\u015fov ona v\u0259 yeni se\u00e7ilmi\u015f \u0130dar\u0259 Hey\u0259tinin \u00fczvl\u0259rin\u0259 g\u00f6st\u0259rilmi\u015f etimada g\u00f6r\u0259 minn\u0259tdarl\u0131\u011f\u0131n\u0131 bildirib v\u0259 t\u0259\u015fkilat\u0131n bundan sonra da rayonun ictimai-m\u0259d\u0259ni h\u0259yat\u0131nda f\u0259al rol oynayaca\u011f\u0131n\u0131 qeyd edib.<br \/>\nKonfransdan sonra Elmira S\u00fcleymanova rayon r\u0259hb\u0259rliyi il\u0259 birlikd\u0259 Yard\u0131ml\u0131 Rayon A\u011fsaqqallar \u015euras\u0131n\u0131n m\u0259rhum s\u0259dri M\u0259zlum M\u0259nsimovun evind\u0259 olub. M\u0259rhumun h\u0259yat yolda\u015f\u0131 v\u0259 \u00f6vladlar\u0131 il\u0259 g\u00f6r\u00fc\u015f\u0259r\u0259k onlara bir daha ba\u015fsa\u011fl\u0131\u011f\u0131 verib, probleml\u0259ri v\u0259 qay\u011f\u0131lar\u0131 il\u0259 maraqlan\u0131b. M\u0259rhumun ail\u0259 \u00fczvl\u0259ri g\u00f6st\u0259ril\u0259n diqq\u0259t\u0259 g\u00f6r\u0259 \u00f6z minn\u0259tdarl\u0131qlar\u0131n\u0131 ifad\u0259 edibl\u0259r.<\/p>\n<p>&nbsp;<\/p>\n<p>&nbsp;<\/p>\n<p>&nbsp;<\/p>\n<p>&nbsp;<\/p>\n<p>&nbsp;<\/p>\n","protected":false},"excerpt":{"rendered":"May ay\u0131n\u0131n 27-d\u0259 Yard\u0131ml\u0131 Rayon A\u011fsaqqallar \u015euras\u0131n\u0131n 28 May \u2013 M\u00fcst\u0259qillik G\u00fcn\u00fcn\u0259 h\u0259sr edilmi\u015f konfrans\u0131 ke\u00e7irilib. Konfransda Az\u0259rbaycan A\u011fsaqqallar \u015euras\u0131","protected":false},"author":1,"featured_media":1159,"comment_status":"open","ping_status":"open","sticky":false,"template":"","format":"standard","meta":{"cybocfi_hide_featured_image":""},"categories":[24],"tags":[],"_links":{"self":[{"href":"https:\/\/agsaqqallarsurasi.az\/en\/wp-json\/wp\/v2\/posts\/1158"}],"collection":[{"href":"https:\/\/agsaqqallarsurasi.az\/en\/wp-json\/wp\/v2\/posts"}],"about":[{"href":"https:\/\/agsaqqallarsurasi.az\/en\/wp-json\/wp\/v2\/types\/post"}],"author":[{"embeddable":true,"href":"https:\/\/agsaqqallarsurasi.az\/en\/wp-json\/wp\/v2\/users\/1"}],"replies":[{"embeddable":true,"href":"https:\/\/agsaqqallarsurasi.az\/en\/wp-json\/wp\/v2\/comments?post=1158"}],"version-history":[{"count":3,"href":"https:\/\/agsaqqallarsurasi.az\/en\/wp-json\/wp\/v2\/posts\/1158\/revisions"}],"predecessor-version":[{"id":1172,"href":"https:\/\/agsaqqallarsurasi.az\/en\/wp-json\/wp\/v2\/posts\/1158\/revisions\/1172"}],"wp:featuredmedia":[{"embeddable":true,"href":"https:\/\/agsaqqallarsurasi.az\/en\/wp-json\/wp\/v2\/media\/1159"}],"wp:attachment":[{"href":"https:\/\/agsaqqallarsurasi.az\/en\/wp-json\/wp\/v2\/media?parent=1158"}],"wp:term":[{"taxonomy":"category","embeddable":true,"href":"https:\/\/agsaqqallarsurasi.az\/en\/wp-json\/wp\/v2\/categories?post=1158"},{"taxonomy":"post_tag","embeddable":true,"href":"https:\/\/agsaqqallarsurasi.az\/en\/wp-json\/wp\/v2\/tags?post=1158"}],"curies":[{"name":"wp","href":"https:\/\/api.w.org\/{rel}","templated":true}]}}