{"id":1196,"date":"2022-06-01T14:34:08","date_gmt":"2022-06-01T10:34:08","guid":{"rendered":"https:\/\/agsaqqallarsurasi.az\/?p=1196"},"modified":"2022-06-03T09:42:16","modified_gmt":"2022-06-03T05:42:16","slug":"uzunomurlul%c9%99r-diyari-lerikd%c9%99-agsaqqallar-surasinin-konfransi-kecirilib","status":"publish","type":"post","link":"https:\/\/agsaqqallarsurasi.az\/en\/uzunomurlul%c9%99r-diyari-lerikd%c9%99-agsaqqallar-surasinin-konfransi-kecirilib\/","title":{"rendered":"Uzun\u00f6m\u00fcrl\u00fcl\u0259r diyar\u0131 Lerikd\u0259 A\u011fsaqqallar \u015euras\u0131n\u0131n konfrans\u0131 ke\u00e7irilib"},"content":{"rendered":"<p>May ay\u0131n\u0131n 31-d\u0259 Lerikin Heyd\u0259r \u018fliyev M\u0259rk\u0259zind\u0259 Rayon A\u011fsaqqallar \u015euras\u0131n\u0131n M\u00fcst\u0259qillik G\u00fcn\u00fcn\u0259 h\u0259sr edilmi\u015f konfrans\u0131 ke\u00e7irilib.<br \/>\nT\u0259dbird\u0259 Az\u0259rbaycan A\u011fsaqqallar \u015euras\u0131 s\u0259drinin m\u00fcavini, professor Elmira S\u00fcleymanova, Lerik Rayon \u0130cra Hakimiyy\u0259ti ba\u015f\u00e7\u0131s\u0131n\u0131n s\u0259lahiyy\u0259tl\u0259rini icra ed\u0259n C\u0259lil Bax\u015f\u0131yev, Rayon A\u011fsaqqallar \u015euras\u0131n\u0131n s\u0259dri Elxan Q\u0259nb\u0259rov, Respublika A\u011fsaqqallar \u015euras\u0131n\u0131n M\u0259tbuat katibi Rafiq Rzayev, rayon a\u011fsaqqallar\u0131, \u015f\u0259hid ail\u0259l\u0259ri v\u0259 ictimaiyy\u0259t n\u00fcmay\u0259nd\u0259l\u0259ri i\u015ftirak edibl\u0259r.<br \/>\nKonfransdan \u00f6nc\u0259 t\u0259dbir i\u015ftirak\u00e7\u0131lar\u0131 ulu \u00f6nd\u0259r Heyd\u0259r \u018fliyevin abid\u0259sini, \u201c\u015e\u0259hidl\u0259r\u201d abid\u0259-kompleksini v\u0259 \u015f\u0259hid, \u201cV\u0259t\u0259n M\u00fcharib\u0259si Q\u0259hr\u0259man\u0131\u201d Amid Heyd\u0259rovun b\u00fcst\u00fcn\u00fc ziyar\u0259t ed\u0259r\u0259k \u00f6n\u00fcn\u0259 g\u00fcl d\u0259st\u0259l\u0259ri d\u00fcz\u00fcbl\u0259r.<br \/>\nRayonun Heyd\u0259r \u018fliyev M\u0259rk\u0259zind\u0259 davam etdiril\u0259n t\u0259dbird\u0259 \u0259vv\u0259lc\u0259 respublikam\u0131z\u0131n m\u00fcst\u0259qilliyi v\u0259 \u0259razi b\u00fct\u00f6vl\u00fcy\u00fc u\u011frunda can\u0131ndan ke\u00e7\u0259n V\u0259t\u0259n \u00f6vladlar\u0131n\u0131n xatir\u0259si bir d\u0259qiq\u0259lik s\u00fckutla yad olunub.<br \/>\nT\u0259dbiri giri\u015f s\u00f6z\u00fc il\u0259 a\u00e7an Lerik Rayon \u0130cra Hakimiyy\u0259ti ba\u015f\u00e7\u0131s\u0131n\u0131n s\u0259lahiyy\u0259tl\u0259rini icra ed\u0259n C\u0259lil Bax\u015f\u0131yev bildirib ki, yarad\u0131lmas\u0131n\u0131n 104-c\u00fc ild\u00f6n\u00fcm\u00fcn\u00fc qeyd etdiyimiz m\u00fcst\u0259qil v\u0259 suveren Az\u0259rbaycan Demokratik Respublikas\u0131n\u0131n arzu v\u0259 ideallar\u0131 ulu \u00f6nd\u0259r Heyd\u0259r \u018fliyevin g\u00fccl\u00fc strategiyas\u0131 il\u0259 h\u0259yata ke\u00e7iril\u0259n u\u011furlu siyas\u0259t n\u0259tic\u0259sind\u0259 reall\u0131\u011fa \u00e7evirilib. Bu g\u00fcn h\u0259min strategiyan\u0131 d\u00f6vl\u0259t ba\u015f\u00e7\u0131s\u0131 c\u0259nab \u0130lham \u018fliyev m\u00fcv\u0259ff\u0259qiyy\u0259tl\u0259 davam etdirir. Az\u0259rbaycan art\u0131q xarici \u00f6lk\u0259l\u0259r \u00fc\u00e7\u00fcn etibarl\u0131 t\u0259r\u0259fda\u015f v\u0259 regionda s\u00f6z sahibi olan \u00f6lk\u0259dir. Natiq Lerik a\u011fsaqqallar\u0131n\u0131n h\u0259r zaman rayonun ictimai-siyasi h\u0259yat\u0131nda f\u0259al m\u00f6vqe tutduqlar\u0131n\u0131, g\u0259ncl\u0259rin d\u00f6vl\u0259t\u00e7iliy\u0259 ba\u011fl\u0131l\u0131qlar\u0131, v\u0259t\u0259np\u0259rv\u0259r ruhda t\u0259rbiy\u0259 olunmalar\u0131 v\u0259 maarifl\u0259nm\u0259l\u0259ri istiqam\u0259tind\u0259 \u00fcz\u0259rl\u0259rin\u0259 d\u00fc\u015f\u0259n v\u0259zif\u0259l\u0259ri vicdanla v\u0259 m\u0259suliyy\u0259tl\u0259 yerin\u0259 yetirdikl\u0259rini qeyd edib.<br \/>\nLerik Rayon A\u011fsaqqallar \u015euras\u0131n\u0131n s\u0259dri Elxan Q\u0259nb\u0259rov, \u015f\u0259hid atas\u0131 R\u0259bbil Heyd\u0259rov v\u0259 Rayon A\u011fsaqqallar \u015euras\u0131n\u0131n \u00fczv\u00fc G\u00fclt\u0259kin \u015e\u0131x\u0259liyeva \u00e7\u0131x\u0131\u015flar\u0131nda t\u0259dbirin ke\u00e7irilm\u0259sinin \u0259h\u0259miyy\u0259tini qeyd ed\u0259r\u0259k bildiribl\u0259r ki, m\u00fcst\u0259qillik xalq\u0131n s\u0259rv\u0259tidir, onu qorumaq h\u0259r bir v\u0259t\u0259nda\u015f\u0131n m\u0259n\u0259vi borcudur. 44 g\u00fcnl\u00fck V\u0259t\u0259n m\u00fcharib\u0259sind\u0259 qazan\u0131lan \u015fanl\u0131 Q\u0259l\u0259b\u0259d\u0259 rayon g\u0259ncl\u0259rinin d\u0259 b\u00f6y\u00fck pay\u0131 oldu\u011funu, el\u0259c\u0259 d\u0259 bu m\u00f6ht\u0259\u015f\u0259m Z\u0259f\u0259rd\u0259 a\u011fsaqqallar\u0131m\u0131z\u0131n m\u0259n\u0259vi d\u0259st\u0259yinin v\u0259 \u00f6y\u00fcd-n\u0259sih\u0259tl\u0259rinin y\u00fcks\u0259k \u00f6n\u0259m da\u015f\u0131d\u0131\u011f\u0131n\u0131 vur\u011fulay\u0131blar.<br \/>\nElmira S\u00fcleymanova uzun\u00f6m\u00fcrl\u00fcl\u00fc\u0259r, m\u0259rd v\u0259 v\u0259t\u0259np\u0259rv\u0259r o\u011fullar diyar\u0131 olan Lerik \u0259halisini Respublika A\u011fsaqqallar \u015euras\u0131n\u0131n s\u0259dri, mill\u0259t v\u0259kili, professor Eldar Quliyevin v\u0259 \u00f6z ad\u0131ndan salamlayaraq, \u0259hat\u0259li v\u0259 maraql\u0131 nitqind\u0259 z\u0259ngin d\u00f6vl\u0259t\u00e7ilik \u0259n\u0259n\u0259l\u0259ri olan Az\u0259rbaycan xalq\u0131n\u0131n XX \u0259srin \u0259vv\u0259lind\u0259 m\u00fcs\u0259lman \u015e\u0259rqind\u0259 ilk demokratik respublika yaratmas\u0131n\u0131n m\u00fch\u00fcm tarixi nailiyy\u0259tl\u0259rind\u0259n b\u0259hs edib. Vur\u011fulay\u0131b ki, ikinci d\u0259f\u0259 m\u00fcst\u0259qillik qazan\u0131ld\u0131qdan sonra b\u00f6y\u00fck probleml\u0259r ya\u015fayan, da\u011f\u0131nt\u0131lara, xaosa, \u00f6zba\u015f\u0131nal\u0131qlara m\u0259ruz qalan Az\u0259rbaycan\u0131 xilas etm\u0259k \u00fc\u00e7\u00fcn xalq\u0131m\u0131z\u0131n t\u0259kidli xahi\u015fi il\u0259 yenid\u0259n hakimiyy\u0259t\u0259 qay\u0131dan \u00fcmummilli lider Heyd\u0259r \u018fliyev s\u00f6z\u00fcn \u0259sl m\u0259nas\u0131nda m\u00fcst\u0259qilliyin \u0259sas\u0131n\u0131 qoydu, onun itirilm\u0259sinin qar\u015f\u0131s\u0131n\u0131 ald\u0131, qorunmas\u0131n\u0131 v\u0259 inki\u015faf\u0131n\u0131 t\u0259min etdi.<br \/>\nElmira xan\u0131m \u00f6t\u0259n \u0259srin 90-c\u0131 ill\u0259rinin \u0259vv\u0259lind\u0259 85 faizlik yoxsulluq h\u0259ddind\u0259 olan xalq\u0131m\u0131z\u0131 bu b\u0259ladan da Ulu \u00d6nd\u0259rin xilas etdiyini \u2013 onun t\u0259\u015f\u0259bb\u00fcs\u00fc v\u0259 i\u015ftirak\u0131 il\u0259 1994-c\u00fc ilin sentyabr ay\u0131nda Bak\u0131da Az\u0259rbaycan\u0131n D\u00f6vl\u0259t Neft \u015eirk\u0259ti il\u0259 d\u00fcnyan\u0131n 11 b\u00f6y\u00fck neft \u015firk\u0259ti aras\u0131nda \u0259srin neft m\u00fcqavil\u0259sinin ba\u011fland\u0131\u011f\u0131n\u0131, Bak\u0131-Tbilisi-Ceyhan neft k\u0259m\u0259rinin i\u015f\u0259 sal\u0131nd\u0131\u011f\u0131n\u0131 v\u0259 bunun n\u0259tic\u0259sind\u0259 \u00f6lk\u0259y\u0259 daxil olan valyuta hesab\u0131na b\u00fct\u00fcn sah\u0259l\u0259rd\u0259 inki\u015faf\u0131n ba\u015fland\u0131\u011f\u0131n\u0131 xat\u0131rlad\u0131b. Qeyd edib ki, bu i\u015fl\u0259rin \u00f6hd\u0259sind\u0259n yaln\u0131z Heyd\u0259r \u018fliyev kimi b\u00f6y\u00fck \u015f\u0259xsiyy\u0259t g\u0259l\u0259 bil\u0259rdi. \u00c7\u00fcnki malik oldu\u011fu y\u00fcks\u0259k intellekti v\u0259 idar\u0259\u00e7ilik istedad\u0131 il\u0259 yana\u015f\u0131, \u00dcmummilli Lider Az\u0259rbaycandan k\u0259narda da b\u00f6y\u00fck n\u00fcfuz v\u0259 h\u00f6rm\u0259t sahibi idi.<br \/>\nO, ulu \u00f6nd\u0259r Heyd\u0259r \u018fliyevin m\u00fc\u0259yy\u0259n etdiyi uzaqg\u00f6r\u0259n, dahiyan\u0259 siyas\u0259ti u\u011furla davam etdir\u0259n m\u00f6ht\u0259r\u0259m Prezidentimiz c\u0259nab \u0130lham \u018fliyevin r\u0259hb\u0259rliyi il\u0259 m\u00fcst\u0259qil d\u00f6vl\u0259timizin d\u00fcnyan\u0131n inki\u015faf etmi\u015f d\u00f6vl\u0259tl\u0259rind\u0259n birin\u0259, h\u0259r bir sah\u0259d\u0259 qalib \u00f6lk\u0259y\u0259 \u00e7evrilm\u0259sind\u0259n dan\u0131\u015f\u0131b. Torpaqlar\u0131m\u0131z\u0131 z\u0259bt ed\u0259n erm\u0259ni i\u015f\u011fal\u00e7\u0131lar\u0131 il\u0259 m\u00fcbariz\u0259d\u0259 qazan\u0131lan ilk z\u0259f\u0259rd\u0259n \u2013 L\u0259l\u0259t\u0259p\u0259 q\u0259l\u0259b\u0259sind\u0259n s\u00f6hb\u0259t a\u00e7an Elmira xan\u0131m vur\u011fulay\u0131b ki, bu qalibiyy\u0259t Ordumuza v\u0259 b\u00fct\u00fcn Az\u0259rbaycan xalq\u0131na b\u00f6y\u00fck ruh, yenilm\u0259zlik \u0259hval-ruhiyy\u0259si b\u0259x\u015f edib. O, m\u00fcz\u0259ff\u0259r Ali Ba\u015f Komandan \u0130lham \u018fliyevin r\u0259hb\u0259rliyi il\u0259 \u015fanl\u0131 Ordumuzun haqq sava\u015f\u0131nda, 44 g\u00fcnl\u00fck V\u0259t\u0259n m\u00fcharib\u0259sind\u0259, o c\u00fcml\u0259d\u0259n \u015eu\u015fan\u0131n al\u0131nmas\u0131nda g\u00f6st\u0259rdiyi q\u0259hr\u0259manl\u0131qlar\u0131 iftixar hissi il\u0259 t\u0259dbir i\u015ftirak\u00e7\u0131lar\u0131n\u0131n diqq\u0259tin\u0259 \u00e7atd\u0131r\u0131b.<br \/>\n\u00d6z nitqind\u0259 Az\u0259rbaycanda \u015f\u0259hid ail\u0259l\u0259rin\u0259 v\u0259 qazil\u0259r\u0259 g\u00f6st\u0259ril\u0259n y\u00fcks\u0259k diqq\u0259t v\u0259 qay\u011f\u0131dan s\u00f6z a\u00e7an Elmira S\u00fcleymanova bu sah\u0259d\u0259 a\u011fsaqqallar\u0131n da g\u00f6st\u0259rdiyi m\u0259n\u0259vi d\u0259st\u0259kd\u0259n b\u0259hs edib. O, Az\u0259rbaycan A\u011fsaqqallar \u015euras\u0131n\u0131n haz\u0131rlad\u0131\u011f\u0131 ideoloji f\u0259aliyy\u0259t konsepsiyas\u0131na dair s\u0259n\u0259di v\u0259 2022-ci ilin \u0130\u015f Plan\u0131n\u0131 t\u0259qdim ed\u0259r\u0259k, bir daha a\u011fsaqqallar\u0131n qar\u015f\u0131s\u0131nda duran v\u0259zif\u0259l\u0259rd\u0259n dan\u0131\u015f\u0131b v\u0259 n\u0259sill\u0259raras\u0131 k\u00f6rp\u00fcl\u0259rin qurulmas\u0131 z\u0259rur\u0259ti, g\u0259ncl\u0259rin sa\u011flam h\u0259yat t\u0259rzind\u0259, v\u0259t\u0259np\u0259rv\u0259rlik v\u0259 ictimai f\u0259all\u0131q ruhunda yeti\u015fm\u0259si il\u0259 ba\u011fl\u0131 k\u00fctl\u0259vi, geni\u015f maarifl\u0259ndirm\u0259 i\u015fl\u0259rinin g\u00fccl\u0259ndirilm\u0259sini t\u00f6vsiy\u0259 edib.<br \/>\nKonfrans i\u015ftirak\u00e7\u0131lar\u0131 maraql\u0131 v\u0259 \u0259h\u0259miyy\u0259tli t\u0259dbirin ke\u00e7irilm\u0259sin\u0259 g\u00f6r\u0259 \u00f6z minn\u0259tdarl\u0131qlar\u0131n\u0131 bildir\u0259r\u0259k, Az\u0259rbaycan A\u011fsaqqallar \u015euras\u0131 il\u0259 daha s\u0131x \u0259m\u0259kda\u015fl\u0131q ed\u0259c\u0259kl\u0259rini qeyd edibl\u0259r.<\/p>\n","protected":false},"excerpt":{"rendered":"<p>May ay\u0131n\u0131n 31-d\u0259 Lerikin Heyd\u0259r \u018fliyev M\u0259rk\u0259zind\u0259 Rayon A\u011fsaqqallar \u015euras\u0131n\u0131n M\u00fcst\u0259qillik G\u00fcn\u00fcn\u0259 h\u0259sr edilmi\u015f konfrans\u0131 ke\u00e7irilib. T\u0259dbird\u0259 Az\u0259rbaycan A\u011fsaqqallar \u015euras\u0131<\/p>\n","protected":false},"author":1,"featured_media":1197,"comment_status":"open","ping_status":"open","sticky":false,"template":"","format":"standard","meta":{"cybocfi_hide_featured_image":""},"categories":[24],"tags":[],"_links":{"self":[{"href":"https:\/\/agsaqqallarsurasi.az\/en\/wp-json\/wp\/v2\/posts\/1196"}],"collection":[{"href":"https:\/\/agsaqqallarsurasi.az\/en\/wp-json\/wp\/v2\/posts"}],"about":[{"href":"https:\/\/agsaqqallarsurasi.az\/en\/wp-json\/wp\/v2\/types\/post"}],"author":[{"embeddable":true,"href":"https:\/\/agsaqqallarsurasi.az\/en\/wp-json\/wp\/v2\/users\/1"}],"replies":[{"embeddable":true,"href":"https:\/\/agsaqqallarsurasi.az\/en\/wp-json\/wp\/v2\/comments?post=1196"}],"version-history":[{"count":1,"href":"https:\/\/agsaqqallarsurasi.az\/en\/wp-json\/wp\/v2\/posts\/1196\/revisions"}],"predecessor-version":[{"id":1209,"href":"https:\/\/agsaqqallarsurasi.az\/en\/wp-json\/wp\/v2\/posts\/1196\/revisions\/1209"}],"wp:featuredmedia":[{"embeddable":true,"href":"https:\/\/agsaqqallarsurasi.az\/en\/wp-json\/wp\/v2\/media\/1197"}],"wp:attachment":[{"href":"https:\/\/agsaqqallarsurasi.az\/en\/wp-json\/wp\/v2\/media?parent=1196"}],"wp:term":[{"taxonomy":"category","embeddable":true,"href":"https:\/\/agsaqqallarsurasi.az\/en\/wp-json\/wp\/v2\/categories?post=1196"},{"taxonomy":"post_tag","embeddable":true,"href":"https:\/\/agsaqqallarsurasi.az\/en\/wp-json\/wp\/v2\/tags?post=1196"}],"curies":[{"name":"wp","href":"https:\/\/api.w.org\/{rel}","templated":true}]}}