{"id":1243,"date":"2022-06-02T12:52:00","date_gmt":"2022-06-02T08:52:00","guid":{"rendered":"https:\/\/agsaqqallarsurasi.az\/?p=1243"},"modified":"2022-06-06T14:19:39","modified_gmt":"2022-06-06T10:19:39","slug":"1243-2","status":"publish","type":"post","link":"https:\/\/agsaqqallarsurasi.az\/en\/1243-2\/","title":{"rendered":"C\u0259lilabadda Rayon A\u011fsaqqallar \u015euras\u0131n\u0131n hesabat konfrans\u0131 ke\u00e7irilib"},"content":{"rendered":"<hr \/>\n<p>May ay\u0131n\u0131n 31-d\u0259 C\u0259lalabad Rayon A\u011fsaqqallar \u015euras\u0131n\u0131n hesabat konfrans\u0131 ke\u00e7irilib.<\/p>\n<p>Konfransda Az\u0259rbaycan A\u011fsaqqallar \u015euras\u0131 s\u0259drinin m\u00fcavini, professor Elmira S\u00fcleymanova, C\u0259lilabad Rayon \u0130cra Hakimiyy\u0259tinin ba\u015f\u00e7\u0131s\u0131 Rafiq C\u0259lilov, Rayon A\u011fsaqqallar \u015euras\u0131n\u0131n s\u0259dri \u018fdal\u0259t \u018fsg\u0259rov, Respublika A\u011fsaqqallar \u015euras\u0131n\u0131n M\u0259tbuat katibi Rafiq Rzayev, rayon a\u011fsaqqallar\u0131, \u015f\u0259hid ail\u0259l\u0259rinin \u00fczvl\u0259ri, qazil\u0259r v\u0259 ictimaiyy\u0259t n\u00fcmay\u0259nd\u0259l\u0259ri i\u015ftirak edibl\u0259r.<br \/>\nKonfransdan \u00f6nc\u0259 t\u0259dbir i\u015ftirak\u00e7\u0131lar\u0131 ulu \u00f6nd\u0259r Heyd\u0259r \u018fliyevin abid\u0259sini ziyar\u0259t ed\u0259r\u0259k \u00f6n\u00fcn\u0259 g\u00fcl d\u0259st\u0259l\u0259ri d\u00fcz\u00fcbl\u0259r.<br \/>\nT\u0259dbird\u0259 respublikam\u0131z\u0131n m\u00fcst\u0259qilliyi v\u0259 \u0259razi b\u00fct\u00f6vl\u00fcy\u00fc u\u011frunda can\u0131ndan ke\u00e7\u0259n \u015f\u0259hidl\u0259rimizin \u0259ziz xatir\u0259si bir d\u0259qiq\u0259lik s\u00fckutla yad olunub.<br \/>\nKonfrans\u0131 giri\u015f s\u00f6z\u00fc il\u0259 a\u00e7an Rayon \u0130cra Hakimiyy\u0259tinin ba\u015f\u00e7\u0131s\u0131 Rafiq C\u0259lilov t\u0259dbir i\u015ftirak\u00e7\u0131lar\u0131n\u0131 salamlad\u0131qdan sonra bildirib ki, Az\u0259rbaycan\u0131n h\u0259r bir b\u00f6lg\u0259sind\u0259 oldu\u011fu kimi C\u0259lilabadda da a\u011fsaqqallara b\u00f6y\u00fck h\u00f6rm\u0259t vard\u0131r. O, Az\u0259rbaycan Respublikas\u0131n\u0131n Prezidenti c\u0259nab \u0130lham \u018fliyevin S\u0259r\u0259ncam\u0131 il\u0259 C\u0259lilabada \u0130cra ba\u015f\u00e7\u0131s\u0131 t\u0259yin edildikd\u0259n 3 g\u00fcn sonra rayon a\u011fsaqqallar\u0131 il\u0259 g\u00f6r\u00fc\u015fd\u00fcy\u00fcn\u00fc, onlar\u0131n m\u0259sl\u0259h\u0259t v\u0259 t\u00f6vsiy\u0259l\u0259rini dinl\u0259diyini xat\u0131rlad\u0131b v\u0259 qeyd edib ki, a\u011fsaqqallarla birg\u0259 g\u00f6r\u00fc\u015fl\u0259r m\u00fct\u0259madi olaraq ke\u00e7irilir. Ba\u015f\u00e7\u0131 V\u0259t\u0259n m\u00fcharib\u0259sind\u0259n d\u0259 b\u0259hs ed\u0259r\u0259k vur\u011fulay\u0131b ki, m\u00fcz\u0259ff\u0259r Ali Ba\u015f Komandan\u0131m\u0131z\u0131n r\u0259hb\u0259rliyi il\u0259 r\u0259\u015fad\u0259tli Ordumuzun qazand\u0131\u011f\u0131 b\u00f6y\u00fck Z\u0259f\u0259r xalq\u0131m\u0131z\u0131n s\u0131nm\u0131\u015f q\u00fcrurunu b\u0259rpa etdi. Rayonda \u015f\u0259hid ail\u0259l\u0259rin\u0259 v\u0259 qazil\u0259r\u0259 x\u00fcsusi qay\u011f\u0131 v\u0259 diqq\u0259t g\u00f6st\u0259rildiyini dey\u0259n Rafiq C\u0259lilov a\u011fsaqqallar\u0131n da bu m\u0259s\u0259l\u0259y\u0259 h\u0259ssasl\u0131qla yana\u015fd\u0131qlar\u0131n\u0131 v\u0259 onlara h\u0259r zaman m\u0259n\u0259vi d\u0259st\u0259k g\u00f6st\u0259rdikl\u0259rini qeyd edib.<br \/>\nC\u0259lilabad Rayon A\u011fsaqqallar \u015euras\u0131n\u0131n s\u0259dri \u018fdal\u0259t \u018fsg\u0259rov \u00f6z \u00e7\u0131x\u0131\u015f\u0131nda t\u0259\u015fkilat\u0131n son bir il \u0259rzind\u0259 g\u00f6rd\u00fcy\u00fc i\u015fl\u0259r bar\u0259sind\u0259 m\u0259lumat verib. Qeyd olunub ki, koronovirus pandemiyas\u0131 il\u0259 \u0259laq\u0259dar m\u00fc\u0259yy\u0259n \u00e7\u0259tinlikl\u0259r olsa da, Rayon A\u011fsaqqallar \u015euras\u0131 karantin qaydalar\u0131 \u00e7\u0259r\u00e7iv\u0259sind\u0259 \u00f6z f\u0259aliyy\u0259tini s\u0259m\u0259r\u0259li \u015f\u0259kild\u0259 qura bilib. X\u00fcsusil\u0259 g\u0259ncl\u0259rl\u0259 maarifl\u0259ndirici i\u015f apar\u0131lmas\u0131 sah\u0259sind\u0259 bir s\u0131ra t\u0259dbirl\u0259r ke\u00e7irilib, \u015f\u0259hid ail\u0259l\u0259ri v\u0259 qazil\u0259rl\u0259 g\u00f6r\u00fc\u015fl\u0259r t\u0259\u015fkil olunub, \u015f\u0259hidl\u0259rimizin an\u0131m g\u00fcnl\u0259rind\u0259 v\u0259 dig\u0259r toplant\u0131larda a\u011fsaqqallar yax\u0131ndan i\u015ftirak edibl\u0259r. \u018fdal\u0259t \u018fsg\u0259rov g\u0259nc n\u0259sli V\u0259t\u0259n\u0259, xalqa, d\u00f6vl\u0259t\u0259 s\u0259daq\u0259t v\u0259 h\u00f6rm\u0259t ruhunda yeti\u015fdirm\u0259k \u00fc\u00e7\u00fcn daha \u00e7ox t\u0259hsil m\u00fc\u0259ssis\u0259l\u0259ri il\u0259 \u0259m\u0259kda\u015fl\u0131q etdikl\u0259rini, h\u0259m\u00e7inin rayon \u0259halisini \u0259srimizin b\u0259las\u0131 olan narkomaniyadan, siqaret alud\u0259\u00e7iliyind\u0259n v\u0259 dig\u0259r z\u0259r\u0259rli v\u0259rdi\u015fl\u0259rd\u0259n qorumaq, onlar\u0131 maarifl\u0259ndirm\u0259k \u00fc\u00e7\u00fcn polis orqanlar\u0131 il\u0259 birg\u0259 t\u0259dbirl\u0259r ke\u00e7irdikl\u0259rini d\u0259 qeyd edib. Vur\u011fulan\u0131b ki, rayon a\u011fsaqqallar\u0131 ulu \u00f6nd\u0259r Heyd\u0259r \u018fliyevin layiqli davam\u00e7\u0131s\u0131, Az\u0259rbaycan Respublikas\u0131n\u0131n Prezidenti c\u0259nab \u0130lham \u018fliyevin apard\u0131\u011f\u0131 h\u0259rt\u0259r\u0259fli u\u011furlu siyas\u0259ti \u00f6z f\u0259aliyy\u0259tl\u0259ri il\u0259 h\u0259r zaman d\u0259st\u0259kl\u0259yirl\u0259r.<br \/>\nElmira S\u00fcleymanova t\u0259dbir i\u015ftirak\u00e7\u0131lar\u0131n\u0131 v\u0259 onlar\u0131n timsal\u0131nda b\u00fct\u00fcn C\u0259lilabad \u0259halisini Az\u0259rbaycan A\u011fsaqqallar \u015euras\u0131n\u0131n s\u0259dri, mill\u0259t v\u0259kili, professor Eldar Quliyevin v\u0259 \u00f6z ad\u0131ndan salamlayaraq, h\u0259r bir k\u0259s\u0259 xo\u015f g\u00fcnl\u0259r v\u0259 \u0259min-amanl\u0131q arzulay\u0131b. Elmira xan\u0131m art\u0131q c\u0259nub b\u00f6lg\u0259sinin bir ne\u00e7\u0259 rayonunda M\u00fcst\u0259qillik G\u00fcn\u00fcn\u00fcn 104-c\u00fc ild\u00f6n\u00fcm\u00fcn\u0259 h\u0259sr edilmi\u015f hesabat konfranslar\u0131 ke\u00e7irdikl\u0259rini qeyd ed\u0259r\u0259k hal-haz\u0131rda c\u0259lilabadl\u0131larla g\u00f6r\u00fc\u015fd\u00fcy\u00fc \u00fc\u00e7\u00fcn \u015fad oldu\u011funu bildirib. Vur\u011fulan\u0131b ki, xalq\u0131m\u0131z \u00f6t\u0259n \u0259srin \u0259vv\u0259lind\u0259 \u00f6z m\u00fcst\u0259qil respublikas\u0131n\u0131 qurmu\u015f, 1991-ci ild\u0259 is\u0259 \u00f6lk\u0259miz Az\u0259rbaycan Xalq C\u00fcmhuriyy\u0259tinin varisi kimi m\u00fcst\u0259qilliyini b\u0259rpa etmi\u015fdir. C\u0259nab \u0130lham \u018fliyevin 2021-ci il 15 oktyabr tarixind\u0259 imzalad\u0131\u011f\u0131 qanunda g\u00f6st\u0259rildiyi kimi 1918-ci ild\u0259 AXC t\u0259r\u0259find\u0259n \u0130stiqlal B\u0259yannam\u0259sinin q\u0259bul olundu\u011fu 28 may tarixi Az\u0259rbaycan Respublikas\u0131nda M\u00fcst\u0259qillik G\u00fcn\u00fc, 1991-ci ild\u0259 \u201cAz\u0259rbaycan Respublikas\u0131n\u0131n d\u00f6vl\u0259t m\u00fcst\u0259qilliyi haqq\u0131nda\u201d Konstitusiya Akt\u0131n\u0131n q\u0259bul edildiyi 18 oktyabr is\u0259 M\u00fcst\u0259qilliyin B\u0259rpas\u0131 G\u00fcn\u00fc kimi q\u0131z\u0131l h\u0259rfl\u0259rl\u0259 tariximiz\u0259 yaz\u0131lm\u0131\u015fd\u0131r.<br \/>\nElmira xan\u0131m \u00f6lk\u0259mizin 90-c\u0131 ill\u0259rin \u0259vv\u0259lind\u0259 d\u00fc\u015fd\u00fcy\u00fc a\u011f\u0131r v\u0259ziyy\u0259td\u0259n d\u0259 dan\u0131\u015faraq qeyd edib ki, xalq\u0131m\u0131z\u0131n t\u0259kidli xahi\u015fi il\u0259 ikinci d\u0259f\u0259 hakimiyy\u0259t\u0259 qay\u0131dan ulu \u00f6nd\u0259r Heyd\u0259r \u018fliyev Az\u0259rbaycan\u0131n m\u00fcst\u0259qilliyinin itirilm\u0259si t\u0259hl\u00fck\u0259sinin qar\u015f\u0131s\u0131n\u0131 ald\u0131, v\u0259t\u0259nimizi t\u0259n\u0259zz\u00fcld\u0259n xilas ed\u0259r\u0259k t\u0259r\u0259qqi yoluna \u00e7\u0131xard\u0131. \u00dcmummilli Liderimizin \u0259sas\u0131n\u0131 qoydu\u011fu strateji kurs haz\u0131rda Az\u0259rbaycan Respublikas\u0131n\u0131n Prezidenti c\u0259nab \u0130lham \u018fliyev t\u0259r\u0259find\u0259n b\u00f6y\u00fck m\u00fcv\u0259ff\u0259qiyy\u0259tl\u0259 davam etdirilir, m\u00fcst\u0259qilliyimiz qorunur, m\u00f6hk\u0259ml\u0259ndirilir, h\u0259yata ke\u00e7iril\u0259n u\u011furlu iqtisadi v\u0259 sosial siyas\u0259t n\u0259tic\u0259sind\u0259 Az\u0259rbaycan d\u00fcnya miqyas\u0131nda q\u00fcdr\u0259tli v\u0259 n\u00fcfuzlu d\u00f6vl\u0259t\u0259 \u00e7evrilir.<br \/>\nElmira S\u00fcleymanova 2020-ci il sentyabr\u0131n 27-d\u0259 Erm\u0259nistan silahl\u0131 q\u00fcvv\u0259l\u0259rinin Az\u0259rbaycana qar\u015f\u0131 t\u00f6r\u0259tdiyi n\u00f6vb\u0259ti h\u0259rbi t\u0259xribata cavab olaraq, m\u00fcz\u0259ff\u0259r Ali Ba\u015f Komandan\u0131m\u0131z \u0130lham \u018fliyevin \u0259mri il\u0259 r\u0259\u015fad\u0259tli Ordumuzun q\u0259tiyy\u0259tli \u0259ks-h\u00fccum \u0259m\u0259liyyatlar\u0131na ba\u015flamas\u0131ndan v\u0259 44 g\u00fcnl\u00fck V\u0259t\u0259n m\u00fcharib\u0259sind\u0259 30 il d\u00fc\u015fm\u0259n i\u015f\u011fal\u0131nda olan d\u0259d\u0259-baba torpaqlar\u0131m\u0131z\u0131n azad olunmas\u0131ndan, \u0259sg\u0259r v\u0259 zabitl\u0259rimizin g\u00f6st\u0259rdiyi misilsiz q\u0259hr\u0259manl\u0131qlardan, Prezident-Xalq-Ordu birliyind\u0259n \u0259trafl\u0131 b\u0259hs edib, bu Z\u0259f\u0259rin m\u00fcst\u0259qil d\u00f6vl\u0259timizin g\u0259l\u0259c\u0259k inki\u015faf\u0131 \u00fc\u00e7\u00fcn b\u00f6y\u00fck imkanlar yaratd\u0131\u011f\u0131n\u0131 bildirib.<br \/>\nSonda C\u0259lilabad Rayon A\u011fsaqqallar \u015euras\u0131na g\u0259l\u0259c\u0259k f\u0259aliyy\u0259tind\u0259 u\u011furlar arzulayan Elmira xan\u0131m vur\u011fulay\u0131b ki, biz m\u00fcst\u0259qilliyimizin daha da inki\u015faf etdirilm\u0259sin\u0259 y\u00f6n\u0259lmi\u015f d\u00f6vl\u0259t siyas\u0259tini d\u0259st\u0259kl\u0259m\u0259kl\u0259 \u00f6z milli-m\u0259n\u0259vi, \u0259xlaqi d\u0259y\u0259rl\u0259rimizi, ad\u0259t-\u0259n\u0259n\u0259l\u0259rimizi b\u00fct\u00fcn istiqam\u0259tl\u0259rd\u0259 qoruyaraq ya\u015fatmal\u0131y\u0131q v\u0259 g\u0259nc n\u0259sli \u0259srl\u0259rin b\u00f6y\u00fck s\u0131naqlar\u0131ndan ke\u00e7mi\u015f bu m\u0259n\u0259vi, \u0259xlaqi d\u0259y\u0259rl\u0259r v\u0259 v\u0259t\u0259np\u0259rv\u0259rlik ruhunda yeti\u015fdirm\u0259liyik.<br \/>\nKonfransda \u00e7\u0131x\u0131\u015f ed\u0259n natiql\u0259r C\u0259lilabad a\u011fsaqqallar\u0131n\u0131n bundan sonra da rayonun ictimai-siyasi h\u0259yat\u0131nda f\u0259all\u0131q g\u00f6st\u0259r\u0259c\u0259kl\u0259rin\u0259, g\u0259ncl\u0259rimizin V\u0259t\u0259n\u0259, xalqa, d\u00f6vl\u0259t\u00e7iliy\u0259 ba\u011fl\u0131l\u0131\u011f\u0131 istiqam\u0259tind\u0259 \u00fcz\u0259rl\u0259rin\u0259 d\u00fc\u015f\u0259n v\u0259zif\u0259l\u0259ri vicdanla v\u0259 m\u0259suliyy\u0259tl\u0259 yerin\u0259 yetir\u0259c\u0259kl\u0259rini bildiribl\u0259r.<\/p>\n<p>&nbsp;<\/p>\n<p>&nbsp;<\/p>\n","protected":false},"excerpt":{"rendered":"<p>May ay\u0131n\u0131n 31-d\u0259 C\u0259lalabad Rayon A\u011fsaqqallar \u015euras\u0131n\u0131n hesabat konfrans\u0131 ke\u00e7irilib. Konfransda Az\u0259rbaycan A\u011fsaqqallar \u015euras\u0131 s\u0259drinin m\u00fcavini, professor Elmira S\u00fcleymanova, C\u0259lilabad<\/p>\n","protected":false},"author":1,"featured_media":1302,"comment_status":"open","ping_status":"open","sticky":false,"template":"","format":"standard","meta":{"cybocfi_hide_featured_image":""},"categories":[24],"tags":[],"_links":{"self":[{"href":"https:\/\/agsaqqallarsurasi.az\/en\/wp-json\/wp\/v2\/posts\/1243"}],"collection":[{"href":"https:\/\/agsaqqallarsurasi.az\/en\/wp-json\/wp\/v2\/posts"}],"about":[{"href":"https:\/\/agsaqqallarsurasi.az\/en\/wp-json\/wp\/v2\/types\/post"}],"author":[{"embeddable":true,"href":"https:\/\/agsaqqallarsurasi.az\/en\/wp-json\/wp\/v2\/users\/1"}],"replies":[{"embeddable":true,"href":"https:\/\/agsaqqallarsurasi.az\/en\/wp-json\/wp\/v2\/comments?post=1243"}],"version-history":[{"count":6,"href":"https:\/\/agsaqqallarsurasi.az\/en\/wp-json\/wp\/v2\/posts\/1243\/revisions"}],"predecessor-version":[{"id":1303,"href":"https:\/\/agsaqqallarsurasi.az\/en\/wp-json\/wp\/v2\/posts\/1243\/revisions\/1303"}],"wp:featuredmedia":[{"embeddable":true,"href":"https:\/\/agsaqqallarsurasi.az\/en\/wp-json\/wp\/v2\/media\/1302"}],"wp:attachment":[{"href":"https:\/\/agsaqqallarsurasi.az\/en\/wp-json\/wp\/v2\/media?parent=1243"}],"wp:term":[{"taxonomy":"category","embeddable":true,"href":"https:\/\/agsaqqallarsurasi.az\/en\/wp-json\/wp\/v2\/categories?post=1243"},{"taxonomy":"post_tag","embeddable":true,"href":"https:\/\/agsaqqallarsurasi.az\/en\/wp-json\/wp\/v2\/tags?post=1243"}],"curies":[{"name":"wp","href":"https:\/\/api.w.org\/{rel}","templated":true}]}}