{"id":1258,"date":"2022-06-04T17:39:47","date_gmt":"2022-06-04T13:39:47","guid":{"rendered":"https:\/\/agsaqqallarsurasi.az\/?p=1258"},"modified":"2022-06-05T02:41:56","modified_gmt":"2022-06-04T22:41:56","slug":"1258-2","status":"publish","type":"post","link":"https:\/\/agsaqqallarsurasi.az\/en\/1258-2\/","title":{"rendered":"Az\u0259rbaycan A\u011fsaqqallar \u015euras\u0131n\u0131n \u015f\u0259h\u0259r v\u0259 rayon t\u0259\u015fkilatlar\u0131nda hesabat konfranslar\u0131n\u0131n ke\u00e7irilm\u0259si davam edir"},"content":{"rendered":"<p>\u015e\u0259h\u0259r v\u0259 rayon A\u011fsaqqallar \u015euralar\u0131nda t\u0259\u015fkilatlar\u0131n son birillik f\u0259aliyy\u0259tl\u0259ri il\u0259 ba\u011fl\u0131 hesabat konfranslar\u0131n\u0131n ke\u00e7irilm\u0259si davam edir.<\/p>\n<p>N\u00f6vb\u0259ti t\u0259dbirl\u0259r Az\u0259rbaycan A\u011fsaqqallar \u015euras\u0131n\u0131n s\u0259dr m\u00fcavini Bayram Yusifovun i\u015ftirak\u0131 il\u0259 iyun ay\u0131n\u0131n 2-d\u0259 v\u0259 3-d\u0259 G\u0259nc\u0259, Samux, G\u00f6yg\u00f6l v\u0259 Da\u015fk\u0259s\u0259nd\u0259 t\u0259\u015fkil olunub. Bu toplant\u0131larda a\u011fsaqqallarla yana\u015f\u0131 \u015f\u0259h\u0259r, rayon r\u0259hb\u0259rlikl\u0259ri, ziyal\u0131lar, \u015f\u0259hid valideynl\u0259ri, qazil\u0259r v\u0259 ictimaiyy\u0259tin dig\u0259r n\u00fcmay\u0259nd\u0259l\u0259ri i\u015ftirak edibl\u0259r.<br \/>\nT\u0259dbir i\u015ftirak\u00e7\u0131lar\u0131 \u0259vv\u0259lc\u0259 \u00fcmummilli lider Heyd\u0259r \u018fliyevin abid\u0259si \u00f6n\u00fcn\u0259 g\u00fcl d\u0259st\u0259l\u0259ri qoyaraq xatir\u0259sini ehtiramla an\u0131blar.<br \/>\nKonfranslarda \u015f\u0259hidl\u0259rimizin v\u0259 hesabat d\u00f6vr\u00fcnd\u0259 d\u00fcnyas\u0131n\u0131 d\u0259yi\u015fmi\u015f a\u011fsaqqallar\u0131n xatir\u0259si bir d\u0259qiq\u0259lik s\u00fckutla yad edildikd\u0259n sonra \u00e7\u0131x\u0131\u015f ed\u0259n \u015f\u0259h\u0259r v\u0259 rayon \u0130cra Hakimiyy\u0259tl\u0259rinin r\u0259hb\u0259rl\u0259ri Az\u0259rbaycan A\u011fsaqqallar \u015euras\u0131n\u0131n s\u0259dr m\u00fcavini Bayram Yusifovu v\u0259 t\u0259dbir i\u015ftirak\u00e7\u0131lar\u0131n\u0131 salamlayaraq d\u00f6vl\u0259t ba\u015f\u00e7\u0131s\u0131 c\u0259nab \u0130lham \u018fliyevin apard\u0131\u011f\u0131 u\u011furlu daxili v\u0259 xarici siyas\u0259td\u0259n, 44 g\u00fcnl\u00fck V\u0259t\u0259n m\u00fcharib\u0259sind\u0259 qazan\u0131lan \u015fanl\u0131 Z\u0259f\u0259rd\u0259n, i\u015f\u011faldan azad edilmi\u015f torpaqlar\u0131m\u0131zda apar\u0131lan b\u0259rpa-quruculuq i\u015fl\u0259rind\u0259n v\u0259 \u00f6lk\u0259mizin h\u0259rt\u0259r\u0259fli inki\u015faf\u0131ndan b\u0259hs edibl\u0259r. Natiql\u0259r, h\u0259m\u00e7inin a\u011fsaqqallar\u0131n \u015f\u0259h\u0259r v\u0259 rayonlar\u0131n ictimai-m\u0259d\u0259ni h\u0259yat\u0131nda oynad\u0131qlar\u0131 \u0259h\u0259miyy\u0259tli roldan s\u00f6hb\u0259t a\u00e7araq, g\u0259ncl\u0259rin d\u00f6vl\u0259t\u0259, xalqa s\u0259daq\u0259t ruhunda, z\u0259r\u0259rli v\u0259rdi\u015fl\u0259rd\u0259n uzaq v\u0259 sa\u011flam \u0259saslar \u00fcz\u0259rind\u0259 t\u0259rbiy\u0259si i\u015find\u0259 onlara h\u0259r zaman b\u00f6y\u00fck ehtiyac\u0131n duyuldu\u011funu t\u0259dbir i\u015ftirak\u00e7\u0131lar\u0131n\u0131n diqq\u0259tin\u0259 \u00e7atd\u0131r\u0131blar.<br \/>\nSonra G\u0259nc\u0259 \u015e\u0259h\u0259r A\u011fsaqqallar \u015euras\u0131n\u0131n s\u0259dri Nur\u0259ddin M\u0259mm\u0259dovun, Samux Rayon A\u011fsaqqallar \u015euras\u0131n\u0131n s\u0259dri G\u0259ray Bayramovun, G\u00f6yg\u00f6l Rayon A\u011fsaqqallar \u015euras\u0131n\u0131n s\u0259dri Dilq\u0259m Dil\u0259novun v\u0259 Da\u015fk\u0259s\u0259n Rayon A\u011fsaqqallar \u015euras\u0131n\u0131n s\u0259dri Cavan\u015fir Qocayevin son birillik hesabat d\u00f6vr\u00fc \u0259rzind\u0259 apar\u0131lan i\u015fl\u0259r v\u0259 qar\u015f\u0131da duran v\u0259zif\u0259l\u0259r bar\u0259sind\u0259 m\u0259ruz\u0259l\u0259ri dinl\u0259nilib. Az\u0259rbaycan Respublikas\u0131n\u0131n Prezidenti c\u0259nab \u0130lham \u018fliyev v\u0259 Mehriban xan\u0131m \u018fliyeva t\u0259r\u0259find\u0259n \u00f6lk\u0259mizd\u0259 a\u011fsaqqallara, o c\u00fcml\u0259d\u0259n ah\u0131llara g\u00f6st\u0259ril\u0259n diqq\u0259t v\u0259 qay\u011f\u0131dan s\u00f6z a\u00e7\u0131l\u0131b. Ali v\u0259 orta t\u0259hsil m\u00fc\u0259ssis\u0259l\u0259rind\u0259 ke\u00e7iril\u0259n g\u00f6r\u00fc\u015fl\u0259rd\u0259 v\u0259 dig\u0259r t\u0259dbirl\u0259rd\u0259 c\u0259miyy\u0259t \u00fczvl\u0259rin\u0259, x\u00fcsusil\u0259 d\u0259 g\u0259ncl\u0259rimiz\u0259 milli-m\u0259n\u0259vi d\u0259y\u0259rl\u0259r\u0259, V\u0259t\u0259n\u0259, xalqa, d\u00f6vl\u0259t\u0259 h\u00f6rm\u0259t ruhunun a\u015f\u0131lanmas\u0131na b\u00f6y\u00fck \u00f6n\u0259m verildiyi qeyd olunub. 44 g\u00fcnl\u00fck V\u0259t\u0259n m\u00fcharib\u0259sind\u0259 qazan\u0131lan Q\u0259l\u0259b\u0259mizin tarixi \u0259h\u0259miyy\u0259tind\u0259n dan\u0131\u015f\u0131l\u0131b, \u015f\u0259hid ail\u0259l\u0259rin\u0259 v\u0259 qazil\u0259r\u0259 h\u0259r zaman b\u00f6y\u00fck diqq\u0259t g\u00f6st\u0259rildiyi vur\u011fulan\u0131b.<br \/>\nKonfranslarda \u00e7\u0131x\u0131\u015f ed\u0259n Az\u0259rbaycan A\u011fsaqqallar \u015euras\u0131n\u0131n s\u0259dr m\u00fcavini Bayram Yusifov \u015euran\u0131n s\u0259dri, Milli M\u0259clisin deputat\u0131, professor Eldar Quliyevin v\u0259 \u0130dar\u0259 Hey\u0259tinin \u00fczvl\u0259rinin salamlar\u0131n\u0131 t\u0259dbir i\u015ftirak\u00e7\u0131lar\u0131na \u00e7atd\u0131r\u0131b v\u0259 hesabat d\u00f6vr\u00fc \u0259rzind\u0259 g\u00f6r\u00fcl\u0259n i\u015fl\u0259ri q\u0259na\u0259tb\u0259x\u015f qiym\u0259tl\u0259ndirib. \u018fmin oldu\u011funu bildirib ki, art\u0131q koronovirus pandemiyas\u0131n\u0131n z\u0259ifl\u0259diyi bu d\u00f6vrd\u0259 yerli t\u0259\u015fkilatlar \u00f6z f\u0259aliyy\u0259tl\u0259rini daha s\u0259m\u0259r\u0259li v\u0259 effektiv quracaqlar.<br \/>\nBayram Yusifov m\u00f6ht\u0259r\u0259m Prezidentimiz, m\u00fcz\u0259ff\u0259r Ali Ba\u015f Komandan c\u0259nab \u0130lham \u018fliyevin r\u0259hb\u0259rliyi alt\u0131nda r\u0259\u015fad\u0259tli Ordumuzun qazand\u0131\u011f\u0131 m\u00f6ht\u0259\u015f\u0259m Z\u0259f\u0259rd\u0259n b\u0259hs ed\u0259r\u0259k, i\u015f\u011faldan azad olunmu\u015f torpaqlar\u0131m\u0131zda h\u0259yata ke\u00e7iril\u0259n geni\u015f v\u00fcs\u0259tli b\u0259rpa-quruculuq i\u015fl\u0259rind\u0259n, istifad\u0259y\u0259 veril\u0259n hava liman\u0131ndan, tikinti v\u0259 infrastruktur obyektl\u0259rd\u0259n, y\u00fcks\u0259k \u0259h\u0259miyy\u0259t\u0259 malik yerli v\u0259 beyn\u0259lxalq t\u0259dbirl\u0259rin ke\u00e7irilm\u0259sind\u0259n b\u00f6y\u00fck q\u00fcrur hissi il\u0259 dan\u0131\u015f\u0131b. Bu, art\u0131q dan\u0131lmaz v\u0259 \u00e7ox sevindirici bir faktd\u0131r ki, ulu \u00f6nd\u0259r Heyd\u0259r \u018fliyevin layiqli davam\u00e7\u0131s\u0131 d\u00f6vl\u0259t ba\u015f\u00e7\u0131s\u0131 c\u0259nab \u0130lham \u018fliyevin v\u0259 Az\u0259rbaycan Respublikas\u0131n\u0131n Birinci vitse-prezidenti Mehriban xan\u0131m \u018fliyevan\u0131n t\u00fck\u0259nm\u0259z s\u0259yi, inc\u0259 z\u00f6vq\u00fc \u0259sas\u0131nda V\u0259t\u0259nimiz g\u00fcnd\u0259n-g\u00fcn\u0259 daha da g\u00f6z\u0259ll\u0259\u015fir v\u0259 d\u00fcnyan\u0131n inki\u015faf etmi\u015f \u00f6lk\u0259l\u0259rind\u0259n birin\u0259 \u00e7evrilir.<br \/>\nBayram Yusifov onu da qeyd edib ki, \u00f6lk\u0259mizd\u0259 ged\u0259n bu inki\u015faf prosesi Az\u0259rbaycan A\u011fsaqqallar \u015euras\u0131nda da \u00f6z\u00fcn\u00fc ciddi \u015f\u0259kild\u0259 g\u00f6st\u0259rm\u0259kd\u0259dir. \u015euran\u0131n s\u0259dri, mill\u0259t v\u0259kili, professor Eldar Quliyevin ba\u015f\u00e7\u0131l\u0131\u011f\u0131 il\u0259 t\u0259\u015fkilatda bir \u00e7ox \u0259h\u0259miyy\u0259tli i\u015fl\u0259r h\u0259yata ke\u00e7irilir, o c\u00fcml\u0259d\u0259n beyn\u0259lxalq \u0259laq\u0259l\u0259r m\u00f6hk\u0259ml\u0259ndirilir. Bel\u0259 ki, son bir il \u0259rzind\u0259 \u015euran\u0131n r\u0259hb\u0259rliyi T\u00fcrkiy\u0259d\u0259 v\u0259 T\u00fcrkm\u0259nistanda olublar, T\u00fcrk D\u00f6vl\u0259tl\u0259ri T\u0259\u015fkilat\u0131 A\u011fsaqqallar \u015euras\u0131n\u0131n s\u0259dri, T\u00fcrkiy\u0259nin sabiq Ba\u015f naziri, \u018fdal\u0259t v\u0259 \u0130nki\u015faf Partiyas\u0131n\u0131n S\u0259dr m\u00fcavini Bin\u0259li Y\u0131ld\u0131r\u0131mla, T\u00fcrkm\u0259nistan\u0131n sabiq prezidenti v\u0259 T\u00fcrkm\u0259nistan Milli \u015euras\u0131n\u0131n Xalq M\u0259sl\u0259h\u0259tinin s\u0259dri Qurbanqulu Berdim\u0259h\u0259mm\u0259dovla v\u0259 dig\u0259r r\u0259smi \u015f\u0259xsl\u0259rl\u0259 \u00e7ox s\u0259m\u0259r\u0259li v\u0259 maraql\u0131 g\u00f6r\u00fc\u015fl\u0259r ke\u00e7iribl\u0259r. H\u0259m\u00e7inin Eldar Quliyev T\u00fcrk D\u00f6vl\u0259tl\u0259ri T\u0259\u015fkilat\u0131nda n\u00fcfuzlu a\u011fsaqqal olaraq T\u00fcrkm\u0259nistan\u0131 t\u0259msil ed\u0259n Qurbanqulu Berdim\u0259h\u0259mm\u0259dovun f\u0259aliyy\u0259tini y\u00fcks\u0259k d\u0259y\u0259rl\u0259ndir\u0259r\u0259k v\u0259 onu \u201cF\u0259xri A\u011fsaqqal\u201d ordeni il\u0259 t\u0259ltif edib.<br \/>\nKonfranslarda Respublika A\u011fsaqqallar \u015euras\u0131n\u0131n \u0130dar\u0259 Hey\u0259tinin \u00fczv\u00fc, AMEA-n\u0131n G\u0259nc\u0259 B\u00f6lm\u0259sinin s\u0259dri, akademik Fuad \u018fliyev v\u0259 dig\u0259r ziyal\u0131lar, \u015f\u0259h\u0259r v\u0259 rayon A\u011fsaqqallar \u015euras\u0131n\u0131n, h\u0259m\u00e7inin YAP-\u0131n yerli t\u0259\u015fkilatlar\u0131n\u0131n \u00fczvl\u0259ri v\u0259 ba\u015fqa natiql\u0259r \u00e7\u0131x\u0131\u015f ed\u0259r\u0259k \u00f6lk\u0259mizin ictimai-m\u0259d\u0259ni h\u0259yat\u0131nda a\u011fsaqqallar\u0131n g\u00f6st\u0259rdiyi d\u0259y\u0259rli f\u0259aliyy\u0259td\u0259n b\u0259hs edibl\u0259r. Az\u0259rbaycan\u0131n h\u0259r bir b\u00f6lg\u0259sind\u0259 a\u011fsaqqallara ayr\u0131lan diqq\u0259t v\u0259 qay\u011f\u0131ya, o c\u00fcml\u0259d\u0259n bel\u0259 y\u00fcks\u0259k s\u0259viyy\u0259li t\u0259dbirl\u0259rin ke\u00e7irilm\u0259sin\u0259 g\u00f6r\u0259 \u00f6z minn\u0259tdarl\u0131qlar\u0131n\u0131 bildiribl\u0259r.<br \/>\nDa\u015fk\u0259s\u0259n Rayon A\u011fsaqqallar \u015euras\u0131n\u0131n s\u0259dri Cavan\u015fir Qocayev\u0259 v\u0259t\u0259np\u0259rv\u0259rlik m\u00f6vzusunda yazd\u0131\u011f\u0131 \u015feirl\u0259r\u0259 g\u00f6r\u0259 \u201cQafqaz-Media\u201d \u0130B t\u0259r\u0259find\u0259n t\u0259ltif olundu\u011fu \u201cHeyd\u0259r \u018fliyev Zirv\u0259si-99\u201d F\u0259xri diplomu v\u0259 medal\u0131 t\u0259qdim edilib.<\/p>\n","protected":false},"excerpt":{"rendered":"<p>\u015e\u0259h\u0259r v\u0259 rayon A\u011fsaqqallar \u015euralar\u0131nda t\u0259\u015fkilatlar\u0131n son birillik f\u0259aliyy\u0259tl\u0259ri il\u0259 ba\u011fl\u0131 hesabat konfranslar\u0131n\u0131n ke\u00e7irilm\u0259si davam edir. N\u00f6vb\u0259ti t\u0259dbirl\u0259r Az\u0259rbaycan A\u011fsaqqallar<\/p>\n","protected":false},"author":1,"featured_media":1272,"comment_status":"open","ping_status":"open","sticky":false,"template":"","format":"standard","meta":{"cybocfi_hide_featured_image":""},"categories":[24],"tags":[],"_links":{"self":[{"href":"https:\/\/agsaqqallarsurasi.az\/en\/wp-json\/wp\/v2\/posts\/1258"}],"collection":[{"href":"https:\/\/agsaqqallarsurasi.az\/en\/wp-json\/wp\/v2\/posts"}],"about":[{"href":"https:\/\/agsaqqallarsurasi.az\/en\/wp-json\/wp\/v2\/types\/post"}],"author":[{"embeddable":true,"href":"https:\/\/agsaqqallarsurasi.az\/en\/wp-json\/wp\/v2\/users\/1"}],"replies":[{"embeddable":true,"href":"https:\/\/agsaqqallarsurasi.az\/en\/wp-json\/wp\/v2\/comments?post=1258"}],"version-history":[{"count":1,"href":"https:\/\/agsaqqallarsurasi.az\/en\/wp-json\/wp\/v2\/posts\/1258\/revisions"}],"predecessor-version":[{"id":1259,"href":"https:\/\/agsaqqallarsurasi.az\/en\/wp-json\/wp\/v2\/posts\/1258\/revisions\/1259"}],"wp:featuredmedia":[{"embeddable":true,"href":"https:\/\/agsaqqallarsurasi.az\/en\/wp-json\/wp\/v2\/media\/1272"}],"wp:attachment":[{"href":"https:\/\/agsaqqallarsurasi.az\/en\/wp-json\/wp\/v2\/media?parent=1258"}],"wp:term":[{"taxonomy":"category","embeddable":true,"href":"https:\/\/agsaqqallarsurasi.az\/en\/wp-json\/wp\/v2\/categories?post=1258"},{"taxonomy":"post_tag","embeddable":true,"href":"https:\/\/agsaqqallarsurasi.az\/en\/wp-json\/wp\/v2\/tags?post=1258"}],"curies":[{"name":"wp","href":"https:\/\/api.w.org\/{rel}","templated":true}]}}