{"id":1309,"date":"2022-06-03T17:36:37","date_gmt":"2022-06-03T13:36:37","guid":{"rendered":"https:\/\/agsaqqallarsurasi.az\/?p=1309"},"modified":"2022-06-06T14:50:26","modified_gmt":"2022-06-06T10:50:26","slug":"bil%c9%99suvarda-rayon-agsaqqallar-surasinin-hesabat-konfransi-kecirilib","status":"publish","type":"post","link":"https:\/\/agsaqqallarsurasi.az\/en\/bil%c9%99suvarda-rayon-agsaqqallar-surasinin-hesabat-konfransi-kecirilib\/","title":{"rendered":"Bil\u0259suvarda Rayon A\u011fsaqqallar \u015euras\u0131n\u0131n hesabat konfrans\u0131 ke\u00e7irilib"},"content":{"rendered":"<p>\u0130yun ay\u0131n\u0131n 3-d\u0259 Bil\u0259suvarda Heyd\u0259r \u018fliyev M\u0259rk\u0259zinin akt zal\u0131nda Rayon A\u011fsaqqallar \u015euras\u0131n\u0131n hesabat konfrans\u0131 ke\u00e7irilib.<br \/>\nT\u0259dbird\u0259n \u00f6nc\u0259 Az\u0259rbaycan A\u011fsaqqallar \u015euras\u0131n\u0131n s\u0259dr m\u00fcavini, professor Elmira S\u00fcleymanova, Bil\u0259suvar Rayon \u0130cra Hakimiyy\u0259tinin ba\u015f\u00e7\u0131s\u0131 Faiq Q\u00fcrb\u0259tov, Respublika A\u011fsaqqallar \u015euras\u0131n\u0131n \u0130dar\u0259 Hey\u0259tinin \u00fczv\u00fc, Az\u0259rbaycan\u0131n Milli Q\u0259hr\u0259man\u0131 M\u00fcbariz \u0130brahimovun atas\u0131 A\u011fak\u0259rim \u0130brahimov, Bil\u0259suvar Rayon A\u011fsaqqallar \u015euras\u0131n\u0131n s\u0259dri \u018fli Babayev v\u0259 rayon a\u011fsaqqallar\u0131 ulu \u00f6nd\u0259r Heyd\u0259r \u018fliyevin abid\u0259sini ziyar\u0259t ed\u0259r\u0259k \u0259ziz xatir\u0259sini yad edibl\u0259r.<br \/>\nKonfransda Az\u0259rbaycan\u0131n \u0259razi b\u00fct\u00f6vl\u00fcy\u00fc, m\u00fcst\u0259qilliyi u\u011frunda \u015f\u0259hid olmu\u015f soyda\u015flar\u0131m\u0131z\u0131n v\u0259 hesabat d\u00f6vr\u00fc \u0259rzind\u0259 v\u0259fat etmi\u015f a\u011fsaqqallar\u0131n xatir\u0259si 1 d\u0259qiq\u0259lik s\u00fckutla yad olunduqdan sonra t\u0259dbir i\u015ftirak\u00e7\u0131lar\u0131n\u0131 salamlayan Bil\u0259suvar Rayon \u0130cra Hakimiyy\u0259tinin ba\u015f\u00e7\u0131s\u0131 Faiq Q\u00fcrb\u0259tov bildirib ki, c\u0259miyy\u0259timizd\u0259 x\u00fcsusi yeri v\u0259 h\u00f6rm\u0259ti olan a\u011fsaqqallar\u0131m\u0131z\u0131n t\u00f6vsiy\u0259 v\u0259 m\u0259sl\u0259h\u0259tl\u0259rin\u0259 h\u0259r zaman ehtiyac vard\u0131r: \u201cBu g\u00fcn d\u0259 g\u0259ncl\u0259rin d\u00f6vl\u0259t\u0259, xalqa sadiq, V\u0259t\u0259n\u0259 ba\u011fl\u0131, z\u0259r\u0259rli, yad t\u0259sirl\u0259rd\u0259n uzaq v\u0259 sa\u011flam \u0259saslar \u00fcz\u0259rind\u0259 t\u0259rbiy\u0259 olunmas\u0131 i\u015find\u0259 a\u011fsaqqallar\u0131m\u0131z\u0131n rolu b\u00f6y\u00fckd\u00fcr.\u201d<br \/>\nDaha sonra Rayon A\u011fsaqqallar \u015euras\u0131n\u0131n s\u0259dri \u018fli Babayevin hesabat m\u0259ruz\u0259si dinl\u0259nilib. O, a\u011fsaqqallar\u0131n \u00f6lk\u0259mizin ictimai-m\u0259d\u0259ni h\u0259yat\u0131ndak\u0131 rolundan, ya\u015fl\u0131 n\u0259slin n\u00fcmay\u0259nd\u0259l\u0259rin\u0259 g\u00f6st\u0259ril\u0259n d\u00f6vl\u0259t qay\u011f\u0131s\u0131ndan dan\u0131\u015f\u0131b, g\u0259ncl\u0259rin d\u00f6vl\u0259t\u0259, xalqa s\u0259daq\u0259t ruhunda v\u0259 sa\u011flam \u0259saslar \u00fcz\u0259rind\u0259 t\u0259rbiy\u0259si i\u015find\u0259 a\u011fsaqqallara h\u0259r zaman b\u00f6y\u00fck ehtiyac oldu\u011funu diqq\u0259t\u0259 \u00e7atd\u0131r\u0131b.<br \/>\nHesabatda \u00e7\u0131x\u0131\u015f ed\u0259n Az\u0259rbaycan A\u011fsaqqallar \u015euras\u0131n\u0131n s\u0259dr m\u00fcavini, professor Elmira S\u00fcleymanova bildirib ki, a\u011fsaqqalar\u0131m\u0131z \u00f6lk\u0259mizin ictimai-siyasi h\u0259yat\u0131nda yax\u0131ndan i\u015ftirak edir. Respublikam\u0131zda a\u011fsaqqallara g\u00f6st\u0259ril\u0259n d\u00f6vl\u0259t qay\u011f\u0131s\u0131ndan dan\u0131\u015fan Elmira xan\u0131m Az\u0259rbaycan Respublikas\u0131n\u0131n Prezidenti, Ali Ba\u015f Komandan c\u0259nab \u0130lham \u018fliyevin m\u00fcdrik siyas\u0259ti v\u0259 r\u0259\u015fad\u0259tli Ordumuzun q\u00fcdr\u0259ti il\u0259 44 g\u00fcn \u0259rzind\u0259 erm\u0259ni i\u015f\u011fal\u00e7\u0131lar\u0131n\u0131 tarixi torpaqlar\u0131m\u0131zdan \u00e7\u0131xar\u0131lmas\u0131n\u0131n \u0259h\u0259miyy\u0259tini qeyd edib. O, \u00f6lk\u0259mizd\u0259 h\u0259yata ke\u00e7iril\u0259n inki\u015faf prosesi il\u0259 ba\u011fl\u0131 a\u011fsaqqallar t\u0259r\u0259find\u0259n \u0259hali, x\u00fcsusil\u0259 g\u0259ncl\u0259r aras\u0131nda geni\u015f maarifl\u0259ndirm\u0259 i\u015finin apar\u0131lmas\u0131n\u0131n z\u0259ruriliyini diqq\u0259t\u0259 \u00e7atd\u0131r\u0131b.<br \/>\nHesabatda rayon A\u011fsaqqallar \u015euras\u0131n\u0131n \u00fczvl\u0259ri Akif Kaz\u0131mov, R\u00fcst\u0259m \u018fliyev, Salamat R\u0259himov v\u0259 H\u0259nif\u0259 Mirsultanov a\u011fsaqqallar\u0131n rayondak\u0131 ictimai f\u0259aliyy\u0259tind\u0259n, rayon g\u0259ncl\u0259ri il\u0259 ke\u00e7irdikl\u0259ri t\u00f6vsiy\u0259 xarakterli g\u00f6r\u00fc\u015fl\u0259rd\u0259n dan\u0131\u015f\u0131blar. Qeyd edibl\u0259r ki, Az\u0259rbaycanda a\u011fsaqqallar h\u0259r zaman c\u0259miyy\u0259tin milli-m\u0259d\u0259ni t\u0259rbiy\u0259sind\u0259 m\u00fch\u00fcm rol oynay\u0131blar. Bu s\u0259b\u0259bd\u0259ndir ki, ulu \u00f6nd\u0259r Heyd\u0259r \u018fliyev a\u011fsaqqallar\u0131 milli-m\u0259n\u0259vi d\u0259y\u0259rl\u0259rimizin q\u0131z\u0131l fondu hesab edirdi.<br \/>\nKonfransdan sonra Az\u0259rbaycan A\u011fsaqqallar \u015euras\u0131n\u0131n s\u0259dr m\u00fcavini, professor Elmira S\u00fcleymanova A\u011fak\u0259rim \u0130brahimovla birg\u0259 Az\u0259rbaycan\u0131n Milli Q\u0259hr\u0259man\u0131 M\u00fcbariz \u0130brahimovun ev muzeyini ziyar\u0259t edib.<\/p>\n<p>&nbsp;<\/p>\n","protected":false},"excerpt":{"rendered":"<p>\u0130yun ay\u0131n\u0131n 3-d\u0259 Bil\u0259suvarda Heyd\u0259r \u018fliyev M\u0259rk\u0259zinin akt zal\u0131nda Rayon A\u011fsaqqallar \u015euras\u0131n\u0131n hesabat konfrans\u0131 ke\u00e7irilib. T\u0259dbird\u0259n \u00f6nc\u0259 Az\u0259rbaycan A\u011fsaqqallar \u015euras\u0131n\u0131n<\/p>\n","protected":false},"author":1,"featured_media":1311,"comment_status":"open","ping_status":"open","sticky":false,"template":"","format":"standard","meta":{"cybocfi_hide_featured_image":""},"categories":[24],"tags":[],"_links":{"self":[{"href":"https:\/\/agsaqqallarsurasi.az\/en\/wp-json\/wp\/v2\/posts\/1309"}],"collection":[{"href":"https:\/\/agsaqqallarsurasi.az\/en\/wp-json\/wp\/v2\/posts"}],"about":[{"href":"https:\/\/agsaqqallarsurasi.az\/en\/wp-json\/wp\/v2\/types\/post"}],"author":[{"embeddable":true,"href":"https:\/\/agsaqqallarsurasi.az\/en\/wp-json\/wp\/v2\/users\/1"}],"replies":[{"embeddable":true,"href":"https:\/\/agsaqqallarsurasi.az\/en\/wp-json\/wp\/v2\/comments?post=1309"}],"version-history":[{"count":1,"href":"https:\/\/agsaqqallarsurasi.az\/en\/wp-json\/wp\/v2\/posts\/1309\/revisions"}],"predecessor-version":[{"id":1322,"href":"https:\/\/agsaqqallarsurasi.az\/en\/wp-json\/wp\/v2\/posts\/1309\/revisions\/1322"}],"wp:featuredmedia":[{"embeddable":true,"href":"https:\/\/agsaqqallarsurasi.az\/en\/wp-json\/wp\/v2\/media\/1311"}],"wp:attachment":[{"href":"https:\/\/agsaqqallarsurasi.az\/en\/wp-json\/wp\/v2\/media?parent=1309"}],"wp:term":[{"taxonomy":"category","embeddable":true,"href":"https:\/\/agsaqqallarsurasi.az\/en\/wp-json\/wp\/v2\/categories?post=1309"},{"taxonomy":"post_tag","embeddable":true,"href":"https:\/\/agsaqqallarsurasi.az\/en\/wp-json\/wp\/v2\/tags?post=1309"}],"curies":[{"name":"wp","href":"https:\/\/api.w.org\/{rel}","templated":true}]}}