{"id":1383,"date":"2022-06-10T17:30:36","date_gmt":"2022-06-10T13:30:36","guid":{"rendered":"https:\/\/agsaqqallarsurasi.az\/?p=1383"},"modified":"2022-06-13T11:20:13","modified_gmt":"2022-06-13T07:20:13","slug":"neftcala-rayon-agsaqqallar-surasinin-hesabat-konfransi-kecirilib","status":"publish","type":"post","link":"https:\/\/agsaqqallarsurasi.az\/en\/neftcala-rayon-agsaqqallar-surasinin-hesabat-konfransi-kecirilib\/","title":{"rendered":"Neft\u00e7ala Rayon A\u011fsaqqallar \u015euras\u0131n\u0131n hesabat konfrans\u0131 ke\u00e7irilib"},"content":{"rendered":"<p>9 iyun 2022-ci ild\u0259 Neft\u00e7ala Rayon A\u011fsaqqallar \u015euras\u0131n\u0131n hesabat konfrans\u0131 ke\u00e7irilib. Konfransda Az\u0259rbaycan A\u011fsaqqallar \u015euras\u0131n\u0131n s\u0259dr m\u00fcavini, professor Elmira S\u00fcleymanova, Neft\u00e7ala Rayon \u0130cra Hakimiyy\u0259tinin ba\u015fc\u0131s\u0131 Mirh\u0259s\u0259n Seyidov, rayonun A\u011fsaqqallar \u015euras\u0131n\u0131n \u00fczvl\u0259ri, \u015f\u0259hid ail\u0259l\u0259ri, qazil\u0259r v\u0259 rayon ziyal\u0131lar\u0131 i\u015ftirak edibl\u0259r.<br \/>\nKonfransdan \u0259vv\u0259l t\u0259dbir i\u015ftirak\u00e7\u0131lar\u0131 Neft\u00e7ala \u015f\u0259h\u0259rind\u0259 ucald\u0131lan \u00fcmummilli lider Heyd\u0259r \u018fliyevin abid\u0259sini v\u0259 \u201c\u015e\u0259hidl\u0259r\u201d abid\u0259-kompleksini ziyar\u0259t edibl\u0259r, \u00f6n\u00fcn\u0259 g\u00fcl d\u0259st\u0259l\u0259ri d\u00fcz\u0259r\u0259k ruhlar\u0131na dualar oxuyublar.<br \/>\nT\u0259dbird\u0259 \u00f6nc\u0259 Az\u0259rbaycan Respublikas\u0131n\u0131n d\u00f6vl\u0259t himni s\u0259sl\u0259nib, ulu \u00f6nd\u0259r Heyd\u0259r \u018fliyevin v\u0259 Az\u0259rbaycan Respublikas\u0131n\u0131n \u0259razi b\u00fct\u00f6vl\u00fcy\u00fcn\u00fcn, m\u00fcst\u0259qilliyinin m\u00fcdafi\u0259si zaman\u0131 \u015f\u0259hid olan V\u0259t\u0259n \u00f6vladlar\u0131n\u0131n xatir\u0259si bir d\u0259qiq\u0259lik s\u00fckutla yad olunub.<br \/>\nKonfrans\u0131 a\u00e7\u0131q elan ed\u0259n Neft\u00e7ala Rayon A\u011fsaqqallar \u015euras\u0131n\u0131n s\u0259dri \u018fb\u00fclf\u0259z A\u011fayev bir il m\u00fcdd\u0259tind\u0259 a\u011fsaqqallar\u0131n rayonun ictimai-m\u0259d\u0259ni h\u0259yat\u0131ndak\u0131 rolundan, onlar\u0131n g\u0259nc n\u0259slin t\u0259lim-t\u0259rbiy\u0259sind\u0259, sa\u011flam inki\u015faf\u0131nda h\u0259yata ke\u00e7irdikl\u0259ri n\u00fcmun\u0259vi xidm\u0259tl\u0259rd\u0259n geni\u015f s\u00f6hb\u0259t a\u00e7\u0131b, b\u00fct\u00fcn d\u00fcnyada oldu\u011fu kimi, \u00f6lk\u0259mizd\u0259 d\u0259 m\u00f6vcud koronavirus pandemiyas\u0131 il\u0259 m\u00fcbariz\u0259d\u0259 apar\u0131lan maarifl\u0259ndirm\u0259 i\u015fl\u0259rind\u0259 a\u011fsaqqallar\u0131n \u00fcz\u0259rin\u0259 m\u00fc\u0259yy\u0259n v\u0259zif\u0259l\u0259rin d\u00fc\u015fd\u00fcy\u00fcn\u00fc bildirib. Ke\u00e7irilmi\u015f t\u0259dbirl\u0259rd\u0259n, g\u00f6r\u00fclm\u00fc\u015f i\u015fl\u0259rd\u0259n dan\u0131\u015fan, t\u0259\u015fkilat\u0131n f\u0259aliyy\u0259tinin \u0259hat\u0259li oldu\u011funu qeyd ed\u0259n s\u0259dr vur\u011fulay\u0131b ki, Rayon A\u011fsaqqallar \u015euras\u0131n\u0131n \u00fczvl\u0259ri h\u0259r zaman \u00f6z s\u00f6zl\u0259ri, \u0259m\u0259ll\u0259ri il\u0259 c\u0259miyy\u0259tin apar\u0131c\u0131 d\u00fc\u015f\u00fcnc\u0259 t\u0259rzinin ifad\u0259\u00e7isi olublar.<br \/>\nSonra \u018fb\u00fclf\u0259z A\u011fayev \u00e7\u0131x\u0131\u015f \u00fc\u00e7\u00fcn s\u00f6z\u00fc Neft\u00e7ala Rayon \u0130cra Hakimiyy\u0259tinin ba\u015f\u00e7\u0131s\u0131 Mirh\u0259s\u0259n Seyidova verib. Rayonun r\u0259hb\u0259ri a\u011fsaqqallar\u0131n h\u0259yat t\u0259cr\u00fcb\u0259sind\u0259n, bu t\u0259cr\u00fcb\u0259nin d\u00f6vl\u0259t\u00e7ilik tariximizd\u0259 v\u0259 g\u00fcnd\u0259lik h\u0259yat\u0131m\u0131zda da\u015f\u0131d\u0131\u011f\u0131 \u00f6n\u0259md\u0259n, \u0259v\u0259zsiz \u0259h\u0259miyy\u0259tind\u0259n b\u0259hs edib. Bildirib ki, T\u00fcrk d\u00fcnyas\u0131n\u0131n b\u00f6y\u00fck o\u011flu, \u00fcmummilli liderimiz Heyd\u0259r \u018fliyev h\u0259r zaman \u00f6lk\u0259mizin a\u011fsaqqallar\u0131na y\u00fcks\u0259k qiym\u0259t vermi\u015f, c\u0259miyy\u0259timizi bu d\u0259y\u0259rli insanlar\u0131n t\u0259cr\u00fcb\u0259sind\u0259n b\u0259hr\u0259l\u0259nm\u0259y\u0259 s\u0259f\u0259rb\u0259r etmi\u015fdir. Bu yana\u015fma haz\u0131rda Az\u0259rbaycan Respublikas\u0131n\u0131n Prezidenti c\u0259nab \u0130lham \u018fliyevin r\u0259hb\u0259rliyi il\u0259 diqq\u0259t m\u0259rk\u0259zind\u0259dir. Rayonda, k\u0259nd v\u0259 q\u0259s\u0259b\u0259l\u0259rd\u0259 \u0259hali il\u0259 olan g\u00f6r\u00fc\u015fl\u0259rd\u0259 a\u011fsaqqal s\u00f6z\u00fcn\u00fcn h\u0259mi\u015f\u0259 b\u00f6y\u00fck d\u0259y\u0259r\u0259 malik oldu\u011funu qeyd ed\u0259n Mirh\u0259s\u0259n Seyidov bildirib ki, \u00f6t\u0259n bir il \u0259rzind\u0259 Rayon A\u011fsaqqallar \u015euras\u0131n\u0131n h\u0259mi\u015f\u0259 g\u00f6z \u00f6n\u00fcnd\u0259 olan i\u015fi t\u0259qdir\u0259layiq hesab edilib. Cari il\u0259 diqq\u0259t \u00e7\u0259k\u0259n rayon r\u0259hb\u0259ri xat\u0131rlad\u0131b ki, bu bir il \u0259rzind\u0259 COVID-19 pandemiyas\u0131 il\u0259 yana\u015f\u0131, ekoloji \u00e7\u0259tinlikl\u0259r d\u0259 olub, X\u0259z\u0259r d\u0259nizinin suyu K\u00fcr \u00e7ay\u0131na qar\u0131\u015faraq, insanlar\u0131miz \u00fc\u00e7\u00fcn \u015firin su \u00e7at\u0131\u015fmazl\u0131\u011f\u0131 problemi yarad\u0131b. Lakin bu g\u00f6zl\u0259nilm\u0259z t\u0259bi\u0259t hadis\u0259sin\u0259 cavab olaraq, \u00f6lk\u0259 Prezidenti c\u0259nab \u0130lham \u018fliyevin d\u0259st\u0259yi v\u0259 t\u0259sdiql\u0259diyi proqramlar vasit\u0259sil\u0259 rayonumuza yeni \u015firin su x\u0259ttinin \u00e7\u0259kilm\u0259sin\u0259 nail ola bildik v\u0259 b\u00fct\u00fcn \u0259hali kimi, a\u011fsaqqallar\u0131 da \u0259n \u00e7ox narahat ed\u0259n bu problemi h\u0259ll etdik. \u00c7\u0131x\u0131\u015f\u0131n\u0131n sonunda Mirh\u0259s\u0259n Seyidov b\u00fct\u00fcn a\u011fsaqqallara sa\u011flam \u00f6m\u00fcr v\u0259 daim ruh y\u00fcks\u0259kliyi il\u0259 g\u0259ncl\u0259rimizl\u0259 daha s\u0131x \u0259m\u0259kda\u015fl\u0131qda olmalar\u0131n\u0131 t\u00f6vsiy\u0259 edib.<br \/>\nKonfransda \u00e7\u0131x\u0131\u015f \u00fc\u00e7\u00fcn s\u00f6z Az\u0259rbaycan A\u011fsaqqallar \u015euras\u0131n\u0131n s\u0259dr m\u00fcavini, professor Elmira S\u00fcleymanovaya verilib. O \u00f6z \u00e7\u0131x\u015f\u0131nda bildirib ki, \u00fcmummilli lider Heyd\u0259r \u018fliyev xalq\u0131m\u0131z\u0131n t\u0259kidli xahi\u015fi il\u0259 ikinci d\u0259f\u0259 siyasi hakimiyy\u0259t\u0259 g\u0259ldikd\u0259n sonra \u00f6lk\u0259mizin a\u011fsaqqallar\u0131n\u0131 da s\u0259f\u0259rb\u0259r ed\u0259r\u0259k, d\u00f6vl\u0259t\u00e7iliyin m\u00f6hk\u0259ml\u0259nm\u0259sind\u0259 onlar\u0131n z\u0259ngin t\u0259cr\u00fcb\u0259sind\u0259n, v\u0259t\u0259np\u0259rv\u0259rlik n\u00fcmun\u0259l\u0259rind\u0259n istifad\u0259 yollar\u0131n\u0131 prioritet probleml\u0259rin h\u0259llin\u0259 y\u00f6n\u0259ldib. M\u00fcz\u0259ff\u0259r Prezidentimiz c\u0259nab \u0130lham \u018fliyev d\u0259 dahi r\u0259hb\u0259rimizin m\u00fcdrik siyas\u0259tini davam etdir\u0259r\u0259k, xalq\u0131n q\u0131z\u0131l fondu olan a\u011fsaqqallar\u0131n g\u0259ncl\u0259rl\u0259 birlikd\u0259 f\u0259aliyy\u0259t g\u00f6st\u0259rm\u0259l\u0259ri \u00fc\u00e7\u00fcn geni\u015f imkanlar yarad\u0131r, ictimai f\u0259all\u0131qlar\u0131n\u0131 d\u0259y\u0259rl\u0259ndirir v\u0259 d\u0259st\u0259kl\u0259yir, onlara diqq\u0259t v\u0259 qay\u011f\u0131 m\u00fcnasib\u0259tl\u0259rini \u00f6n planda tutur. \u00d6lk\u0259mizin 76 \u015f\u0259h\u0259r v\u0259 rayonunda yerli t\u0259\u015fkilatlar\u0131 olan Respublika A\u011fsaqqallar \u015euras\u0131n\u0131n f\u0259aliyy\u0259ti m\u00f6ht\u0259r\u0259m Prezidentimizin d\u0259st\u0259yi il\u0259 daha da geni\u015fl\u0259nib, a\u011fsaqqal s\u00f6z\u00fcnun n\u00fcfuzu daha da art\u0131bd\u0131r.<br \/>\nElmira S\u00fcleymanova 30 il m\u00fcdd\u0259tind\u0259 davam ed\u0259n Qaraba\u011f probleminin h\u0259llind\u0259n, g\u00f6rk\u0259mli d\u00f6vl\u0259t v\u0259 siyasi xadim, g\u00fccl\u00fc s\u0259rk\u0259rd\u0259 v\u0259 diplomat \u0130lham \u018fliyevin m\u00fcdrik xalq\u0131m\u0131z\u0131 v\u0259 r\u0259\u015fad\u0259tli Ordumuzu bir yumruq kimi \u0259traf\u0131nda birl\u0259dir\u0259r\u0259k 44 g\u00fcnl\u00fck V\u0259t\u0259n m\u00fcharib\u0259sind\u0259 \u015f\u0259r\u0259fli Z\u0259f\u0259r qazanmas\u0131ndan, \u015f\u0259hidl\u0259rimizin f\u0259dakarl\u0131\u011f\u0131ndan, m\u00fcharib\u0259d\u0259 i\u015ftirak ed\u0259n V\u0259t\u0259n \u00f6vladlar\u0131n\u0131n c\u0259surlu\u011fundan, haqq i\u015fimiz u\u011frunda g\u00f6st\u0259rdikl\u0259ri igidlikl\u0259rl\u0259 d\u00fcnyan\u0131 heyr\u0259tl\u0259ndirm\u0259l\u0259rind\u0259n dan\u0131\u015fib. Vur\u011fulay\u0131b ki, bu m\u00fcharib\u0259d\u0259 qazand\u0131\u011f\u0131m\u0131z Q\u0259l\u0259b\u0259miz ata-babalar\u0131m\u0131z\u0131n \u015fanl\u0131 q\u0259hr\u0259manl\u0131q yollar\u0131n\u0131n davam\u0131d\u0131r. Haz\u0131rda c\u0259miyy\u0259timizd\u0259 g\u0259ncl\u0259rimiz \u00fc\u00e7\u00fcn b\u0259laya \u00e7evril\u0259n narkomaniyaya v\u0259 dig\u0259r z\u0259r\u0259rli v\u0259rdi\u015fl\u0259r\u0259 qar\u015f\u0131 m\u00fcbariz\u0259d\u0259 birl\u0259\u015fm\u0259li oldu\u011fumuzu bildir\u0259n Elmira xan\u0131m \u0259lav\u0259 edib ki, bu m\u00fcbariz\u0259 yollar\u0131nda a\u011fsaqqallar\u0131n birlikd\u0259 olmas\u0131 \u00e7ox vacibdir. \u0130nsanlar laqeyd olmamal\u0131, daim c\u0259miyy\u0259tin safl\u0131\u011f\u0131 \u00fc\u00e7\u00fcn q\u0259tiyy\u0259tl\u0259 v\u0259 \u00fcr\u0259kl\u0259 \u00e7al\u0131\u015fmal\u0131d\u0131rlar.<br \/>\nKonfransda Rayon A\u011fsaqqallar \u015euras\u0131n\u0131n s\u0259dr m\u00fcavini H\u00fcsniyy\u0259 Zeynalova, Yeni Az\u0259rbaycan Partiyas\u0131n\u0131n Neft\u00e7ala rayon t\u0259\u015fkilat\u0131n\u0131n sabiq r\u0259hb\u0259ri, a\u011fsaqqal ziyal\u0131 Oktay K\u0259rimov, \u015f\u0259hid atas\u0131 Balo\u011flan A\u011famal\u0131yev v\u0259 ba\u015fqalar\u0131 \u00e7\u0131x\u0131\u015f ed\u0259r\u0259k rayonda a\u011fsaqqallara olan h\u00f6rm\u0259td\u0259n v\u0259 qay\u011f\u0131dan s\u00f6hb\u0259t a\u00e7\u0131blar. Bildiribl\u0259r ki, m\u00fctamadi olaraq \u0259n ucqar k\u0259ndl\u0259rd\u0259 ya\u015fayan a\u011fsaqqallara bel\u0259 ba\u015f \u00e7\u0259k\u0259r\u0259k onlar\u0131n s\u0259hh\u0259ti, ehtiyaclar\u0131 il\u0259 maraqlan\u0131r, \u015f\u0259hid ail\u0259l\u0259rin\u0259, qazil\u0259r\u0259 x\u00fcsusi diqq\u0259t v\u0259 qay\u011f\u0131 il\u0259 yana\u015f\u0131rlar. Bildiribl\u0259r ki, bu yax\u0131nlarda \u015eu\u015fa \u015f\u0259h\u0259rind\u0259 t\u0259\u015fkil olunan Beyn\u0259lxalq Kulinariya festival\u0131nda i\u015ftirak etm\u0259l\u0259ri d\u0259 m\u0259hz a\u011fsaqqal insanlara b\u00f6y\u00fck diqq\u0259tin t\u0259zah\u00fcr\u00fcd\u00fcr. Daim d\u00f6vl\u0259timzin, Prezidentimiz c\u0259nab \u0130lham \u018fliyevin yan\u0131nda olduqlar\u0131n\u0131 qeyd ed\u0259n natiql\u0259r vur\u011fulay\u0131blar ki, bu birlik d\u00f6vl\u0259timizin, m\u00fcst\u0259qilliyimizin m\u00f6hk\u0259ml\u0259ndirilm\u0259sin\u0259 xidm\u0259t edir.<br \/>\nAz\u0259rbaycan A\u011fsaqqallar \u015euras\u0131n\u0131n s\u0259dr m\u00fcavini, professor Elmira S\u00fcleymanova yekun nitqind\u0259 konfrans i\u015ftirak\u00e7\u0131lar\u0131na, Neft\u00e7ala rayonunun b\u00fct\u00fcn a\u011fsaqqallar\u0131na v\u0259 r\u0259hb\u0259rliyin\u0259 g\u0259l\u0259c\u0259k f\u0259aliyy\u0259tl\u0259rind\u0259 yeni-yeni u\u011furlar v\u0259 m\u00f6hk\u0259m cansa\u011fl\u0131\u011f\u0131 arzulayaraq qeyd edib ki, biz birlikd\u0259 g\u00fccl\u00fcy\u00fck v\u0259 bu g\u00fcc Az\u0259rbaycan\u0131m\u0131z\u0131 daha da q\u00fcvv\u0259tl\u0259ndir\u0259c\u0259kdir.<br \/>\nSonda konfrans i\u015ftirak\u00e7\u0131lar\u0131 xatir\u0259 \u015f\u0259kli \u00e7\u0259kdiribl\u0259r.<\/p>\n<p>&nbsp;<\/p>\n<p>&nbsp;<\/p>\n<p>&nbsp;<\/p>\n<p>&nbsp;<\/p>\n","protected":false},"excerpt":{"rendered":"<p>9 iyun 2022-ci ild\u0259 Neft\u00e7ala Rayon A\u011fsaqqallar \u015euras\u0131n\u0131n hesabat konfrans\u0131 ke\u00e7irilib. Konfransda Az\u0259rbaycan A\u011fsaqqallar \u015euras\u0131n\u0131n s\u0259dr m\u00fcavini, professor Elmira S\u00fcleymanova,<\/p>\n","protected":false},"author":1,"featured_media":1391,"comment_status":"open","ping_status":"open","sticky":false,"template":"","format":"standard","meta":{"cybocfi_hide_featured_image":""},"categories":[24],"tags":[],"_links":{"self":[{"href":"https:\/\/agsaqqallarsurasi.az\/en\/wp-json\/wp\/v2\/posts\/1383"}],"collection":[{"href":"https:\/\/agsaqqallarsurasi.az\/en\/wp-json\/wp\/v2\/posts"}],"about":[{"href":"https:\/\/agsaqqallarsurasi.az\/en\/wp-json\/wp\/v2\/types\/post"}],"author":[{"embeddable":true,"href":"https:\/\/agsaqqallarsurasi.az\/en\/wp-json\/wp\/v2\/users\/1"}],"replies":[{"embeddable":true,"href":"https:\/\/agsaqqallarsurasi.az\/en\/wp-json\/wp\/v2\/comments?post=1383"}],"version-history":[{"count":1,"href":"https:\/\/agsaqqallarsurasi.az\/en\/wp-json\/wp\/v2\/posts\/1383\/revisions"}],"predecessor-version":[{"id":1397,"href":"https:\/\/agsaqqallarsurasi.az\/en\/wp-json\/wp\/v2\/posts\/1383\/revisions\/1397"}],"wp:featuredmedia":[{"embeddable":true,"href":"https:\/\/agsaqqallarsurasi.az\/en\/wp-json\/wp\/v2\/media\/1391"}],"wp:attachment":[{"href":"https:\/\/agsaqqallarsurasi.az\/en\/wp-json\/wp\/v2\/media?parent=1383"}],"wp:term":[{"taxonomy":"category","embeddable":true,"href":"https:\/\/agsaqqallarsurasi.az\/en\/wp-json\/wp\/v2\/categories?post=1383"},{"taxonomy":"post_tag","embeddable":true,"href":"https:\/\/agsaqqallarsurasi.az\/en\/wp-json\/wp\/v2\/tags?post=1383"}],"curies":[{"name":"wp","href":"https:\/\/api.w.org\/{rel}","templated":true}]}}