{"id":1411,"date":"2022-06-13T17:00:04","date_gmt":"2022-06-13T13:00:04","guid":{"rendered":"https:\/\/agsaqqallarsurasi.az\/?p=1411"},"modified":"2022-06-14T11:07:05","modified_gmt":"2022-06-14T07:07:05","slug":"az%c9%99rbaycan-agsaqqallar-surasinda-milli-qurtulus-gunu-munasib%c9%99til%c9%99-t%c9%99dbir-kecirilib","status":"publish","type":"post","link":"https:\/\/agsaqqallarsurasi.az\/en\/az%c9%99rbaycan-agsaqqallar-surasinda-milli-qurtulus-gunu-munasib%c9%99til%c9%99-t%c9%99dbir-kecirilib\/","title":{"rendered":"Az\u0259rbaycan A\u011fsaqqallar \u015euras\u0131nda Milli Qurtulu\u015f G\u00fcn\u00fc m\u00fcnasib\u0259til\u0259 t\u0259dbir ke\u00e7irilib"},"content":{"rendered":"<p>Milli Qurtulu\u015f G\u00fcn\u00fc Az\u0259rbaycan xalq\u0131 \u00fc\u00e7\u00fcn sad\u0259c\u0259 t\u0259qvim bayram\u0131 deyil, b\u00f6y\u00fck ictimai, siyasi v\u0259 tarixi \u0259h\u0259miyy\u0259t\u0259 malik bir g\u00fcnd\u00fcr. Bu tarix xalq\u0131m\u0131z \u00fc\u00e7\u00fcn \u0259sl qurtulu\u015f tarixidir. Bu tarixi yaradan is\u0259 Az\u0259rbaycan\u0131n m\u00fcst\u0259qilliyinin qorunub saxlanmas\u0131nda, m\u00f6hk\u0259ml\u0259nm\u0259sind\u0259, inki\u015faf\u0131nda m\u00fcst\u0259sna rol oynayan, daim xalq\u0131na arxalanan ulu \u00f6nd\u0259r Heyd\u0259r \u018fliyevdir.<br \/>\nBu s\u00f6zl\u0259ri Az\u0259rbaycan A\u011fsaqqallar \u015euras\u0131nda 15 \u0130yun &#8211; Milli Qurtulu\u015f G\u00fcn\u00fcn\u0259 h\u0259sr edilmi\u015f t\u0259dbird\u0259 Az\u0259rbaycan A\u011fsaqqallar \u015euras\u0131n\u0131n s\u0259dri, Milli M\u0259clisin deputat\u0131, professor Eldar Quliyev s\u00f6yl\u0259yib.<br \/>\nMilli Qurtulu\u015f G\u00fcn\u00fcn\u00fcn tarixi \u0259h\u0259miyy\u0259ti haqq\u0131nda dan\u0131\u015fan Eldar Quliyev qeyd edib ki, milli qurtulu\u015f ideologiyas\u0131n\u0131n t\u0259nt\u0259n\u0259si h\u0259r zaman m\u00fcst\u0259qil respublikam\u0131z\u0131n davaml\u0131 inki\u015faf\u0131nda \u00f6z\u00fcn\u00fc b\u00fcruz\u0259 verib, d\u00fcnyada Az\u0259rbaycan\u0131n n\u00fcfuzunun daha art\u0131r\u0131lmas\u0131nda \u0259sas faktora \u00e7evrilib: \u201cUlu \u00f6nd\u0259r Heyd\u0259r \u018fliyevin hakimiyy\u0259t\u0259 qay\u0131d\u0131\u015f\u0131ndan sonra \u00f6lk\u0259d\u0259 ba\u015f vermi\u015f sosial-iqtisadi v\u0259 siyasi inki\u015faf d\u00f6vl\u0259timizin m\u00f6hk\u0259ml\u0259nm\u0259sind\u0259, sivil d\u00fcnyaya s\u0131x inteqrasiya prosesin\u0259 qo\u015fulmas\u0131nda v\u0259 xalq\u0131m\u0131z\u0131n strateji m\u0259nafel\u0259rini t\u0259min ed\u0259n modern c\u0259miyy\u0259tin qurulmas\u0131nda h\u0259lledici rol oynad\u0131. Bel\u0259likl\u0259, bu m\u00fch\u00fcm tarixi g\u00fcn xalq\u0131m\u0131z\u0131n yadda\u015f\u0131na Milli Qurtulu\u015f G\u00fcn\u00fc kimi h\u0259kk oldu v\u0259 1997-ci ild\u0259n etibar\u0259n parlamentin q\u0259rar\u0131 il\u0259 r\u0259smi bayram kimi qeyd edilm\u0259y\u0259 ba\u015flad\u0131. \u018fg\u0259r m\u00fcst\u0259qilliyi qazanmaq ilkin \u015f\u0259rt idis\u0259, ikinci vacib m\u0259s\u0259l\u0259 onu qoruyub inki\u015faf etdirm\u0259k idi. Bu, \u00dcmummilli Liderin irad\u0259si say\u0259sind\u0259 reall\u0131\u011fa \u00e7evrildi. Heyd\u0259r \u018fliyev milli d\u00f6vl\u0259t\u00e7iliyimizin konsepsiyas\u0131n\u0131 yaratd\u0131\u201d.<br \/>\nEldar Quliyev \u0259lav\u0259 edib ki, \u00f6t\u0259n ill\u0259r \u0259rzind\u0259 Az\u0259rbaycan b\u00f6y\u00fck inki\u015faf yolu ke\u00e7ib. \u00d6lk\u0259mizin inki\u015faf strategiyas\u0131 m\u0259hz ulu \u00f6nd\u0259r Heyd\u0259r \u018fliyev t\u0259r\u0259find\u0259n m\u00fc\u0259yy\u0259nl\u0259\u015fdirilib. Az\u0259rbaycanda Heyd\u0259r \u018fliyev siyas\u0259tinin alternativi yoxdur. Bug\u00fcnk\u00fc Az\u0259rbaycan Ulu \u00d6nd\u0259rin g\u00f6rm\u0259k ist\u0259diyi Az\u0259rbaycand\u0131r. Qazan\u0131lan b\u00fct\u00fcn nailiyy\u0259tl\u0259rin \u0259sas\u0131nda \u00dcmummilli Lider t\u0259r\u0259find\u0259n m\u00fc\u0259yy\u0259nl\u0259\u015fdiril\u0259n siyasi kurs v\u0259 Prezident \u0130lham \u018fliyevin bu siyasi kursu u\u011furla davam etdirm\u0259si fakt\u0131 dayan\u0131r.<br \/>\nAz\u0259rbaycan A\u011fsaqqallar \u015euras\u0131n\u0131n s\u0259drinin m\u00fcavini, Milli M\u0259clisin deputat\u0131, professor Eldar \u0130brahimov \u00e7\u0131x\u0131\u015f ed\u0259r\u0259k Milli Qurtulu\u015f G\u00fcn\u00fcn\u00fcn tarixi v\u0259 \u00f6lk\u0259mizin inki\u015faf\u0131ndak\u0131 \u0259h\u0259miyy\u0259ti bar\u0259d\u0259 dan\u0131\u015f\u0131b. Natiq qurtulu\u015fa ged\u0259n yolun \u00e7ox \u00e7\u0259tin oldu\u011funu qeyd ed\u0259r\u0259k deyib ki, o d\u00f6vrd\u0259 Az\u0259rbaycanda yar\u0131tmaz, ancaq \u00f6z m\u0259nf\u0259\u0259tini d\u00fc\u015f\u00fcn\u0259n insanlar hakimiyy\u0259td\u0259 idil\u0259r. Bel\u0259 bir d\u00f6vrd\u0259 ulu \u00f6nd\u0259r Heyd\u0259r \u018fliyevin \u0259traf\u0131nda topla\u015fan, \u00f6z xalq\u0131n\u0131n m\u0259nafeyini h\u0259r \u015feyd\u0259n \u00fcst\u00fcn tutan insanlar bilirdil\u0259r ki, yeni bir siyasi partiyan\u0131n yarad\u0131lmas\u0131na ehtiyac var. Bu partiya Yeni Az\u0259rbaycan Partiyas\u0131 oldu. Xilaskarl\u0131q missiyas\u0131n\u0131 \u00f6z \u00fcz\u0259rin\u0259 g\u00f6t\u00fcr\u0259r\u0259k xalq\u0131m\u0131z\u0131n t\u0259kidli xahi\u015fi il\u0259 hakimiyy\u0259t\u0259 qay\u0131dan ulu \u00f6nd\u0259r Heyd\u0259r \u018fliyev Az\u0259rbaycan\u0131 d\u00fcnya x\u0259rit\u0259sind\u0259n silinm\u0259k t\u0259hl\u00fck\u0259sind\u0259n xilas etdi. \u00d6lk\u0259d\u0259 siyasi sabitlik yaratd\u0131. Ulu \u00f6nd\u0259r Heyd\u0259r \u018fliyev \u00f6lk\u0259 r\u0259hb\u0259rliyin\u0259 qay\u0131td\u0131qdan sonra Az\u0259rbaycan\u0131n geosiyasi imkanlar\u0131ndan istifad\u0259 ed\u0259r\u0259k m\u00fcst\u0259qilliyini qoruyub saxlama\u011fa, \u00f6lk\u0259mizi s\u00fcr\u0259tli inki\u015faf yoluna \u00e7\u0131xarma\u011fa, xalq\u0131m\u0131z\u0131n milli m\u0259n\u0259vi s\u0259rv\u0259tl\u0259rin\u0259 sahib \u00e7\u0131xmas\u0131na, d\u00fcnyan\u0131n m\u00fcxt\u0259lif \u00f6lk\u0259l\u0259rind\u0259 ya\u015fayan milyonlarla az\u0259rbaycanl\u0131n\u0131n vahid m\u0259fkur\u0259 \u0259traf\u0131nda birl\u0259\u015fdirilm\u0259sin\u0259 nail oldu. M\u0259hz Ulu \u00d6nd\u0259rin s\u0259yl\u0259ri n\u0259tic\u0259sind\u0259 \u201c\u018fsrin m\u00fcqavil\u0259si\u201dnin imzaland\u0131\u011f\u0131n\u0131 bildir\u0259n Eldar \u0130brahimov deyib ki, bu g\u00fcn Prezident \u0130lham \u018fliyev Ulu \u00d6nd\u0259rin ba\u015flad\u0131\u011f\u0131 enerji, n\u0259qliyyat layih\u0259l\u0259rini u\u011furla davam v\u0259 inki\u015faf etdirir. Bu g\u00fcn apar\u0131lan d\u00fczg\u00fcn iqtisadi siyas\u0259t n\u0259tic\u0259sind\u0259 h\u0259m v\u0259t\u0259nda\u015flar\u0131m\u0131z firavan h\u0259yat s\u00fcr\u00fcr, h\u0259m d\u0259 Az\u0259rbaycan Avropan\u0131n enerji t\u0259hl\u00fck\u0259sizliyind\u0259 \u00f6n\u0259mli rol oynay\u0131r.<br \/>\n\u00dcmummilli Liderin 1993-c\u00fc il iyunun 15-d\u0259 Az\u0259rbaycanda hakimiyy\u0259t\u0259 qay\u0131d\u0131\u015f\u0131n\u0131n d\u00f6vl\u0259t\u00e7ilik tariximizin \u015fanl\u0131 s\u0259hif\u0259sini t\u0259\u015fkil etdiyini dey\u0259n Eldar \u0130brahimov s\u00f6yl\u0259yib ki, q\u0259dirbil\u0259n xalq\u0131m\u0131z b\u00f6y\u00fck xilaskar\u0131n\u0131n xidm\u0259tl\u0259rini unutmur v\u0259 15 \u0130yun &#8211; Milli Qurtulu\u015f G\u00fcn\u00fcn\u00fc h\u0259r il y\u00fcks\u0259k \u0259hval-ruhiyy\u0259 il\u0259 qeyd edir. Deputat diqq\u0259t\u0259 \u00e7atd\u0131r\u0131b ki, \u00f6t\u0259n ill\u0259rd\u0259 \u00dcmummilli Liderin h\u0259yata ke\u00e7irdiyi xilaskarl\u0131q missiyas\u0131 xalq\u0131m\u0131z\u0131n v\u0259 b\u00fct\u00fcn d\u00fcnyan\u0131n g\u00f6z\u00fc qar\u015f\u0131s\u0131nda c\u0259r\u0259yan edib, Az\u0259rbaycan m\u0259hv olmaq t\u0259hl\u00fck\u0259sind\u0259n qurtularaq g\u0259l\u0259c\u0259y\u0259 inamla baxan g\u00fccl\u00fc d\u00f6vl\u0259t\u0259 \u00e7evrilib. Bu ill\u0259rd\u0259 Heyd\u0259r \u018fliyevin g\u0259rgin z\u0259hm\u0259t, \u0259zm v\u0259 siyasi irad\u0259 say\u0259sind\u0259 realla\u015fd\u0131rd\u0131\u011f\u0131 n\u0259h\u0259ng i\u015fl\u0259r \u00f6z miqyas\u0131na g\u00f6r\u0259 insan\u0131 heyr\u0259t\u0259 g\u0259tirir. Onun r\u0259hb\u0259rliyi alt\u0131nda Az\u0259rbaycan d\u00f6vl\u0259tinin xarici siyas\u0259ti, d\u00fcnyan\u0131n apar\u0131c\u0131 d\u00f6vl\u0259tl\u0259ri v\u0259 beyn\u0259lxalq t\u0259\u015fkilatlar\u0131 il\u0259 \u0259laq\u0259l\u0259ri milli maraqlara v\u0259 uzaqg\u00f6r\u0259n siyasi perspektivl\u0259r\u0259 \u0259saslanan x\u0259tl\u0259 inki\u015faf edib. Eldar \u0130brahimov qeyd edib ki, g\u0259ncl\u0259rimiz Milli Qurtulu\u015f G\u00fcn\u00fcn\u00fcn \u0259h\u0259miyy\u0259tini, ulu \u00f6nd\u0259r Heyd\u0259r \u018fliyevin V\u0259t\u0259n v\u0259 xalq qar\u015f\u0131s\u0131ndak\u0131 misilsiz xidm\u0259tl\u0259rini d\u0259rind\u0259n \u00f6yr\u0259nm\u0259li, Prezidentimiz c\u0259nab \u0130lham \u018fliyevin h\u0259yata ke\u00e7irdiyi v\u0259 \u00f6lk\u0259mizin s\u00fcr\u0259tli inki\u015faf\u0131n\u0131 t\u0259min ed\u0259n d\u00f6vl\u0259t siyas\u0259tin\u0259 sadiq qalaraq, Az\u0259rbaycan\u0131n t\u0259r\u0259qqisin\u0259 m\u00fch\u00fcm t\u00f6hf\u0259 verm\u0259lidirl\u0259r.<br \/>\nAz\u0259rbaycan A\u011fsaqqallar \u015euras\u0131n\u0131n s\u0259drinin birinci m\u00fcavini, Milli M\u0259clisin deputat\u0131, akademik \u018fhliman \u018fmiraslanov vur\u011fulay\u0131b ki, XX \u0259srin sonlar\u0131nda, x\u00fcsusil\u0259 SSR\u0130-nin da\u011f\u0131lmas\u0131 \u0259r\u0259f\u0259sind\u0259 v\u0259 m\u00fcst\u0259qilliyimizin ilk ill\u0259rind\u0259 xalq\u0131m\u0131z\u0131n ba\u015f\u0131na a\u00e7\u0131lan m\u00fcsib\u0259tl\u0259rin s\u0259b\u0259bi m\u0259hz milli r\u0259hb\u0259rin olmamas\u0131 idi. Hakimiyy\u0259t\u0259 qay\u0131td\u0131qdan sonra h\u0259yata ke\u00e7irdiyi islahatlar, yeritdiyi siyas\u0259t n\u0259tic\u0259sind\u0259 Az\u0259rbaycan\u0131 b\u00fct\u00fcn d\u00fcnyaya tan\u0131dan \u00dcmummilli Lider xalq\u0131m\u0131z\u0131n \u00f6z se\u00e7imind\u0259 yan\u0131lmad\u0131\u011f\u0131n\u0131 s\u00fcbut etdi. Sevindirici hald\u0131r ki, Ulu \u00d6nd\u0259rin \u0259sas\u0131n\u0131 qoydu\u011fu ideyalar bu g\u00fcn m\u00f6ht\u0259r\u0259m Prezidentimiz c\u0259nab \u0130lham \u018fliyev t\u0259r\u0259find\u0259n u\u011furla h\u0259yata ke\u00e7irilir, Az\u0259rbaycan xalq\u0131 onun r\u0259hb\u0259rliyi il\u0259 xo\u015fb\u0259xt g\u0259l\u0259c\u0259y\u0259 do\u011fru q\u0259tiyy\u0259tl\u0259 add\u0131mlay\u0131r.<br \/>\nAz\u0259rbaycan A\u011fsaqqallar \u015euras\u0131n\u0131n s\u0259drinin m\u00fcavini, professor Elmira S\u00fcleymanova, \u018fqli M\u00fclkiyy\u0259t Agentliyinin \u0130dar\u0259 Hey\u0259tinin s\u0259dri, Az\u0259rbaycan A\u011fsaqqallar \u015euras\u0131n\u0131n \u0130dar\u0259 Hey\u0259tinin \u00fczvl\u0259ri &#8211; professor Kamran \u0130manov v\u0259 professor Misir M\u0259rdanov, habel\u0259 Suraxan\u0131 Rayon A\u011fsaqqallar \u015euras\u0131n\u0131n s\u0259dri Arif Babayev Milli Qurtulu\u015f G\u00fcn\u00fcn\u00fcn m\u00fcst\u0259qilliyimizin tarixin\u0259 \u015fanl\u0131 s\u0259hif\u0259 kimi yaz\u0131ld\u0131\u011f\u0131n\u0131 vur\u011fulay\u0131b, bu g\u00fcn\u00fcn Az\u0259rbaycan\u0131n tarixind\u0259 yeni m\u0259rh\u0259l\u0259nin ba\u015flan\u011f\u0131c\u0131 oldu\u011funu diqq\u0259t\u0259 \u00e7atd\u0131r\u0131blar.<br \/>\nT\u0259dbird\u0259 Az\u0259rbaycan A\u011fsaqqallar \u015euras\u0131n\u0131n s\u0259dr m\u00fcavinl\u0259ri \u2013 professor Vahid Novruzov, Bayram Yusifov, Tahir S\u00fcleymanov, AMEA-n\u0131n prezidenti v\u0259zif\u0259sini icra ed\u0259n, Az\u0259rbaycan A\u011fsaqqallar \u015euras\u0131n\u0131n \u0130dar\u0259 Hey\u0259tinin \u00fczv\u00fc, akademik Arif H\u0259\u015fimov, t\u0259\u015fkilat\u0131n aparat r\u0259hb\u0259ri Ramin H\u0259s\u0259nli, b\u00f6y\u00fck m\u0259sl\u0259h\u0259t\u00e7i &#8211; h\u00fcquq\u015f\u00fcnas\u0131 Kamal \u018fliyev, m\u0259sl\u0259h\u0259t\u00e7isi Zahid Abbasov v\u0259 \u015euran\u0131n rayon t\u0259\u015fkilatlar\u0131n\u0131n s\u0259drl\u0259ri i\u015ftirak edibl\u0259r.<\/p>\n","protected":false},"excerpt":{"rendered":"<p>Milli Qurtulu\u015f G\u00fcn\u00fc Az\u0259rbaycan xalq\u0131 \u00fc\u00e7\u00fcn sad\u0259c\u0259 t\u0259qvim bayram\u0131 deyil, b\u00f6y\u00fck ictimai, siyasi v\u0259 tarixi \u0259h\u0259miyy\u0259t\u0259 malik bir g\u00fcnd\u00fcr. Bu<\/p>\n","protected":false},"author":1,"featured_media":1420,"comment_status":"open","ping_status":"open","sticky":false,"template":"","format":"standard","meta":{"cybocfi_hide_featured_image":""},"categories":[24],"tags":[],"_links":{"self":[{"href":"https:\/\/agsaqqallarsurasi.az\/en\/wp-json\/wp\/v2\/posts\/1411"}],"collection":[{"href":"https:\/\/agsaqqallarsurasi.az\/en\/wp-json\/wp\/v2\/posts"}],"about":[{"href":"https:\/\/agsaqqallarsurasi.az\/en\/wp-json\/wp\/v2\/types\/post"}],"author":[{"embeddable":true,"href":"https:\/\/agsaqqallarsurasi.az\/en\/wp-json\/wp\/v2\/users\/1"}],"replies":[{"embeddable":true,"href":"https:\/\/agsaqqallarsurasi.az\/en\/wp-json\/wp\/v2\/comments?post=1411"}],"version-history":[{"count":1,"href":"https:\/\/agsaqqallarsurasi.az\/en\/wp-json\/wp\/v2\/posts\/1411\/revisions"}],"predecessor-version":[{"id":1444,"href":"https:\/\/agsaqqallarsurasi.az\/en\/wp-json\/wp\/v2\/posts\/1411\/revisions\/1444"}],"wp:featuredmedia":[{"embeddable":true,"href":"https:\/\/agsaqqallarsurasi.az\/en\/wp-json\/wp\/v2\/media\/1420"}],"wp:attachment":[{"href":"https:\/\/agsaqqallarsurasi.az\/en\/wp-json\/wp\/v2\/media?parent=1411"}],"wp:term":[{"taxonomy":"category","embeddable":true,"href":"https:\/\/agsaqqallarsurasi.az\/en\/wp-json\/wp\/v2\/categories?post=1411"},{"taxonomy":"post_tag","embeddable":true,"href":"https:\/\/agsaqqallarsurasi.az\/en\/wp-json\/wp\/v2\/tags?post=1411"}],"curies":[{"name":"wp","href":"https:\/\/api.w.org\/{rel}","templated":true}]}}