{"id":1447,"date":"2022-06-13T17:50:42","date_gmt":"2022-06-13T13:50:42","guid":{"rendered":"https:\/\/agsaqqallarsurasi.az\/?p=1447"},"modified":"2022-06-14T11:11:03","modified_gmt":"2022-06-14T07:11:03","slug":"15-iyun-milli-qurtulus-gunu","status":"publish","type":"post","link":"https:\/\/agsaqqallarsurasi.az\/en\/15-iyun-milli-qurtulus-gunu\/","title":{"rendered":"15 \u0130yun-Milli Qurtulu\u015f G\u00fcn\u00fc"},"content":{"rendered":"<p>Q\u0259dim tarix\u0259 malik olan, uzun ill\u0259r m\u00fcst\u0259qillik h\u0259sr\u0259ti il\u0259 ya\u015fayan xalq\u0131m\u0131z 1991-ci ild\u0259 m\u00fcst\u0259qillik \u0259ld\u0259 etdi. Ancaq \u00f6lk\u0259ni tez bir zamanda xaos b\u00fcr\u00fcd\u00fc, hakimiyy\u0259t qar\u015f\u0131durmas\u0131, s\u0259ri\u015ft\u0259sizlik \u00f6lk\u0259d\u0259 d\u0259rin b\u00f6hran yaratd\u0131. Xarici v\u0259 daxili q\u00fcvv\u0259l\u0259rin t\u0259siri n\u0259tic\u0259sind\u0259 \u00f6lk\u0259d\u0259 yaranm\u0131\u015f kritik v\u0259ziyy\u0259tin dair\u0259si g\u00fcnb\u0259g\u00fcn geni\u015fl\u0259ndi. M\u00fcst\u0259qilliyimizi n\u0259inki \u00f6z\u00fcm\u00fcz\u00fcn b\u0259zi \u00fczd\u0259niraq q\u00fcvv\u0259l\u0259ri, h\u0259m\u00e7inin bir s\u0131ra xarici q\u00fcvv\u0259l\u0259r d\u0259 ist\u0259mirdi. M\u0259nfur qon\u015fumuz torpaq iddias\u0131 il\u0259 geni\u015f miqyasda h\u0259r\u0259k\u0259t\u0259 ke\u00e7mi\u015fdi. \u00d6z havadarlar\u0131na arxalanan erm\u0259ni separat\u00e7\u0131lar\u0131 a\u00e7\u0131q \u015f\u0259kild\u0259 m\u00fcharib\u0259y\u0259 ba\u015flam\u0131\u015f, b\u0259zi \u0259razil\u0259rimizi i\u015f\u011fal etmi\u015fdil\u0259r. H\u0259min d\u00f6vrd\u0259 respublikam\u0131za r\u0259hb\u0259rlik ed\u0259n AXC-M\u00fcsavat \u00e7\u00fctl\u00fcy\u00fc \u00f6z s\u0259ri\u015ft\u0259sizliyi ucbat\u0131ndan yaranm\u0131\u015f v\u0259ziyy\u0259td\u0259n he\u00e7 bir \u00e7\u0131x\u0131\u015f tapa bilmirdi, \u0259ksin\u0259 hakimiyy\u0259t \u00e7\u0259ki\u015fm\u0259l\u0259rind\u0259 birba\u015fa i\u015ftirak edirdi. \u00d6lk\u0259d\u0259 hakimiyy\u0259tsizlik, anarxiya h\u00f6km s\u00fcr\u00fcrd\u00fc. \u00d6lk\u0259 idar\u0259olunmaz v\u0259ziyy\u0259t\u0259 g\u0259lmi\u015fdi. Ayr\u0131-ayr\u0131 d\u0259st\u0259l\u0259r he\u00e7 kim\u0259 tabe olmur, ba\u015f\u0131pozuq h\u0259r\u0259k\u0259tl\u0259ri il\u0259 yaranm\u0131\u015f v\u0259ziyy\u0259ti daha da g\u0259rginl\u0259\u015fdirirdil\u0259r. \u018fhalinin maddi durumu da g\u00fcnd\u0259n-g\u00fcn\u0259 pisl\u0259\u015firdi. \u00d6lk\u0259 par\u00e7alanmaq, m\u00fcst\u0259qilliyimiz m\u0259hv olmaq t\u0259hl\u00fck\u0259sinin bir add\u0131ml\u0131\u011f\u0131nda dayanm\u0131\u015fd\u0131. 1993-c\u00fc il iyul ay\u0131n\u0131n \u0259vv\u0259ll\u0259rind\u0259 G\u0259nc\u0259d\u0259 ba\u015f qald\u0131rm\u0131\u015f qiyam is\u0259 v\u0259ziyy\u0259ti h\u0259dd\u0259n art\u0131q g\u0259rginl\u0259\u015fdirdi. Yaranm\u0131\u015f siyasi b\u00f6hran\u0131n h\u0259lli \u00fc\u00e7\u00fcn m\u00fcdrik bir insana, dahi r\u0259hb\u0259r\u0259 b\u00f6y\u00fck ehtiyac duyulurdu. Bel\u0259 bir v\u0259ziyy\u0259td\u0259 b\u00fct\u00fcn diqq\u0259tl\u0259r Nax\u00e7\u0131vana y\u00f6n\u0259ldi. Xalq\u0131n t\u0259kidi il\u0259 ulu \u00f6nd\u0259r Heyd\u0259r \u018fliyev yenid\u0259n hakimiyy\u0259t\u0259 \u00e7a\u011f\u0131r\u0131ld\u0131. Dahi r\u0259hb\u0259r xalq\u0131m\u0131z\u0131n bel\u0259 bir a\u011f\u0131r v\u0259ziyy\u0259tind\u0259 \u00e7a\u011f\u0131r\u0131\u015flara d\u0259rhal cavab ver\u0259r\u0259k Bak\u0131ya qay\u0131td\u0131. B\u00f6y\u00fck qay\u0131d\u0131\u015f \u00f6lk\u0259miz \u00fc\u00e7\u00fcn bir nicat idi.<br \/>\n15 iyun 1993-c\u00fc ild\u0259 Az\u0259rbaycan Respublikas\u0131n\u0131n Ali Sovetinin s\u0259dri se\u00e7il\u0259n Heyd\u0259r \u018fliyev b\u00f6y\u00fck xilaskarl\u0131q f\u0259aliyy\u0259tin\u0259 ba\u015flad\u0131. Q\u0131sa zaman k\u0259siyind\u0259 \u00f6lk\u0259miz d\u00fc\u015fd\u00fcy\u00fc b\u0259lalardan xilas oldu. Anarxiya v\u0259 xaosa son qoyuldu, yeni m\u00fcst\u0259qil d\u00f6vl\u0259t\u00e7iliyin qurulmas\u0131 istiqam\u0259tind\u0259 t\u0259dbirl\u0259r h\u0259yata ke\u00e7irildi. Ulu Ond\u0259rin dahiyan\u0259 v\u0259 m\u00fcdrik r\u0259hb\u0259rliyi say\u0259sind\u0259 Az\u0259rbaycan\u0131n d\u00f6vl\u0259t m\u00fcst\u0259qilliyi qorunub saxlan\u0131ld\u0131. 15 iyun tarixind\u0259n \u00f6lk\u0259mizin yeni d\u00f6vr\u00fc ba\u015flad\u0131, m\u00fcst\u0259qil Az\u0259rbaycan quruldu.<br \/>\n\u018fsas\u0131 15 iyunda qoyulan m\u00fcst\u0259qil \u00f6lk\u0259miz Az\u0259rbaycan Respublikas\u0131n\u0131n Prezidenti c\u0259nab \u0130lham \u018fliyev t\u0259r\u0259find\u0259n daha da inki\u015faf etdirildi. Dahi Heyd\u0259r \u018fliyev siyasi kursuna b\u00fct\u00fcn sah\u0259l\u0259rd\u0259 ard\u0131c\u0131l v\u0259 d\u00f6nm\u0259d\u0259n sadiqliyini n\u00fcmayi\u015f etdir\u0259n c\u0259nab Prezidentimiz q\u0259tiyy\u0259tli add\u0131mlar\u0131 v\u0259 m\u00fcdrik siyas\u0259ti say\u0259sind\u0259 bu g\u00fcn d\u00fcnya siyasi arenas\u0131nda \u00f6z m\u00f6vqeyi v\u0259 n\u00fcfuzu olan q\u00fcdr\u0259tli Az\u0259rbaycan\u0131n b\u0259rq\u0259rar olmas\u0131na nail oldu.<br \/>\nAli Ba\u015f Komandan\u0131m\u0131z\u0131n irad\u0259si v\u0259 m\u00fcz\u0259ff\u0259r Ordumuzun \u015f\u00fcca\u0259ti n\u0259tic\u0259sind\u0259 44 g\u00fcnl\u00fck V\u0259t\u0259n m\u00fcharib\u0259sind\u0259 30 il i\u015f\u011fal alt\u0131nda qalan \u0259z\u0259li torpaqlar\u0131m\u0131z d\u00fc\u015fm\u0259n tapda\u011f\u0131ndan azad edildi. Tarixi Q\u0259l\u0259b\u0259 &#8211; \u015fanl\u0131 Z\u0259f\u0259rimiz d\u00fcnyaya \u00f6lk\u0259mizin g\u00fcc\u00fcn\u00fc n\u00fcmayi\u015f etdirdi. Eyni zamanda bu q\u0259l\u0259b\u0259 il\u0259 m\u00f6ht\u0259r\u0259m Prezidentimiz Ata v\u0259siyy\u0259tini yerin\u0259 yetir\u0259r\u0259k xalq\u0131m\u0131za b\u00f6y\u00fck sevinc b\u0259x\u015f etdi.<br \/>\nArt\u0131q 2-ci ildir ki, xalq\u0131m\u0131z m\u0259\u011frur v\u0259 qalib xalq kimi \u015fanl\u0131 Z\u0259f\u0259rin t\u0259nt\u0259n\u0259si il\u0259 ya\u015fay\u0131r. Haz\u0131rda i\u015f\u011faldan azad olunmu\u015f \u0259razil\u0259rd\u0259 b\u00f6y\u00fck quruculuq i\u015fl\u0259ri h\u0259yata ke\u00e7irilir v\u0259 \u0259minik ki, Az\u0259rbaycan Respublikas\u0131n\u0131n Prezidenti c\u0259nab \u0130lham \u018fliyevin r\u0259hb\u0259rliyi alt\u0131nda tezlikl\u0259 h\u0259min \u0259razil\u0259rimiz d\u0259 \u00f6lk\u0259mizin dig\u0259r regionlar\u0131 kimi \u0259sl c\u0259nn\u0259t\u0259 \u00e7evril\u0259c\u0259kdir. Art\u0131q m\u00fcharib\u0259 v\u0259 i\u015f\u011fal n\u0259tic\u0259sind\u0259 \u00f6z evl\u0259rini t\u0259rk etmi\u015f insanlar\u0131n do\u011fma ata-baba yurdlar\u0131na qay\u0131d\u0131\u015f\u0131na \u2013 \u201cB\u00f6y\u00fck qay\u0131d\u0131\u015f\u201da start verilib.<br \/>\nC\u0259nab Prezidentimizin Az\u0259rbaycan namin\u0259 apard\u0131\u011f\u0131 \u00e7ox\u015fax\u0259li siyas\u0259t, xalq\u0131m\u0131z\u0131n xo\u015fb\u0259xtliyi namin\u0259 verdiyi q\u0259rarlar b\u00fct\u00fcn xalq\u0131m\u0131z kimi Nizami rayonunun a\u011fsaqqallar\u0131nda da b\u00f6y\u00fck f\u0259xar\u0259t hissi yarad\u0131r v\u0259 biz bu yolda d\u00f6vl\u0259t ba\u015f\u00e7\u0131s\u0131 c\u0259nab \u0130lham \u018fliyev\u0259 u\u011furlar dil\u0259yirik.<br \/>\nTanr\u0131 Az\u0259rbaycan\u0131m\u0131z\u0131 v\u0259 Prezidentimizi qorusun!<\/p>\n<p>May\u0131l \u018fliyev<br \/>\nNizami Rayon A\u011fsaqqallar \u015euras\u0131n\u0131n s\u0259dri<\/p>\n","protected":false},"excerpt":{"rendered":"<p>Q\u0259dim tarix\u0259 malik olan, uzun ill\u0259r m\u00fcst\u0259qillik h\u0259sr\u0259ti il\u0259 ya\u015fayan xalq\u0131m\u0131z 1991-ci ild\u0259 m\u00fcst\u0259qillik \u0259ld\u0259 etdi. Ancaq \u00f6lk\u0259ni tez bir<\/p>\n","protected":false},"author":1,"featured_media":1448,"comment_status":"open","ping_status":"open","sticky":false,"template":"","format":"standard","meta":{"cybocfi_hide_featured_image":""},"categories":[24],"tags":[],"_links":{"self":[{"href":"https:\/\/agsaqqallarsurasi.az\/en\/wp-json\/wp\/v2\/posts\/1447"}],"collection":[{"href":"https:\/\/agsaqqallarsurasi.az\/en\/wp-json\/wp\/v2\/posts"}],"about":[{"href":"https:\/\/agsaqqallarsurasi.az\/en\/wp-json\/wp\/v2\/types\/post"}],"author":[{"embeddable":true,"href":"https:\/\/agsaqqallarsurasi.az\/en\/wp-json\/wp\/v2\/users\/1"}],"replies":[{"embeddable":true,"href":"https:\/\/agsaqqallarsurasi.az\/en\/wp-json\/wp\/v2\/comments?post=1447"}],"version-history":[{"count":1,"href":"https:\/\/agsaqqallarsurasi.az\/en\/wp-json\/wp\/v2\/posts\/1447\/revisions"}],"predecessor-version":[{"id":1449,"href":"https:\/\/agsaqqallarsurasi.az\/en\/wp-json\/wp\/v2\/posts\/1447\/revisions\/1449"}],"wp:featuredmedia":[{"embeddable":true,"href":"https:\/\/agsaqqallarsurasi.az\/en\/wp-json\/wp\/v2\/media\/1448"}],"wp:attachment":[{"href":"https:\/\/agsaqqallarsurasi.az\/en\/wp-json\/wp\/v2\/media?parent=1447"}],"wp:term":[{"taxonomy":"category","embeddable":true,"href":"https:\/\/agsaqqallarsurasi.az\/en\/wp-json\/wp\/v2\/categories?post=1447"},{"taxonomy":"post_tag","embeddable":true,"href":"https:\/\/agsaqqallarsurasi.az\/en\/wp-json\/wp\/v2\/tags?post=1447"}],"curies":[{"name":"wp","href":"https:\/\/api.w.org\/{rel}","templated":true}]}}