{"id":1552,"date":"2022-06-30T10:43:05","date_gmt":"2022-06-30T06:43:05","guid":{"rendered":"https:\/\/agsaqqallarsurasi.az\/?p=1552"},"modified":"2022-06-30T11:24:40","modified_gmt":"2022-06-30T07:24:40","slug":"daha-yaxsi-g%c9%99l%c9%99c%c9%99k-namin%c9%99","status":"publish","type":"post","link":"https:\/\/agsaqqallarsurasi.az\/en\/daha-yaxsi-g%c9%99l%c9%99c%c9%99k-namin%c9%99\/","title":{"rendered":"Daha yax\u015f\u0131 g\u0259l\u0259c\u0259k namin\u0259!"},"content":{"rendered":"<p>27 iyun 2022-ci il tarixind\u0259 Pol\u015fan\u0131n Katovitse \u015f\u0259h\u0259rind\u0259 \u00dcmumd\u00fcnya \u015e\u0259h\u0259r Forumunun \u201cDaha yax\u015f\u0131 g\u0259l\u0259c\u0259k namin\u0259 \u015f\u0259h\u0259rl\u0259rimizi d\u0259yi\u015fdir\u0259k\u201d m\u00f6vzusunda ke\u00e7iril\u0259n 11-ci sessiyas\u0131nda Az\u0259rbaycan Respublikas\u0131n\u0131n Prezidenti c\u0259nab \u0130lham \u018fliyev videoformatda \u00e7\u0131x\u0131\u015f ed\u0259r\u0259k, strateji planla\u015fd\u0131rma v\u0259 s\u0259m\u0259r\u0259li \u0259m\u0259kda\u015fl\u0131q fonunda \u201c2030-cu il\u0259 q\u0259d\u0259r Dayan\u0131ql\u0131 \u0130nki\u015faf v\u0259 Yeni \u015e\u0259h\u0259r G\u00fcnd\u0259liyi\u201d planlar\u0131n\u0131n \u015f\u0259h\u0259rl\u0259rimiz \u00fc\u00e7\u00fcn daha yax\u015f\u0131 g\u0259l\u0259c\u0259y\u0259 z\u0259min yaradaca\u011f\u0131n\u0131 qeyd etmi\u015fdir.<\/p>\n<p>Bak\u0131n\u0131n v\u0259 respublikam\u0131z\u0131n dig\u0259r \u015f\u0259h\u0259rl\u0259rinin m\u00fcasirl\u0259\u015fdirilm\u0259si v\u0259 yenid\u0259nqurulmas\u0131 \u00fc\u00e7\u00fcn \u00a0imkan v\u0259 t\u0259cr\u00fcb\u0259l\u0259rimiz \u00e7oxdur. \u00d6z memarl\u0131\u011f\u0131, park v\u0259 bulvarlar\u0131 il\u0259 f\u0259rql\u0259n\u0259n Bak\u0131 \u0259n g\u00f6z\u0259l \u015f\u0259h\u0259rl\u0259rd\u0259n biri hesab olunur. Ancaq m\u0259nfur qon\u015fumuz Erm\u0259nistan torpaqlar\u0131m\u0131z\u0131n 30 illik i\u015f\u011fal\u0131 zaman\u0131 \u015f\u0259h\u0259r v\u0259 k\u0259ndl\u0259rimizi q\u0259sd\u0259n da\u011f\u0131daraq, doqquz \u015f\u0259h\u0259ri v\u0259 y\u00fczl\u0259rl\u0259 k\u0259ndi yer \u00fcz\u00fcnd\u0259n silmi\u015fdir.<\/p>\n<p>Az\u0259rbaycan\u0131n \u0259n b\u00f6y\u00fck s\u0259naye \u015f\u0259h\u0259ri olan A\u011fdam o d\u0259r\u0259c\u0259d\u0259 da\u011f\u0131d\u0131lm\u0131\u015fd\u0131r ki, xarici jurnalistl\u0259r, m\u00fct\u0259x\u0259ssisl\u0259r v\u0259 s\u0259yyahlar onu Qafqaz\u0131n Xirosimas\u0131 adland\u0131rm\u0131\u015flar. F\u00fczuli \u015f\u0259h\u0259ri i\u015f\u011faldan azad edildikd\u0259n sonra orada h\u0259tta bir tikili bel\u0259 tap\u0131lm\u0131rd\u0131 ki, Az\u0259rbaycan bayra\u011f\u0131n\u0131 ora sancs\u0131nlar. Xarici m\u00fct\u0259x\u0259ssisl\u0259r, beyn\u0259lxalq n\u00fcmay\u0259nd\u0259l\u0259r azad edilmi\u015f \u0259razil\u0259r\u0259 s\u0259f\u0259r zaman\u0131 bu vandalizmin \u015fahidi olmu\u015f v\u0259 da\u011f\u0131nt\u0131lar\u0131n miqyas\u0131n\u0131 s\u0259n\u0259dl\u0259\u015fdir\u0259 bilmi\u015fl\u0259r.<\/p>\n<p>44 g\u00fcnl\u00fck V\u0259t\u0259n m\u00fcharib\u0259si \u0259rzind\u0259 30 illik i\u015f\u011fala son qoyulduqdan sonra b\u00fct\u00fcn bu v\u0259h\u015filikl\u0259r\u0259, da\u011f\u0131nt\u0131lara baxmayaraq, Az\u0259rbaycan s\u00fclh m\u00fcqavil\u0259si imzalamaq ist\u0259yi il\u0259 h\u0259r\u0259k\u0259t ed\u0259r\u0259k \u00a05 \u0259sas prinsip ir\u0259li s\u00fcr\u00fcb v\u0259 Erm\u0259nistan onlar\u0131 q\u0259bul edib.<\/p>\n<p>Ancaq \u0130r\u0259van\u0131n h\u0259rbi cinay\u0259tl\u0259ri s\u00fclh d\u00f6vr\u00fcnd\u0259 d\u0259 \u00f6z\u00fcn\u00fc g\u00f6st\u0259rm\u0259kd\u0259 davam edir. Bel\u0259 ki, bu g\u00fcn\u0259 q\u0259d\u0259r bizim \u00fc\u00e7\u00fcn \u0259n b\u00f6y\u00fck \u0259ng\u0259ll\u0259rd\u0259n biri i\u015f\u011falda olan torpaqlar\u0131m\u0131z\u0131n k\u00fctl\u0259vi minalanmas\u0131d\u0131r ki, bu da m\u0259cburi k\u00f6\u00e7k\u00fcnl\u0259rin qay\u0131d\u0131\u015f\u0131n\u0131 l\u0259ngid\u0259n \u0259n b\u00f6y\u00fck amill\u0259rd\u0259n biridir. Onu da qeyd etm\u0259k laz\u0131md\u0131r ki, ilkin hesablamalara g\u00f6r\u0259 i\u015f\u011fal d\u00f6vr\u00fcnd\u0259 Erm\u0259nistan h\u0259min \u0259razil\u0259rd\u0259 bir milyondan art\u0131q mina basd\u0131r\u0131b. Qon\u015fu d\u00fc\u015fm\u0259nimiz kapitulyasiya akt\u0131na qol \u00e7\u0259kdikd\u0259n sonra \u00a0\u0259razil\u0259rin t\u0259mizl\u0259nm\u0259si zaman\u0131 220-d\u0259n \u00e7ox adam h\u0259lak olmu\u015f\u00a0 v\u0259 yaralanm\u0131\u015fd\u0131r.<\/p>\n<p>B\u00fct\u00fcn bunlara baxmayaraq, azad edilmi\u015f torpaqlar\u0131m\u0131zda m\u00fcasir \u015f\u0259h\u0259r planla\u015fd\u0131r\u0131lmas\u0131\u00a0 t\u0259tbiq edilir, ya\u015f\u0131l enerji konsepsiyas\u0131 h\u0259yata ke\u00e7irilir. 30 il \u0259rzind\u0259 i\u015f\u011faldan \u0259ziyy\u0259t \u00e7\u0259k\u0259n do\u011fma torpaqlar\u0131na qay\u0131da bilm\u0259y\u0259n m\u0259cburi k\u00f6\u00e7k\u00fcnl\u0259r \u00fc\u00e7\u00fcn ilk \u015f\u0259rait yarad\u0131lm\u0131\u015fd\u0131r. \u0130lk layih\u0259 Z\u0259ngilan rayonunun A\u011fal\u0131 k\u0259ndind\u0259 realla\u015f\u0131b v\u0259 bu ilin may ay\u0131nda k\u0259nd\u0259 ilk sakinl\u0259r k\u00f6\u00e7\u00fcr\u00fcl\u00fcbl\u0259r. A\u011fal\u0131 k\u0259ndi bu g\u00fcn d\u00fcnyan\u0131n \u0259n m\u00fcasir k\u0259ndl\u0259rind\u0259n biridir. C\u0259nab Prezidentimiz \u00f6z \u00e7\u0131x\u0131\u015flar\u0131nda qeyd edir ki, vandalizm\u0259 m\u0259ruz qalm\u0131\u015f v\u0259 azad olunmu\u015f k\u0259nd v\u0259 q\u0259s\u0259b\u0259l\u0259rimizin ham\u0131s\u0131 m\u00fcasir tipli, g\u00f6z\u0259l olacaqlar. T\u0259kc\u0259 onu dem\u0259k kifay\u0259tdir ki, F\u00fczuli \u015f\u0259h\u0259rind\u0259 8 ay m\u00fcdd\u0259tind\u0259 Beyn\u0259lxalq hava liman\u0131 tikilib istifad\u0259y\u0259 verilibdir. \u0130\u015f\u011faldan azad olunan Z\u0259ngilan v\u0259 La\u00e7\u0131n rayonlar\u0131nda is\u0259 \u00a0hava l\u0131manlar\u0131n\u0131n tikintisi davam edir.\u00a0 B\u0259zi rayonlar\u0131n ba\u015f planlar\u0131 is\u0259 art\u0131q haz\u0131rd\u0131r.<\/p>\n<p>\u015eu\u015fa \u015f\u0259h\u0259rinin ba\u015f plan\u0131 onun tarixi irsinin qorunmas\u0131 \u00fcz\u0259rind\u0259 qurulub. B\u00f6lg\u0259nin s\u0259naye \u015f\u0259h\u0259ri olan, tam da\u011f\u0131d\u0131lm\u0131\u015f A\u011fdam is\u0259\u00a0 s\u0259naye m\u0259rk\u0259zin\u0259 \u00e7evril\u0259c\u0259k, on minl\u0259rl\u0259 sakin \u00fc\u00e7\u00fcn yeni \u015f\u0259h\u0259r in\u015fa olunacaqd\u0131r. A\u011fdamda art\u0131q \u0259razisi 200 hektar t\u0259\u015fkil ed\u0259n A\u011fdam s\u0259naye park\u0131 f\u0259aliyy\u0259t g\u00f6st\u0259rir. Z\u0259ngilan \u015f\u0259h\u0259ri is\u0259 \u00f6z t\u0259bi\u0259tin\u0259 uy\u011fun olaraq park \u015f\u0259h\u0259rin\u0259 \u00e7evrilm\u0259si plan\u0131 \u00fczr\u0259 in\u015fa edilir.<\/p>\n<p>\u201cBizim m\u0259qs\u0259dimiz dayan\u0131ql\u0131 inki\u015faf m\u0259qs\u0259dl\u0259rin\u0259 uy\u011fun t\u0259hl\u00fck\u0259siz, d\u00f6z\u00fcml\u00fc \u015f\u0259h\u0259r v\u0259 k\u0259ndl\u0259rin in\u015fas\u0131d\u0131r. B\u00fct\u00fcn bunlar Az\u0259rbaycan\u0131n \u00f6z maliyy\u0259 resurslar\u0131 hesab\u0131na apar\u0131l\u0131r\u201d \u2013 dey\u0259r\u0259k c\u0259nab Prezident \u00f6z \u00e7\u0131x\u0131\u015f\u0131nda vur\u011fulam\u0131\u015fd\u0131r.<\/p>\n<p>Ancaq Az\u0259rbaycanIN bu i\u015fl\u0259rd\u0259 t\u0259k olmad\u0131\u011f\u0131 da qeyd\u00a0 olunur. Bel\u0259 ki, art\u0131q Birl\u0259\u015fmi\u015f Mill\u0259tl\u0259r T\u0259\u015fkilat\u0131, D\u00fcnya Bank\u0131 v\u0259 Avropa \u0130ttifaq\u0131 il\u0259 birlikd\u0259 i\u015f\u011faldan azad olunan \u00fc\u00e7 rayonumuzda\u00a0 b\u0259rpa v\u0259 yenid\u0259nqurma i\u015fl\u0259ri birg\u0259 h\u0259yata ke\u00e7irilir.<\/p>\n<p>Biz \u0259minik ki, yax\u0131n g\u0259l\u0259c\u0259kd\u0259 respublikam\u0131zda b\u00fct\u00fcn b\u0259rpa i\u015fl\u0259ri qurtararaq, v\u0259t\u0259nimiz g\u00fcl\u00fczara \u00e7evril\u0259c\u0259kdir.<\/p>\n<p>&nbsp;<\/p>\n<p>&nbsp;<\/p>\n<p><strong>May\u0131l \u018fliyev<\/strong><\/p>\n<p><strong>Nizami Rayon A\u011fsaqqallar<\/strong><strong>\u00a0\u015euras\u0131n\u0131n s\u0259dri<\/strong><strong>\u00a0 \u00a0<\/strong><\/p>\n<p><strong>\u00a0<\/strong><\/p>\n","protected":false},"excerpt":{"rendered":"<p>27 iyun 2022-ci il tarixind\u0259 Pol\u015fan\u0131n Katovitse \u015f\u0259h\u0259rind\u0259 \u00dcmumd\u00fcnya \u015e\u0259h\u0259r Forumunun \u201cDaha yax\u015f\u0131 g\u0259l\u0259c\u0259k namin\u0259 \u015f\u0259h\u0259rl\u0259rimizi d\u0259yi\u015fdir\u0259k\u201d m\u00f6vzusunda ke\u00e7iril\u0259n 11-ci<\/p>\n","protected":false},"author":1,"featured_media":1553,"comment_status":"open","ping_status":"open","sticky":false,"template":"","format":"standard","meta":{"cybocfi_hide_featured_image":""},"categories":[24],"tags":[],"_links":{"self":[{"href":"https:\/\/agsaqqallarsurasi.az\/en\/wp-json\/wp\/v2\/posts\/1552"}],"collection":[{"href":"https:\/\/agsaqqallarsurasi.az\/en\/wp-json\/wp\/v2\/posts"}],"about":[{"href":"https:\/\/agsaqqallarsurasi.az\/en\/wp-json\/wp\/v2\/types\/post"}],"author":[{"embeddable":true,"href":"https:\/\/agsaqqallarsurasi.az\/en\/wp-json\/wp\/v2\/users\/1"}],"replies":[{"embeddable":true,"href":"https:\/\/agsaqqallarsurasi.az\/en\/wp-json\/wp\/v2\/comments?post=1552"}],"version-history":[{"count":1,"href":"https:\/\/agsaqqallarsurasi.az\/en\/wp-json\/wp\/v2\/posts\/1552\/revisions"}],"predecessor-version":[{"id":1554,"href":"https:\/\/agsaqqallarsurasi.az\/en\/wp-json\/wp\/v2\/posts\/1552\/revisions\/1554"}],"wp:featuredmedia":[{"embeddable":true,"href":"https:\/\/agsaqqallarsurasi.az\/en\/wp-json\/wp\/v2\/media\/1553"}],"wp:attachment":[{"href":"https:\/\/agsaqqallarsurasi.az\/en\/wp-json\/wp\/v2\/media?parent=1552"}],"wp:term":[{"taxonomy":"category","embeddable":true,"href":"https:\/\/agsaqqallarsurasi.az\/en\/wp-json\/wp\/v2\/categories?post=1552"},{"taxonomy":"post_tag","embeddable":true,"href":"https:\/\/agsaqqallarsurasi.az\/en\/wp-json\/wp\/v2\/tags?post=1552"}],"curies":[{"name":"wp","href":"https:\/\/api.w.org\/{rel}","templated":true}]}}