{"id":1617,"date":"2022-07-09T18:06:14","date_gmt":"2022-07-09T14:06:14","guid":{"rendered":"https:\/\/agsaqqallarsurasi.az\/?p=1617"},"modified":"2022-07-10T12:19:49","modified_gmt":"2022-07-10T08:19:49","slug":"az%c9%99rbaycan-agsaqqallar-surasi-n%c9%99cib-v%c9%99-xeyirxah-%c9%99m%c9%99ll%c9%99rini-davam-etdirir","status":"publish","type":"post","link":"https:\/\/agsaqqallarsurasi.az\/en\/az%c9%99rbaycan-agsaqqallar-surasi-n%c9%99cib-v%c9%99-xeyirxah-%c9%99m%c9%99ll%c9%99rini-davam-etdirir\/","title":{"rendered":"Az\u0259rbaycan A\u011fsaqqallar \u015euras\u0131 n\u0259cib v\u0259 xeyirxah \u0259m\u0259ll\u0259rini davam etdirir"},"content":{"rendered":"<p>Az\u0259rbaycan A\u011fsaqqallar \u015euras\u0131n\u0131n s\u0259dri, Milli M\u0259clisin deputat\u0131, professor Eldar Quliyevin t\u0259\u015f\u0259bb\u00fcs\u00fc il\u0259 \u015eura n\u00f6vb\u0259ti xeyirxahl\u0131q missiyas\u0131na start verib. Bel\u0259 ki, d\u00fcnya m\u00fcs\u0259lmanlar\u0131n\u0131n m\u00fcq\u0259dd\u0259s bayram\u0131 olan Qurban bayram\u0131 m\u00fcnasib\u0259til\u0259 t\u0259\u015fkilat t\u0259r\u0259find\u0259n Sabun\u00e7u rayonunun Ma\u015fta\u011fa, Bilg\u0259h, Nardaran v\u0259 Zabrat q\u0259s\u0259b\u0259l\u0259rind\u0259 \u015f\u0259hidl\u0259rin ail\u0259 \u00fczvl\u0259rin\u0259, qazil\u0259r\u0259 v\u0259 azt\u0259minatl\u0131 ail\u0259l\u0259r\u0259 qurban paylar\u0131n\u0131n \u00e7atd\u0131r\u0131lmas\u0131na ba\u015flan\u0131l\u0131b.<br \/>\nBu q\u0259s\u0259b\u0259l\u0259rd\u0259 ya\u015fayan ail\u0259l\u0259r\u0259 ba\u015f \u00e7\u0259k\u0259r\u0259k qurban paylar\u0131n\u0131 t\u0259qdim ed\u0259n Az\u0259rbaycan A\u011fsaqqallar \u015euras\u0131n\u0131n Aparat r\u0259hb\u0259ri Ramin H\u0259s\u0259nli, b\u00f6y\u00fck m\u0259sl\u0259h\u0259t\u00e7i-h\u00fcquq\u015f\u00fcnas Kamal \u018fliyev, habel\u0259 qurumun dig\u0259r r\u0259smi \u015f\u0259xsl\u0259ri Rafiq Rzayev v\u0259 El\u015fad Quliyev \u015eura r\u0259hb\u0259rliyi ad\u0131ndan onlar\u0131 Qurban bayram\u0131 m\u00fcnasib\u0259til\u0259 t\u0259brik ed\u0259r\u0259k bundan sonra da \u015f\u0259hid ail\u0259l\u0259rin\u0259, qazil\u0259rimiz\u0259 v\u0259 azt\u0259minatl\u0131 ail\u0259l\u0259r\u0259 qay\u011f\u0131 g\u00f6st\u0259ril\u0259c\u0259yini qeyd edibl\u0259r.<br \/>\nOnlara g\u00f6st\u0259ril\u0259n bu diqq\u0259ti m\u0259mnunluqla qar\u015f\u0131layaraq \u00f6z t\u0259\u015f\u0259kk\u00fcrl\u0259rini bildir\u0259n sakinl\u0259r d\u00f6vl\u0259t s\u0259viyy\u0259sind\u0259 h\u0259r zaman b\u00f6y\u00fck qay\u011f\u0131 il\u0259 \u0259hat\u0259 olunduqlar\u0131n\u0131 vur\u011fulayaraq, m\u00f6ht\u0259r\u0259m Prezidentimiz c\u0259nab \u0130lham \u018fliyev\u0259 v\u0259 Birinci vitse-prezident Mehriban xan\u0131m \u018fliyevaya minn\u0259tdarl\u0131qlar\u0131n\u0131 ifad\u0259 edibl\u0259r.<br \/>\n\u00dcmumilikd\u0259 2500-y\u0259 yax\u0131n ail\u0259 \u00fc\u00e7\u00fcn n\u0259z\u0259rd\u0259 tutulmu\u015f bu aksiya Qurban bayram\u0131 g\u00fcnl\u0259rind\u0259 &#8211; iyul ay\u0131n\u0131n 9-da v\u0259 10-da h\u0259yata ke\u00e7iril\u0259c\u0259k.<br \/>\nQeyd ed\u0259k ki, Az\u0259rbaycan A\u011fsaqqallar \u015euras\u0131n\u0131n n\u00fcmay\u0259nd\u0259l\u0259ri m\u00fct\u0259madi olaraq m\u00fcxt\u0259lif bayramlarda \u015f\u0259hidl\u0259rin ail\u0259 \u00fczvl\u0259rin\u0259, qazil\u0259r\u0259 v\u0259 azt\u0259minatl\u0131 ail\u0259l\u0259r\u0259 ba\u015f \u00e7\u0259k\u0259r\u0259k onlara \u015euran\u0131n ad\u0131ndan yard\u0131m paylar\u0131, sovqatlar t\u0259qdim edirl\u0259r. \u015euran\u0131n s\u0259dri, Milli M\u0259clisin deputat\u0131, professor Eldar Quliyevin t\u0259\u015f\u0259bb\u00fcs\u00fc il\u0259 h\u0259yata ke\u00e7iril\u0259n bu n\u0259cib \u0259m\u0259ll\u0259r \u00f6lk\u0259mizd\u0259 \u015f\u0259hid ail\u0259l\u0259ri, m\u00fcharib\u0259 \u0259lill\u0259ri, qazil\u0259r v\u0259 azt\u0259minatl\u0131 ail\u0259l\u0259rin sosial m\u00fcdafi\u0259sinin t\u0259min edilm\u0259si, onlar\u0131n rifah hal\u0131n\u0131n y\u00fcks\u0259ldilm\u0259si v\u0259 probleml\u0259rinin h\u0259lli \u00fczr\u0259 d\u00f6vl\u0259t siyas\u0259tin\u0259 t\u00f6hf\u0259 verm\u0259k m\u0259qs\u0259di da\u015f\u0131y\u0131r.<\/p>\n","protected":false},"excerpt":{"rendered":"<p>Az\u0259rbaycan A\u011fsaqqallar \u015euras\u0131n\u0131n s\u0259dri, Milli M\u0259clisin deputat\u0131, professor Eldar Quliyevin t\u0259\u015f\u0259bb\u00fcs\u00fc il\u0259 \u015eura n\u00f6vb\u0259ti xeyirxahl\u0131q missiyas\u0131na start verib. Bel\u0259 ki,<\/p>\n","protected":false},"author":1,"featured_media":1619,"comment_status":"open","ping_status":"open","sticky":false,"template":"","format":"standard","meta":{"cybocfi_hide_featured_image":""},"categories":[24],"tags":[],"_links":{"self":[{"href":"https:\/\/agsaqqallarsurasi.az\/en\/wp-json\/wp\/v2\/posts\/1617"}],"collection":[{"href":"https:\/\/agsaqqallarsurasi.az\/en\/wp-json\/wp\/v2\/posts"}],"about":[{"href":"https:\/\/agsaqqallarsurasi.az\/en\/wp-json\/wp\/v2\/types\/post"}],"author":[{"embeddable":true,"href":"https:\/\/agsaqqallarsurasi.az\/en\/wp-json\/wp\/v2\/users\/1"}],"replies":[{"embeddable":true,"href":"https:\/\/agsaqqallarsurasi.az\/en\/wp-json\/wp\/v2\/comments?post=1617"}],"version-history":[{"count":1,"href":"https:\/\/agsaqqallarsurasi.az\/en\/wp-json\/wp\/v2\/posts\/1617\/revisions"}],"predecessor-version":[{"id":1628,"href":"https:\/\/agsaqqallarsurasi.az\/en\/wp-json\/wp\/v2\/posts\/1617\/revisions\/1628"}],"wp:featuredmedia":[{"embeddable":true,"href":"https:\/\/agsaqqallarsurasi.az\/en\/wp-json\/wp\/v2\/media\/1619"}],"wp:attachment":[{"href":"https:\/\/agsaqqallarsurasi.az\/en\/wp-json\/wp\/v2\/media?parent=1617"}],"wp:term":[{"taxonomy":"category","embeddable":true,"href":"https:\/\/agsaqqallarsurasi.az\/en\/wp-json\/wp\/v2\/categories?post=1617"},{"taxonomy":"post_tag","embeddable":true,"href":"https:\/\/agsaqqallarsurasi.az\/en\/wp-json\/wp\/v2\/tags?post=1617"}],"curies":[{"name":"wp","href":"https:\/\/api.w.org\/{rel}","templated":true}]}}