{"id":1631,"date":"2022-07-14T10:13:47","date_gmt":"2022-07-14T06:13:47","guid":{"rendered":"https:\/\/agsaqqallarsurasi.az\/?p=1631"},"modified":"2022-07-14T14:22:05","modified_gmt":"2022-07-14T10:22:05","slug":"az%c9%99rbaycan-agsaqqallar-surasi-g%c9%99nc%c9%99d%c9%99-regional-konfrans-kecirib","status":"publish","type":"post","link":"https:\/\/agsaqqallarsurasi.az\/en\/az%c9%99rbaycan-agsaqqallar-surasi-g%c9%99nc%c9%99d%c9%99-regional-konfrans-kecirib\/","title":{"rendered":"Az\u0259rbaycan A\u011fsaqqallar \u015euras\u0131 G\u0259nc\u0259d\u0259 regional konfrans ke\u00e7irib"},"content":{"rendered":"<p>Az\u0259rbaycan A\u011fsaqqallar \u015euras\u0131 Yeni Az\u0259rbaycan Partiyas\u0131 (YAP) G\u0259nc\u0259 \u015f\u0259h\u0259r t\u0259\u015fkilat\u0131 il\u0259 birg\u0259 \u00fcmummilli lider Heyd\u0259r \u018fliyevin hakimiyy\u0259t\u0259 g\u0259li\u015finin 53-c\u00fc ild\u00f6n\u00fcm\u00fcn\u0259 h\u0259sr olunmu\u015f \u201cHeyd\u0259r \u018fliyev ideyalar\u0131 v\u0259 m\u00fcasir Az\u0259rbaycan\u201d m\u00f6vzusunda regional konfrans ke\u00e7irib.<br \/>\n\u018fvv\u0259lc\u0259 Az\u0259rbaycan A\u011fsaqqallar \u015euras\u0131n\u0131n s\u0259dr m\u00fcavini Bayram Yusifov, G\u0259nc\u0259 \u015e\u0259h\u0259r \u0130cra Hakimiyy\u0259tinin ba\u015f\u00e7\u0131s\u0131 Niyazi Bayramov, Yeni Az\u0259rbaycan Partiyas\u0131 G\u0259nc\u0259 \u015f\u0259h\u0259r t\u0259\u015fkilat\u0131n\u0131n s\u0259dri Ramil Orucov v\u0259 a\u011fsaqqallar ulu \u00f6nd\u0259r Heyd\u0259r \u018fliyevin \u015f\u0259h\u0259rin m\u0259rk\u0259zi meydan\u0131nda ucald\u0131lan abid\u0259sini ziyar\u0259t edib, \u00f6n\u00fcn\u0259 g\u00fcl d\u0259st\u0259l\u0259ri d\u00fcz\u00fcbl\u0259r.<br \/>\nRegional konfransda, h\u0259m\u00e7inin, G\u0259nc\u0259 \u015e\u0259h\u0259r A\u011fsaqqallar \u015euras\u0131n\u0131n s\u0259dri Nur\u0259ddin M\u0259mm\u0259dov, G\u0259nc\u0259 \u015e\u0259h\u0259r Ba\u015f Polis \u0130dar\u0259si r\u0259isinin birinci m\u00fcavini Niyam\u0259ddin Qas\u0131mov, Az\u0259rbaycan A\u011fsaqqallar \u015euras\u0131n\u0131n m\u0259tbuat katibi Rafiq Rzayev, o c\u00fcml\u0259d\u0259n \u015e\u0259mkir, Tovuz, A\u011fstafa, Qazax, Samux, G\u00f6yg\u00f6l, Da\u015fk\u0259s\u0259n v\u0259 G\u0259d\u0259b\u0259y rayonlar\u0131 \u00fczr\u0259 A\u011fsaqqallar \u015euras\u0131n\u0131n r\u0259hb\u0259rl\u0259ri v\u0259 \u0130dar\u0259 Hey\u0259tinin \u00fczvl\u0259ri, YAP-\u0131n yerli t\u0259\u015fkilatlar\u0131n\u0131n, g\u0259ncl\u0259r v\u0259 idman idar\u0259l\u0259rinin n\u00fcmay\u0259nd\u0259l\u0259ri, o c\u00fcml\u0259d\u0259n M\u00fcharib\u0259, \u018fm\u0259k v\u0259 Silahl\u0131 Q\u00fcvv\u0259l\u0259r Veteranlar\u0131 T\u0259\u015fkilat\u0131n\u0131n rayon s\u0259drl\u0259ri, g\u0259ncl\u0259r v\u0259 media n\u00fcmay\u0259nd\u0259l\u0259ri i\u015ftirak edibl\u0259r.<br \/>\nKonfrans i\u015ftirak\u00e7\u0131lar\u0131 YAP G\u0259nc\u0259 \u015f\u0259h\u0259r t\u0259\u015fkilat\u0131n\u0131n binas\u0131nda X\u0259z\u0259r T\u0259hsil M\u0259rk\u0259zi t\u0259r\u0259find\u0259n t\u0259\u015fkil edil\u0259n G\u0259nc\u0259 \u015f\u0259h\u0259rinin qocaman v\u0259 g\u0259nc r\u0259ssamlar\u0131n\u0131n ulu \u00f6nd\u0259r Heyd\u0259r \u018fliyevin Az\u0259rbaycan xalq\u0131 v\u0259 d\u00f6vl\u0259ti qar\u015f\u0131s\u0131nda tarixi xidm\u0259tl\u0259rini, h\u0259yat v\u0259 f\u0259aliyy\u0259tinin m\u00fch\u00fcm m\u0259qamlar\u0131n\u0131 \u0259ks etdir\u0259n \u0259s\u0259rl\u0259rin\u0259 bax\u0131\u015f ke\u00e7iribl\u0259r.<br \/>\nAz\u0259rbaycan Respublikas\u0131n\u0131n D\u00f6vl\u0259t Himninin s\u0259sl\u0259ndirilm\u0259si il\u0259 ba\u015flayan regional konfransda \u00fcmummilli lider Heyd\u0259r \u018fliyevin v\u0259 Az\u0259rbaycan\u0131n \u0259razi b\u00fct\u00f6vl\u00fcy\u00fc u\u011frunda can\u0131ndan ke\u00e7\u0259n \u015f\u0259hidl\u0259rimizin \u0259ziz xatir\u0259si bir d\u0259qiq\u0259lik s\u00fckutla yad edilib.<br \/>\nYAP G\u0259nc\u0259 \u015f\u0259h\u0259r t\u0259\u015fkilat\u0131n\u0131n s\u0259dri Ramil Orucov t\u0259dbiri giri\u015f s\u00f6z\u00fc il\u0259 a\u00e7araq ulu \u00f6nd\u0259r Heyd\u0259r \u018fliyevin Az\u0259rbaycanda siyasi hakimiyy\u0259t\u0259 g\u0259ldiyi 1969-cu ilin 14 iyulunu d\u00f6vl\u0259timizin tarixind\u0259 x\u00fcsusi bir g\u00fcn kimi d\u0259y\u0259rl\u0259ndir\u0259r\u0259k bildirib ki, dahi \u015f\u0259xsiyy\u0259t s\u00f6z\u00fcn h\u0259qiqi m\u0259nas\u0131nda xalq\u0131m\u0131z\u0131n h\u0259yat\u0131nda m\u00f6ht\u0259\u015f\u0259m d\u0259yi\u015fikliy\u0259 nail olub, milli, m\u00fcst\u0259qil d\u00f6vl\u0259tin qurulmas\u0131 \u00fc\u00e7\u00fcn z\u0259ruri olan b\u00fct\u00fcn i\u015fl\u0259ri g\u00f6r\u00fcb. Qeyd edib ki, \u00fcmummilli lider Heyd\u0259r \u018fliyevin Az\u0259rbaycana r\u0259hb\u0259r se\u00e7ilm\u0259si \u00f6lk\u0259mizin m\u00fcst\u0259qillik tarixinin, parlaq v\u0259 i\u015f\u0131ql\u0131 yolunun ba\u015flan\u011f\u0131c\u0131 kimi qiym\u0259tl\u0259ndirilir. \u201cUlu \u00d6nd\u0259r h\u0259min d\u00f6vrd\u0259 b\u00fct\u00fcn ideoloji-siyasi mane\u0259l\u0259r\u0259 sin\u0259 g\u0259r\u0259r\u0259k Az\u0259rbaycan xalq\u0131n\u0131n milli inki\u015faf konsepsiyas\u0131n\u0131 ir\u0259li s\u00fcr\u00fcb, ictimai \u015f\u00fcurdak\u0131 qorxunu aradan qald\u0131r\u0131b, c\u0259miyy\u0259ti b\u00fct\u00fcn sah\u0259l\u0259r \u00fczr\u0259 g\u0259l\u0259c\u0259k m\u0259n\u0259vi v\u0259 iqtisadi y\u00fcks\u0259li\u015fl\u0259r\u0259 ruhland\u0131r\u0131b\u201d- dey\u0259 YAP G\u0259nc\u0259 \u015f\u0259h\u0259r t\u0259\u015fkilat\u0131n\u0131n s\u0259dri Ramil Orucov bildirib.<br \/>\nAz\u0259rbaycan A\u011fsaqqallar \u015euras\u0131n\u0131n s\u0259dr m\u00fcavini, regionun kuratoru Bayram Yusifov konfrans i\u015ftirak\u00e7\u0131lar\u0131n\u0131 \u015euran\u0131n s\u0259dri, Milli M\u0259clisin deputat\u0131, professor Eldar Quliyevin v\u0259 \u00f6z ad\u0131ndan salamlayaraq qeyd edib ki, bu g\u00fcn biz bura ulu \u00f6nd\u0259r Heyd\u0259r \u018fliyevin nuruna, i\u015f\u0131\u011f\u0131na y\u0131\u011f\u0131\u015fm\u0131\u015f\u0131q. O, \u00dcmummilli Liderin hakimiyy\u0259t\u0259 g\u0259ldiyi d\u00f6vr\u00fc \u00f6lk\u0259mizi t\u0259r\u0259qqiy\u0259 aparan yolun ba\u015flan\u011f\u0131c\u0131 kimi xarakteriz\u0259 ed\u0259r\u0259k, h\u0259m sovet d\u00f6n\u0259mind\u0259, h\u0259m d\u0259 m\u00fcst\u0259qillik ill\u0259rind\u0259 sosial-iqtisadi h\u0259yat\u0131n b\u00fct\u00fcn sah\u0259l\u0259rinin inki\u015faf\u0131nda, milli maraqlar\u0131m\u0131z\u0131n t\u0259min olunmas\u0131nda, el\u0259c\u0259 d\u0259 milli kadrlar\u0131n yeti\u015fdirilm\u0259sind\u0259 dahi \u015f\u0259xsiyy\u0259tin misilsiz xidm\u0259tl\u0259rind\u0259n, uzaqg\u00f6r\u0259n v\u0259 d\u00fc\u015f\u00fcn\u00fclm\u00fc\u015f siyas\u0259tind\u0259n dan\u0131\u015f\u0131b. Bayram m\u00fc\u0259llim qeyd edib ki, t\u00fcrk d\u00fcnyas\u0131n\u0131n b\u00f6y\u00fck o\u011flu Heyd\u0259r \u018fliyev \u00f6z xidm\u0259tl\u0259ri il\u0259 h\u0259r bir az\u0259rbaycanl\u0131ya V\u0259t\u0259n \u00fc\u00e7\u00fcn, Az\u0259rbaycan \u00fc\u00e7\u00fcn qurub-yaratmaq, yorulmadan xidm\u0259t etm\u0259k f\u0259ls\u0259f\u0259sini a\u015f\u0131lay\u0131b, respublikam\u0131z\u0131 1969-1982-ci ill\u0259rd\u0259 inki\u015faf etmi\u015f qabaqc\u0131l aqrar-s\u0259naye \u00f6lk\u0259sin\u0259 \u00e7evir\u0259r\u0259k bug\u00fcnk\u00fc m\u00fcst\u0259qilliyimizin t\u0259m\u0259lini qoyub. Daha sonra o, Ulu \u00d6nd\u0259rin layiqli davam\u00e7\u0131s\u0131, m\u00fcz\u0259ff\u0259r Ali Ba\u015f Komandan, Az\u0259rbaycan Respublikas\u0131n\u0131n Prezidenti c\u0259nab \u0130lham \u018fliyevin r\u0259hb\u0259rliyi alt\u0131nda \u015fanl\u0131 Ordumuzun 44 g\u00fcnl\u00fck V\u0259t\u0259n m\u00fcharib\u0259sind\u0259 qazand\u0131\u011f\u0131 m\u00f6ht\u0259\u015f\u0259m Z\u0259f\u0259rd\u0259n, i\u015f\u011faldan azad edilmi\u015f \u0259z\u0259li v\u0259 \u0259b\u0259di torpaqlar\u0131m\u0131zda h\u0259yata ke\u00e7iril\u0259n geni\u015fmiqyasl\u0131 abadl\u0131q-quruculuq i\u015fl\u0259rind\u0259n, B\u00f6y\u00fck Qay\u0131d\u0131\u015f\u0131n tezlikl\u0259 h\u0259yata ke\u00e7irilm\u0259sind\u0259n b\u0259hs edib. Az\u0259rbaycan\u0131n yeni tarixini yaradan d\u00f6vl\u0259t ba\u015f\u00e7\u0131s\u0131 c\u0259nab \u0130lham \u018fliyevin \u0259n yax\u0131n silahda\u015f\u0131 olaraq Birinci vitse-prezident Mehriban xan\u0131m \u018fliyevan\u0131n u\u011furlu sosial, humanitar v\u0259 iqtisadi siyas\u0259tin h\u0259yata ke\u00e7irilm\u0259sind\u0259ki \u0259v\u0259zedilm\u0259z rolundan dan\u0131\u015f\u0131b.<br \/>\nRegional konfransda g\u0259ncl\u0259rl\u0259 v\u0259 a\u011fsaqqallarla yana\u015f\u0131 yerli veteranlar t\u0259\u015fkilat\u0131n\u0131n s\u0259drl\u0259rinin d\u0259 i\u015ftirak etdiyini qeyd ed\u0259n Bayram Yusifov bu t\u0259dbiri iyulun 8-d\u0259 Az\u0259rbaycan A\u011fsaqqallar \u015euras\u0131n\u0131n M\u00fcharib\u0259, \u018fm\u0259k v\u0259 Silahl\u0131 Q\u00fcvv\u0259l\u0259r Veteranlar\u0131 T\u0259\u015fkilat\u0131 il\u0259 birg\u0259 ke\u00e7irdiyi \u201cA\u011fsaqqalar\u0131n v\u0259 veteranlar\u0131n t\u0259msil olundu\u011fu qeyri-h\u00f6kum\u0259t t\u0259\u015fkilatlar\u0131n\u0131n \u0259m\u0259kda\u015fl\u0131q Forumu\u201dnun davam\u0131 kimi d\u0259 s\u0259ciyy\u0259l\u0259ndirib. O vur\u011fulay\u0131b ki, h\u0259min Forumun ke\u00e7irilm\u0259sind\u0259 \u0259sas m\u0259qs\u0259d olan a\u011fsaqqallar\u0131n v\u0259 veteranlar\u0131n t\u0259msil olundu\u011fu t\u0259\u015fkilatlar\u0131n aktivliyini art\u0131rmaq, onlar aras\u0131nda \u0259m\u0259kda\u015fl\u0131\u011f\u0131 g\u00fccl\u0259ndirm\u0259k, milli maraqlar\u0131m\u0131z\u0131n qorunmas\u0131 v\u0259 t\u0259bli\u011find\u0259 g\u0259nc n\u0259slin a\u011fsaqqal v\u0259 veteranlar\u0131n t\u0259cr\u00fcb\u0259sind\u0259n, d\u00fcnyag\u00f6r\u00fc\u015f\u00fcnd\u0259n faydalanmas\u0131na stimul verm\u0259k, d\u00f6vl\u0259t maraqlar\u0131m\u0131z\u0131n m\u00fcdafi\u0259sind\u0259 c\u0259miyy\u0259td\u0259ki birlik v\u0259 b\u0259rab\u0259rliyin daha da g\u00fccl\u0259nm\u0259sin\u0259 nail olmaq bug\u00fcnk\u00fc t\u0259dbirin d\u0259 ba\u015fl\u0131ca h\u0259d\u0259fl\u0259rind\u0259n biridir. Natiq haz\u0131rda c\u0259miyy\u0259td\u0259 ba\u015f ver\u0259n prosesl\u0259rd\u0259, aktual m\u0259s\u0259l\u0259l\u0259rin v\u0259 probleml\u0259rin h\u0259llind\u0259, o c\u00fcml\u0259d\u0259n g\u0259ncl\u0259rin m\u0259n\u0259vi v\u0259 fiziki c\u0259h\u0259td\u0259n sa\u011flam yeti\u015fm\u0259l\u0259ri \u00fc\u00e7\u00fcn onlar\u0131n maarifl\u0259ndirlm\u0259sind\u0259 a\u011fsaqqal v\u0259 veteranlara b\u00f6y\u00fck ehtiyac\u0131n oldu\u011funu bildirib. Bayram Yusifov x\u00fcsusi olaraq vur\u011fulay\u0131b ki, bu g\u00fcn ham\u0131m\u0131z \u00fc\u00e7\u00fcn d\u0259y\u0259rli v\u0259 bir o q\u0259d\u0259r h\u0259ssas t\u0259b\u0259q\u0259 olan qazil\u0259rl\u0259 v\u0259 \u015f\u0259hid ail\u0259l\u0259ri il\u0259 i\u015fi daha s\u0259m\u0259r\u0259li qurmal\u0131, onlara daha \u00e7ox diqq\u0259t ay\u0131rmal\u0131, m\u0259n\u0259vi d\u0259st\u0259k olmal\u0131, bir s\u00f6zl\u0259 bu sah\u0259d\u0259 d\u00f6vl\u0259timizin apard\u0131\u011f\u0131 siyas\u0259t\u0259 layiqli t\u00f6hf\u0259 verm\u0259liyik.<br \/>\nG\u0259nc\u0259 \u015f\u0259h\u0259r A\u011fsaqqallar \u015furas\u0131n\u0131n s\u0259dri, professor Nur\u0259ddin M\u0259mm\u0259dovun moderatorlu\u011fu il\u0259 davam ed\u0259n regional konfransda Az\u0259rbaycan Texnologiya Universitetinin dosenti, f\u0259ls\u0259f\u0259 doktoru H\u00fcseyn Budaqov \u201cTarixi d\u0259yi\u015f\u0259n lider Heyd\u0259r \u018fliyev\u201d, G\u0259nc\u0259 \u015e\u0259h\u0259r A\u011fsaqqallar \u015euras\u0131n\u0131n \u00fczv\u00fc, h\u00fcquq\u015funas Muxtar \u018fs\u0259dov \u201cHeyd\u0259r \u018fliyevin kadr siyas\u0259ti v\u0259 d\u00f6vl\u0259t quruculu\u011fu\u201d, YAP G\u0259nc\u0259 \u015e\u0259h\u0259r 126 sayl\u0131 \u0259razi partiya t\u0259\u015fkilat\u0131n\u0131n s\u0259dri, \u201c\u015eans Tibb M\u0259rk\u0259zi\u201dnin ba\u015f h\u0259kimi Nof\u0259l Qas\u0131mov \u201cAz\u0259rbaycanda s\u0259hiyy\u0259 xidm\u0259tinin y\u00fcks\u0259ldilm\u0259si t\u0259dbirl\u0259ri\u201d m\u00f6vzusunda m\u0259ruz\u0259l\u0259rl\u0259 \u00e7\u0131x\u0131\u015f edibl\u0259r. H\u0259m\u00e7inin \u015e\u0259mkir Rayon A\u011fsaqqallar \u015euras\u0131n\u0131n s\u0259dri Bilal M\u0259mm\u0259dov, Tovuz Rayon A\u011fsaqqallar \u015euras\u0131n\u0131n s\u0259dr m\u00fcavini B\u0259hram P\u0259nahov, G\u00f6yg\u00f6l Rayon Veteranlar T\u0259\u015fkilat\u0131n\u0131n s\u0259dri Azadxan Haqverdiyev, Samux Rayon A\u011fsaqqallar \u015euras\u0131n\u0131n s\u0259dri G\u0259ray Bayramov, Qazax R\u0130H yan\u0131nda \u0130ctimai \u015euran\u0131n s\u0259dri Zakir N\u0259sibov, G\u0259nc\u0259 \u015f\u0259h\u0259rinin ictimai f\u0259al g\u0259ncl\u0259rind\u0259n Nat\u0259van M\u0259mm\u0259dova v\u0259 ba\u015fqalar\u0131 \u00f6z \u00e7\u0131x\u0131\u015flar\u0131nda ulu \u00f6nd\u0259r Heyd\u0259r \u018fliyevin siyasi m\u00fcdrikliyinin v\u0259 uzaqg\u00f6r\u0259nliyinin b\u0259hr\u0259l\u0259rind\u0259n, \u00dcmummilli Liderin \u0259sas\u0131n\u0131 qoydu\u011fu h\u0259rt\u0259r\u0259fli inki\u015faf konsepsiyas\u0131n\u0131 u\u011furla davam etdir\u0259n Prezidentimiz c\u0259nab \u0130lham \u018fliyev t\u0259r\u0259find\u0259n m\u00fcasir d\u00f6vr\u00fcn t\u0259l\u0259bl\u0259rin\u0259 uy\u011fun yeni keyfiyy\u0259t m\u00fcst\u0259visind\u0259 davam etdirilm\u0259sind\u0259n b\u0259hs edibl\u0259r. \u00c7\u0131x\u0131\u015f\u00e7\u0131lar, h\u0259m\u00e7inin, t\u0259dbird\u0259 m\u00fczakir\u0259 edil\u0259n bir s\u0131ra m\u0259s\u0259l\u0259l\u0259rin, x\u00fcsusil\u0259 d\u0259 \u015f\u0259hid ail\u0259l\u0259ri v\u0259 qazil\u0259rl\u0259 ba\u011fl\u0131 probleml\u0259rin h\u0259llind\u0259 yax\u0131ndan i\u015ftirak etm\u0259l\u0259rinin vacibliyini vur\u011fulay\u0131blar.<br \/>\nKonfrans i\u015ftirak\u00e7\u0131lar\u0131 t\u0259r\u0259find\u0259n b\u00f6y\u00fck maraqla qar\u015f\u0131lanan m\u0259ruz\u0259l\u0259r \u0259traf\u0131nda geni\u015f fikir m\u00fcbadil\u0259si apar\u0131l\u0131b. Sonra G\u0259nc\u0259 \u015e\u0259h\u0259r Ba\u015f Polis \u0130dar\u0259si r\u0259isinin birinci m\u00fcavini Niyam\u0259ddin Qas\u0131mova ictimai asayi\u015fin v\u0259 v\u0259t\u0259nda\u015flar\u0131n h\u00fcquqlar\u0131n\u0131n qorunmas\u0131ndak\u0131 s\u0259m\u0259r\u0259li f\u0259aliyy\u0259tin\u0259 g\u00f6r\u0259 F\u0259xri f\u0259rman, r\u0259sm s\u0259rgisind\u0259 f\u0259al i\u015ftirak etdikl\u0259ri \u00fc\u00e7\u00fcn n\u00fcmayi\u015f edil\u0259n \u0259s\u0259rl\u0259rin m\u00fc\u0259llifl\u0259rin\u0259 is\u0259 sertifikatlar t\u0259qdim olunub.<br \/>\nT\u0259dbir \u00e7\u0259r\u00e7iv\u0259sind\u0259 konfrans i\u015ftirak\u00e7\u0131lar\u0131 G\u0259nc\u0259d\u0259 Qafqaz \u0130slam Ordusunun \u015f\u0259hidl\u0259rinin xatir\u0259sin\u0259 in\u015fa edil\u0259n abid\u0259ni d\u0259 ziyar\u0259t ed\u0259r\u0259k \u00f6n\u00fcn\u0259 g\u00fcl d\u0259st\u0259l\u0259ri qoyublar, xatir\u0259l\u0259rini ehtiramla yad edibl\u0259r.<br \/>\nRegional konfransdan sonra t\u0259dbir m\u00fcnasib\u0259til\u0259 t\u0259\u015fkil olunmu\u015f yem\u0259k s\u00fcfr\u0259si \u0259traf\u0131nda s\u00f6hb\u0259tl\u0259r davam etdirilib.<\/p>\n","protected":false},"excerpt":{"rendered":"<p>Az\u0259rbaycan A\u011fsaqqallar \u015euras\u0131 Yeni Az\u0259rbaycan Partiyas\u0131 (YAP) G\u0259nc\u0259 \u015f\u0259h\u0259r t\u0259\u015fkilat\u0131 il\u0259 birg\u0259 \u00fcmummilli lider Heyd\u0259r \u018fliyevin hakimiyy\u0259t\u0259 g\u0259li\u015finin 53-c\u00fc ild\u00f6n\u00fcm\u00fcn\u0259<\/p>\n","protected":false},"author":1,"featured_media":1636,"comment_status":"open","ping_status":"open","sticky":false,"template":"","format":"standard","meta":{"cybocfi_hide_featured_image":""},"categories":[24],"tags":[],"_links":{"self":[{"href":"https:\/\/agsaqqallarsurasi.az\/en\/wp-json\/wp\/v2\/posts\/1631"}],"collection":[{"href":"https:\/\/agsaqqallarsurasi.az\/en\/wp-json\/wp\/v2\/posts"}],"about":[{"href":"https:\/\/agsaqqallarsurasi.az\/en\/wp-json\/wp\/v2\/types\/post"}],"author":[{"embeddable":true,"href":"https:\/\/agsaqqallarsurasi.az\/en\/wp-json\/wp\/v2\/users\/1"}],"replies":[{"embeddable":true,"href":"https:\/\/agsaqqallarsurasi.az\/en\/wp-json\/wp\/v2\/comments?post=1631"}],"version-history":[{"count":1,"href":"https:\/\/agsaqqallarsurasi.az\/en\/wp-json\/wp\/v2\/posts\/1631\/revisions"}],"predecessor-version":[{"id":1642,"href":"https:\/\/agsaqqallarsurasi.az\/en\/wp-json\/wp\/v2\/posts\/1631\/revisions\/1642"}],"wp:featuredmedia":[{"embeddable":true,"href":"https:\/\/agsaqqallarsurasi.az\/en\/wp-json\/wp\/v2\/media\/1636"}],"wp:attachment":[{"href":"https:\/\/agsaqqallarsurasi.az\/en\/wp-json\/wp\/v2\/media?parent=1631"}],"wp:term":[{"taxonomy":"category","embeddable":true,"href":"https:\/\/agsaqqallarsurasi.az\/en\/wp-json\/wp\/v2\/categories?post=1631"},{"taxonomy":"post_tag","embeddable":true,"href":"https:\/\/agsaqqallarsurasi.az\/en\/wp-json\/wp\/v2\/tags?post=1631"}],"curies":[{"name":"wp","href":"https:\/\/api.w.org\/{rel}","templated":true}]}}