{"id":1707,"date":"2022-08-12T15:56:49","date_gmt":"2022-08-12T11:56:49","guid":{"rendered":"https:\/\/agsaqqallarsurasi.az\/?p=1707"},"modified":"2022-08-12T18:02:29","modified_gmt":"2022-08-12T14:02:29","slug":"az%c9%99rbaycan-agsaqqallar-surasi-il%c9%99-az%c9%99rbaycan-respublikasi-veteranlar-t%c9%99skilati-arasinda-%c9%99m%c9%99kdasliq-muqavil%c9%99si-imzalanib","status":"publish","type":"post","link":"https:\/\/agsaqqallarsurasi.az\/en\/az%c9%99rbaycan-agsaqqallar-surasi-il%c9%99-az%c9%99rbaycan-respublikasi-veteranlar-t%c9%99skilati-arasinda-%c9%99m%c9%99kdasliq-muqavil%c9%99si-imzalanib\/","title":{"rendered":"Az\u0259rbaycan A\u011fsaqqallar \u015euras\u0131 il\u0259 Az\u0259rbaycan Respublikas\u0131 Veteranlar T\u0259\u015fkilat\u0131 aras\u0131nda \u018fm\u0259kda\u015fl\u0131q M\u00fcqavil\u0259si imzalan\u0131b"},"content":{"rendered":"<p style=\"text-align: left;\">Az\u0259rbaycan A\u011fsaqqallar \u015euras\u0131 il\u0259 Az\u0259rbaycan Respublikas\u0131 M\u00fcharib\u0259, \u018fm\u0259k v\u0259 Silahl\u0131 Q\u00fcvv\u0259l\u0259r Veteranlar\u0131 T\u0259\u015fkilat\u0131 aras\u0131nda 2022-2024-c\u00fc ill\u0259rd\u0259 birg\u0259 f\u0259aliyy\u0259t bar\u0259d\u0259 \u018fm\u0259kda\u015fl\u0131q M\u00fcqavil\u0259si imzalan\u0131b.<\/p>\n<p>S\u0259n\u0259di Az\u0259rbaycan A\u011fsaqqallar \u015euras\u0131n\u0131n s\u0259dri, Milli M\u0259clisinin deputat\u0131, professor Eldar Quliyev v\u0259 Az\u0259rbaycan Respublikas\u0131 M\u00fcharib\u0259, \u018fm\u0259k v\u0259 Silahl\u0131 Q\u00fcvv\u0259l\u0259r Veteranlar\u0131 T\u0259\u015fkilat\u0131n\u0131n s\u0259dri, m\u00fcharib\u0259 v\u0259 \u0259m\u0259k veteran\u0131, Prezident t\u0259qa\u00fcd\u00e7\u00fcs\u00fc Fatma S\u0259ttarova imzalay\u0131b.<br \/>\nT\u0259dbird\u0259 \u00e7\u0131x\u0131\u015f ed\u0259n Eldar Quliyev v\u0259 Fatma S\u0259ttarova qurumlar aras\u0131nda imzalanan s\u0259n\u0259din \u0259h\u0259miyy\u0259tini vur\u011fulay\u0131blar. Qeyd olunub ki, h\u0259r iki qurum \u00f6z Nizamnam\u0259l\u0259ri il\u0259 qar\u015f\u0131lar\u0131na qoyulmu\u015f v\u0259zif\u0259l\u0259ri yerin\u0259 yetirm\u0259y\u0259 davam etm\u0259kl\u0259 yana\u015f\u0131, bir s\u0131ra sah\u0259l\u0259rd\u0259 birg\u0259 qar\u015f\u0131l\u0131ql\u0131 f\u0259aliyy\u0259t say\u0259sind\u0259 daha s\u0259m\u0259r\u0259li n\u0259tic\u0259l\u0259r \u0259ld\u0259 edil\u0259c\u0259yin\u0259 \u0259min olaraq 2022-2024-c\u00fc ill\u0259rd\u0259 \u0259m\u0259kda\u015fl\u0131q etm\u0259k bar\u0259d\u0259 raz\u0131l\u0131\u011fa g\u0259libl\u0259r. \u0130mzalanan s\u0259n\u0259d t\u0259r\u0259fl\u0259rin \u00f6z s\u0259lahiyy\u0259tl\u0259ri daxilind\u0259 f\u0259aliyy\u0259t sah\u0259l\u0259rin\u0259 uy\u011fun olaraq qar\u015f\u0131l\u0131ql\u0131 v\u0259 faydal\u0131 \u0259m\u0259kda\u015fl\u0131\u011f\u0131, f\u0259aliyy\u0259tl\u0259rin koordinasiyas\u0131n\u0131 n\u0259z\u0259rd\u0259 tutur.<br \/>\n\u018fm\u0259kda\u015fl\u0131q M\u00fcqavil\u0259sin\u0259 h\u0259r iki qurumun qar\u015f\u0131ya qoydu\u011fu v\u0259zif\u0259l\u0259rin v\u0259 h\u0259yata ke\u00e7irilm\u0259si n\u0259z\u0259rd\u0259 tutulan t\u0259dbirl\u0259rin \u00f6z \u0259ksini tapd\u0131\u011f\u0131 T\u0259dbirl\u0259r Plan\u0131 da \u0259lav\u0259 olunub. Bu Plana \u0259sas\u0259n Az\u0259rbaycan xalq\u0131n\u0131n milli-m\u0259n\u0259vi d\u0259y\u0259rl\u0259rinin v\u0259 tarixi \u0259n\u0259n\u0259l\u0259rinin qorunmas\u0131na, m\u00fcasir inki\u015faf meyill\u0259rini n\u0259z\u0259r\u0259 almaqla \u00f6lk\u0259mizin ictimai-siyasi, sosial-iqtisadi v\u0259 humanitar sah\u0259l\u0259rd\u0259 inki\u015faf\u0131na, c\u0259miyy\u0259tin qar\u015f\u0131s\u0131nda duran aktual m\u0259s\u0259l\u0259l\u0259rin h\u0259llin\u0259 t\u0259\u015fkilatlar\u0131n t\u00f6hf\u0259sini t\u0259min etm\u0259k \u00fc\u00e7\u00fcn m\u00fcvafiq t\u0259dbirl\u0259rin h\u0259yata ke\u00e7irilm\u0259si n\u0259z\u0259rd\u0259 tutulur.<br \/>\n\u018fld\u0259 olunan raz\u0131l\u0131\u011fa \u0259sas\u0259n t\u0259\u015fkilatlar\u0131n f\u0259aliyy\u0259t istiqam\u0259tl\u0259ri \u00fczr\u0259 x\u00fcsusil\u0259 g\u0259ncl\u0259r aras\u0131nda v\u0259t\u0259np\u0259rv\u0259rlik, d\u00f6vl\u0259t\u00e7ilik, az\u0259rbaycan\u00e7\u0131l\u0131q, t\u00fcrk\u00e7\u00fcl\u00fck, milli-m\u0259n\u0259vi v\u0259 b\u0259\u015f\u0259ri d\u0259y\u0259rl\u0259r\u0259 sadiqlik, sa\u011flam h\u0259yat t\u0259rzi kimi \u0259sas prinsipl\u0259rin t\u0259bli\u011finin geni\u015fl\u0259ndirilm\u0259si, xalq\u0131m\u0131z\u0131n milli mentalitetinin \u0259n vacib atributlar\u0131ndan olan ail\u0259 d\u0259y\u0259rl\u0259rinin qorunmas\u0131, erk\u0259n nikahlar\u0131n qar\u015f\u0131s\u0131n\u0131n al\u0131nmas\u0131, ail\u0259l\u0259rin \u0259sass\u0131z da\u011f\u0131lmas\u0131na yol verilm\u0259m\u0259si, qad\u0131n v\u0259 u\u015faqlar\u0131n h\u00fcquqlar\u0131n\u0131n qorunmas\u0131, gender b\u0259rab\u0259rliyinin t\u0259min edilm\u0259si v\u0259 bir \u00e7ox dig\u0259r aktual m\u0259s\u0259l\u0259l\u0259rin h\u0259ll olunmas\u0131 m\u0259qs\u0259dil\u0259 davaml\u0131 birg\u0259 t\u0259dbirl\u0259r h\u0259yata ke\u00e7iril\u0259c\u0259k.<br \/>\n\u015e\u0259hid ail\u0259l\u0259ri, qazil\u0259r v\u0259 V\u0259t\u0259n m\u00fcharib\u0259sind\u0259 igidlik g\u00f6st\u0259r\u0259n q\u0259hr\u0259man d\u00f6y\u00fc\u015f\u00e7\u00fcl\u0259rl\u0259 g\u00f6r\u00fc\u015fl\u0259rin t\u0259\u015fkil edilm\u0259si, \u0259m\u0259k f\u0259aliyy\u0259tind\u0259 x\u00fcsusi xidm\u0259tl\u0259ri olan, ah\u0131l v\u0259 \u0259lil \u015f\u0259xsl\u0259rin maddi-m\u0259n\u0259vi d\u0259st\u0259kl\u0259nm\u0259si, onlar\u0131n m\u00f6vcud probleml\u0259rinin h\u0259lli il\u0259 ba\u011fl\u0131 m\u00fcvafiq orqanlar qar\u015f\u0131s\u0131nda m\u0259s\u0259l\u0259 qald\u0131rmalar\u0131 \u00fc\u00e7\u00fcn k\u00f6m\u0259klik g\u00f6st\u0259rilm\u0259si v\u0259 bu sah\u0259d\u0259 aidiyy\u0259ti t\u0259\u015fkilatlarla \u0259m\u0259kda\u015fl\u0131\u011f\u0131n g\u00fccl\u0259ndirilm\u0259si d\u0259 diqq\u0259t m\u0259rk\u0259zind\u0259 olacaqd\u0131r.<br \/>\nH\u0259r r\u00fcb\u00fcn v\u0259 ilin sonunda Az\u0259rbaycan A\u011fsaqqallar \u015euras\u0131n\u0131n \u0130dar\u0259 Hey\u0259ti v\u0259 Az\u0259rbaycan Respublikas\u0131 M\u00fcharib\u0259, \u018fm\u0259k v\u0259 Silahl\u0131 Q\u00fcvv\u0259l\u0259r Veteranlar\u0131 T\u0259\u015fkilat\u0131n\u0131n R\u0259yas\u0259t Hey\u0259ti t\u0259r\u0259find\u0259n g\u00f6r\u00fcl\u0259n i\u015fl\u0259r v\u0259 qar\u015f\u0131da duran v\u0259zif\u0259l\u0259r m\u00fczakir\u0259 edil\u0259c\u0259kdir.<br \/>\nT\u0259dbird\u0259 Az\u0259rbaycan Respublikas\u0131 M\u00fcharib\u0259, \u018fm\u0259k v\u0259 Silahl\u0131 Q\u00fcvv\u0259l\u0259r Veteranlar\u0131 T\u0259\u015fkilat\u0131n\u0131n s\u0259dr m\u00fcavini, ehtiyatda olan polkovnik C\u0259lil X\u0259lilov v\u0259 Az\u0259rbaycan A\u011fsaqqallar \u015euras\u0131n\u0131n Aparat r\u0259hb\u0259ri Ramin H\u0259s\u0259nli d\u0259 i\u015ftirak edib.<\/p>\n","protected":false},"excerpt":{"rendered":"<p>Az\u0259rbaycan A\u011fsaqqallar \u015euras\u0131 il\u0259 Az\u0259rbaycan Respublikas\u0131 M\u00fcharib\u0259, \u018fm\u0259k v\u0259 Silahl\u0131 Q\u00fcvv\u0259l\u0259r Veteranlar\u0131 T\u0259\u015fkilat\u0131 aras\u0131nda 2022-2024-c\u00fc ill\u0259rd\u0259 birg\u0259 f\u0259aliyy\u0259t bar\u0259d\u0259 \u018fm\u0259kda\u015fl\u0131q<\/p>\n","protected":false},"author":1,"featured_media":1711,"comment_status":"open","ping_status":"open","sticky":false,"template":"","format":"standard","meta":{"cybocfi_hide_featured_image":""},"categories":[24],"tags":[],"_links":{"self":[{"href":"https:\/\/agsaqqallarsurasi.az\/en\/wp-json\/wp\/v2\/posts\/1707"}],"collection":[{"href":"https:\/\/agsaqqallarsurasi.az\/en\/wp-json\/wp\/v2\/posts"}],"about":[{"href":"https:\/\/agsaqqallarsurasi.az\/en\/wp-json\/wp\/v2\/types\/post"}],"author":[{"embeddable":true,"href":"https:\/\/agsaqqallarsurasi.az\/en\/wp-json\/wp\/v2\/users\/1"}],"replies":[{"embeddable":true,"href":"https:\/\/agsaqqallarsurasi.az\/en\/wp-json\/wp\/v2\/comments?post=1707"}],"version-history":[{"count":1,"href":"https:\/\/agsaqqallarsurasi.az\/en\/wp-json\/wp\/v2\/posts\/1707\/revisions"}],"predecessor-version":[{"id":1713,"href":"https:\/\/agsaqqallarsurasi.az\/en\/wp-json\/wp\/v2\/posts\/1707\/revisions\/1713"}],"wp:featuredmedia":[{"embeddable":true,"href":"https:\/\/agsaqqallarsurasi.az\/en\/wp-json\/wp\/v2\/media\/1711"}],"wp:attachment":[{"href":"https:\/\/agsaqqallarsurasi.az\/en\/wp-json\/wp\/v2\/media?parent=1707"}],"wp:term":[{"taxonomy":"category","embeddable":true,"href":"https:\/\/agsaqqallarsurasi.az\/en\/wp-json\/wp\/v2\/categories?post=1707"},{"taxonomy":"post_tag","embeddable":true,"href":"https:\/\/agsaqqallarsurasi.az\/en\/wp-json\/wp\/v2\/tags?post=1707"}],"curies":[{"name":"wp","href":"https:\/\/api.w.org\/{rel}","templated":true}]}}