{"id":1761,"date":"2022-09-06T15:36:06","date_gmt":"2022-09-06T11:36:06","guid":{"rendered":"https:\/\/agsaqqallarsurasi.az\/?p=1761"},"modified":"2022-09-07T09:43:10","modified_gmt":"2022-09-07T05:43:10","slug":"sumqayit-s%c9%99h%c9%99r-agsaqqallar-surasinin-yeni-s%c9%99dri-secilib","status":"publish","type":"post","link":"https:\/\/agsaqqallarsurasi.az\/en\/sumqayit-s%c9%99h%c9%99r-agsaqqallar-surasinin-yeni-s%c9%99dri-secilib\/","title":{"rendered":"Sumqay\u0131t \u015e\u0259h\u0259r A\u011fsaqqallar \u015euras\u0131n\u0131n yeni s\u0259dri se\u00e7ilib"},"content":{"rendered":"<p>Sentyabr\u0131n 6-da Sumqay\u0131tda \u015e\u0259h\u0259r A\u011fsaqqallar \u015euras\u0131n\u0131n konfrans\u0131 ke\u00e7irilib. T\u0259dbird\u0259 Az\u0259rbaycan A\u011fsaqqallar \u015euras\u0131n\u0131n s\u0259dr m\u00fcavini, mill\u0259t v\u0259kili, professor Eldar \u0130brahimov, Sumqay\u0131t \u015e\u0259h\u0259r \u0130cra Hakimiyy\u0259tinin ba\u015f\u00e7\u0131s\u0131 Zakir F\u0259r\u0259cov, Az\u0259rbaycan A\u011fsaqqallar \u015euras\u0131n\u0131n b\u00f6y\u00fck m\u0259sl\u0259h\u0259t\u00e7i-h\u00fcquq\u015f\u00fcnas\u0131 Kamal \u018fliyev, \u015f\u0259h\u0259r a\u011fsaqqallar\u0131 v\u0259 ziyal\u0131lar\u0131 i\u015ftirak edibl\u0259r.<\/p>\n<p>Konfransda V\u0259t\u0259n m\u00fcharib\u0259si \u015f\u0259hidl\u0259rinin v\u0259 \u015e\u0259h\u0259r A\u011fsaqqallar \u015euras\u0131n\u0131n m\u0259rhum s\u0259dri M\u00fcz\u0259ff\u0259r G\u00fcl\u00fcmovun xatir\u0259si bir d\u0259qiq\u0259lik s\u00fckutla yad edildikd\u0259n sonra Sumqay\u0131t \u015e\u0259h\u0259r \u0130cra Hakimiyy\u0259tinin ba\u015f\u00e7\u0131s\u0131 Zakir F\u0259r\u0259cov Az\u0259rbaycan A\u011fsaqqallar \u015euras\u0131n\u0131n s\u0259dr m\u00fcavini, mill\u0259t v\u0259kili, professor Eldar \u0130brahimovu v\u0259 t\u0259dbir i\u015ftirak\u00e7\u0131lar\u0131n\u0131 salamlayaraq konfrans\u0131n i\u015fin\u0259 u\u011furlar arzulay\u0131b.<br \/>\nSonra t\u0259\u015fkilati m\u0259s\u0259l\u0259l\u0259r m\u00fczakir\u0259y\u0259 \u00e7\u0131xar\u0131l\u0131b. \u015e\u0259h\u0259r A\u011fsaqqallar \u015euras\u0131n\u0131n s\u0259dri v\u0259zif\u0259sin\u0259 Sumqay\u0131t\u0131n sosial-iqtisadi inki\u015faf\u0131nda b\u00f6y\u00fck xidm\u0259tl\u0259ri olan, Prezidentin f\u0259rdi t\u0259qa\u00fcd\u00e7\u00fcs\u00fc Quliyev T\u0259brik M\u00fcz\u0259ff\u0259r o\u011flunun namiz\u0259dliyi ir\u0259li s\u00fcr\u00fcl\u00fcb v\u0259 o, a\u00e7\u0131q s\u0259sverm\u0259 yolu il\u0259 t\u0259\u015fkilat\u0131n s\u0259dri se\u00e7ilib. Daha sonra yeni \u00fczvl\u0259rin namiz\u0259dlikl\u0259ri s\u0259s\u0259 qoyularaq \u0130dar\u0259 Hey\u0259tinin v\u0259 T\u0259fti\u015f Komissiyas\u0131n\u0131n t\u0259rkibi formala\u015fd\u0131r\u0131l\u0131b.<br \/>\nAz\u0259rbaycan A\u011fsaqqallar \u015euras\u0131 s\u0259drinin m\u00fcavini Eldar \u0130brahimov \u015euran\u0131n s\u0259dri, mill\u0259t v\u0259kili, professor Eldar Quliyevin s\u0259mimi salamlar\u0131n\u0131 t\u0259dbir i\u015ftirak\u00e7\u0131lar\u0131na \u00e7atd\u0131rd\u0131qdan sonra Sumqay\u0131t \u015e\u0259h\u0259r A\u011fsaqqallar \u015euras\u0131n\u0131n yeni se\u00e7il\u0259n s\u0259drini v\u0259 \u0130dar\u0259 Hey\u0259tinin \u00fczvl\u0259rini t\u0259brik edib, g\u0259l\u0259c\u0259k f\u0259aliyy\u0259tl\u0259rind\u0259 onlara u\u011furlar dil\u0259yib. Milli-m\u0259n\u0259vi d\u0259y\u0259rl\u0259rimizin qorunmas\u0131nda v\u0259 t\u0259bli\u011find\u0259, g\u0259ncl\u0259rimizin v\u0259t\u0259np\u0259rv\u0259rlik ruhunda t\u0259rbiy\u0259 edilm\u0259sind\u0259 a\u011fsaqqallar\u0131m\u0131z\u0131n dan\u0131lmaz \u0259m\u0259yind\u0259n b\u0259hs ed\u0259r\u0259k son zamanlarda Az\u0259rbaycan A\u011fsaqqallar \u015euras\u0131nda m\u00fc\u015fahid\u0259 edil\u0259n canlanmadan, g\u00f6r\u00fcl\u0259n i\u015fl\u0259rd\u0259n s\u00f6hb\u0259t a\u00e7\u0131b. Ulu \u00f6nd\u0259r Heyd\u0259r \u018fliyevin a\u011fsaqqallara verdiyi y\u00fcks\u0259k d\u0259y\u0259rd\u0259n, onlar\u0131 \u201cmilli-m\u0259n\u0259vi d\u0259y\u0259rl\u0259rimizin q\u0131z\u0131l fondu\u201d adland\u0131rmas\u0131ndan s\u00f6z a\u00e7an Eldar \u0130brahimov d\u00f6vl\u0259t ba\u015f\u00e7\u0131s\u0131 c\u0259nab \u0130lham \u018fliyevin v\u0259 Az\u0259rbaycan Respublikas\u0131n\u0131n Birinci vitse-prezidenti Mehriban xan\u0131m \u018fliyevan\u0131n\u00a0 a\u011fsaqqallar\u0131m\u0131za, ziyal\u0131lar\u0131m\u0131za, h\u0259m\u00e7inin \u015f\u0259hid ail\u0259l\u0259rinin \u00fczvl\u0259rin\u0259, qazil\u0259r\u0259 y\u00fcks\u0259k diqq\u0259t v\u0259 qay\u011f\u0131 g\u00f6st\u0259rdiyini vur\u011fulay\u0131b. Natiq M\u00fcz\u0259ff\u0259r Ali Ba\u015f Komandan \u0130lham \u018fliyevin ba\u015f\u00e7\u0131l\u0131\u011f\u0131 alt\u0131nda \u015fanl\u0131 Ordumuzun azad etdiyi torpaqlar\u0131m\u0131zda ged\u0259n b\u00f6y\u00fck quruculuq i\u015fl\u0259rind\u0259n, bu \u0259z\u0259li Az\u0259rbaycan torpaqlar\u0131n\u0131n \u0259sl sahibl\u0259ri olan m\u0259cburi k\u00f6\u00e7k\u00fcnl\u0259rin \u00f6z do\u011fma yurdlar\u0131na qay\u0131tmas\u0131ndan dan\u0131\u015f\u0131b. Eldar \u0130brahimov \u00f6z \u00e7\u0131x\u0131\u015f\u0131nda a\u011fsaqqallar\u0131n \u00fcz\u0259rin\u0259 d\u00fc\u015f\u0259n v\u0259zif\u0259l\u0259r\u0259 d\u0259 toxunaraq\u00a0 g\u0259ncl\u0259rin xalqa, d\u00f6vl\u0259t\u0259 s\u0259daq\u0259t ruhunda, z\u0259r\u0259rli t\u0259sirl\u0259rd\u0259n uzaq olan sa\u011flam \u0259saslar \u00fcz\u0259rind\u0259 t\u0259rbiy\u0259si i\u015find\u0259 a\u011fsaqqallara daim b\u00f6y\u00fck ehtiyac\u0131n oldu\u011funu t\u0259dbir i\u015ftirak\u00e7\u0131lar\u0131n\u0131n diqq\u0259tin\u0259 \u00e7atd\u0131r\u0131b.<br \/>\nSonra \u00e7\u0131x\u0131\u015f ed\u0259n Sumqay\u0131t \u015e\u0259h\u0259r \u0130cra Hakimiyy\u0259tinin ba\u015f\u00e7\u0131s\u0131 Zakir F\u0259r\u0259cov da \u015euran\u0131n yeni se\u00e7il\u0259n t\u0259rkibinin b\u00fct\u00fcn \u00fczvl\u0259rini t\u0259brik ed\u0259r\u0259k, g\u0259l\u0259c\u0259k i\u015fl\u0259rind\u0259 onlara u\u011furlar arzulay\u0131b. O, Az\u0259rbaycan Respublikas\u0131n\u0131n Prezidenti c\u0259nab \u0130lham \u018fliyevin h\u0259yata ke\u00e7irdiyi u\u011furlu daxili v\u0259 xarici siyas\u0259td\u0259n, m\u00fck\u0259mm\u0259l ordu quruculu\u011fundan, b\u00fct\u00fcn sah\u0259l\u0259rd\u0259 n\u0259z\u0259r\u0259 \u00e7arpan h\u0259rt\u0259r\u0259fli inki\u015fafdan b\u0259hs edib. Natiq \u00f6z nitqind\u0259 qazan\u0131lan u\u011furlarla yana\u015f\u0131, c\u0259miyy\u0259td\u0259, \u00e7ox t\u0259\u0259s\u00fcf ki, m\u00f6vcud olan neqativ hallara \u2013 ail\u0259 d\u0259y\u0259rl\u0259rinin unudulmas\u0131na, bo\u015fanmalar\u0131n say\u0131n\u0131n \u00e7oxalmas\u0131na, narkomaniyaya v\u0259 dig\u0259r z\u0259r\u0259rli v\u0259rdi\u015fl\u0259r\u0259 meyilliliyin artmas\u0131na da toxunub. O vur\u011fulay\u0131b ki, bu c\u00fcr hallar\u0131n qar\u015f\u0131s\u0131n\u0131n al\u0131nmas\u0131 \u00fc\u00e7\u00fcn h\u0259r bir Az\u0259rbaycan v\u0259t\u0259nda\u015f\u0131, x\u00fcsusil\u0259 a\u011fsaqqallar \u00f6z s\u0259yl\u0259rini \u0259sirg\u0259m\u0259m\u0259lidirl\u0259r, g\u0259ncl\u0259rl\u0259 m\u00fct\u0259madi i\u015fl\u0259r aparmal\u0131, onlar\u0131 maarifl\u0259ndir\u0259r\u0259k bu b\u0259lalardan qorumal\u0131d\u0131rlar.<br \/>\nDaha sonra \u00e7\u0131x\u0131\u015f ed\u0259n natiql\u0259r Sumqay\u0131t \u015e\u0259h\u0259r A\u011fsaqqallar \u015euras\u0131n\u0131n yeni se\u00e7ilmi\u015f s\u0259drin\u0259 v\u0259 \u00fczvl\u0259rin\u0259 u\u011furlar arzulayaraq, a\u011fsaqqallar\u0131n \u015f\u0259h\u0259rin ictimai-m\u0259d\u0259ni h\u0259yat\u0131ndak\u0131 \u0259h\u0259miyy\u0259tli rolundan, ya\u015fl\u0131 n\u0259slin n\u00fcmay\u0259nd\u0259l\u0259rin\u0259 g\u00f6st\u0259ril\u0259n d\u00f6vl\u0259t qay\u011f\u0131s\u0131ndan dan\u0131\u015f\u0131blar.<br \/>\nSonda Sumqay\u0131t \u015e\u0259h\u0259r A\u011fsaqqallar \u015euras\u0131n\u0131n s\u0259dri T\u0259brik Quliyev ona, h\u0259m\u00e7inin \u0130dar\u0259 Hey\u0259tinin v\u0259 T\u0259fti\u015f Komissiyas\u0131n\u0131n yeni se\u00e7ilmi\u015f \u00fczvl\u0259rin\u0259 g\u00f6st\u0259rilmi\u015f etimada g\u00f6r\u0259 minn\u0259tdarl\u0131\u011f\u0131n\u0131 bildirib v\u0259 t\u0259\u015fkilat\u0131n bundan sonra da aktiv \u015f\u0259kild\u0259 f\u0259aliyy\u0259t g\u00f6st\u0259r\u0259c\u0259yini qeyd edib.<br \/>\nAz\u0259rbaycan A\u011fsaqqallar \u015euras\u0131n\u0131n s\u0259dr m\u00fcavini, mill\u0259t v\u0259kili, professor Eldar \u0130brahimov konfransdan sonra yerli t\u0259\u015fkilat\u0131n i\u015f ota\u011f\u0131, yarad\u0131lan \u015f\u0259rait v\u0259 g\u00f6st\u0259rdikl\u0259ri f\u0259aliyy\u0259tl\u0259 yax\u0131ndan tan\u0131\u015f olaraq, \u00f6z m\u0259sl\u0259h\u0259t v\u0259 t\u00f6vsiy\u0259l\u0259rini verib.<\/p>\n","protected":false},"excerpt":{"rendered":"<p>Sentyabr\u0131n 6-da Sumqay\u0131tda \u015e\u0259h\u0259r A\u011fsaqqallar \u015euras\u0131n\u0131n konfrans\u0131 ke\u00e7irilib. T\u0259dbird\u0259 Az\u0259rbaycan A\u011fsaqqallar \u015euras\u0131n\u0131n s\u0259dr m\u00fcavini, mill\u0259t v\u0259kili, professor Eldar \u0130brahimov, Sumqay\u0131t<\/p>\n","protected":false},"author":1,"featured_media":1768,"comment_status":"open","ping_status":"open","sticky":false,"template":"","format":"standard","meta":{"cybocfi_hide_featured_image":""},"categories":[24],"tags":[],"_links":{"self":[{"href":"https:\/\/agsaqqallarsurasi.az\/en\/wp-json\/wp\/v2\/posts\/1761"}],"collection":[{"href":"https:\/\/agsaqqallarsurasi.az\/en\/wp-json\/wp\/v2\/posts"}],"about":[{"href":"https:\/\/agsaqqallarsurasi.az\/en\/wp-json\/wp\/v2\/types\/post"}],"author":[{"embeddable":true,"href":"https:\/\/agsaqqallarsurasi.az\/en\/wp-json\/wp\/v2\/users\/1"}],"replies":[{"embeddable":true,"href":"https:\/\/agsaqqallarsurasi.az\/en\/wp-json\/wp\/v2\/comments?post=1761"}],"version-history":[{"count":1,"href":"https:\/\/agsaqqallarsurasi.az\/en\/wp-json\/wp\/v2\/posts\/1761\/revisions"}],"predecessor-version":[{"id":1784,"href":"https:\/\/agsaqqallarsurasi.az\/en\/wp-json\/wp\/v2\/posts\/1761\/revisions\/1784"}],"wp:featuredmedia":[{"embeddable":true,"href":"https:\/\/agsaqqallarsurasi.az\/en\/wp-json\/wp\/v2\/media\/1768"}],"wp:attachment":[{"href":"https:\/\/agsaqqallarsurasi.az\/en\/wp-json\/wp\/v2\/media?parent=1761"}],"wp:term":[{"taxonomy":"category","embeddable":true,"href":"https:\/\/agsaqqallarsurasi.az\/en\/wp-json\/wp\/v2\/categories?post=1761"},{"taxonomy":"post_tag","embeddable":true,"href":"https:\/\/agsaqqallarsurasi.az\/en\/wp-json\/wp\/v2\/tags?post=1761"}],"curies":[{"name":"wp","href":"https:\/\/api.w.org\/{rel}","templated":true}]}}