{"id":389,"date":"2021-08-02T16:07:47","date_gmt":"2021-08-02T12:07:47","guid":{"rendered":"https:\/\/agsaqqallarsurasi.az\/?p=389"},"modified":"2022-04-11T01:22:03","modified_gmt":"2022-04-10T21:22:03","slug":"xocali-soyqirimi-t%c9%99kc%c9%99-az%c9%99rbaycana-qarsi-deyil-butun-insanliga-qarsi-tor%c9%99dilmis-b%c9%99s%c9%99ri-cinay%c9%99tdir","status":"publish","type":"post","link":"https:\/\/agsaqqallarsurasi.az\/en\/xocali-soyqirimi-t%c9%99kc%c9%99-az%c9%99rbaycana-qarsi-deyil-butun-insanliga-qarsi-tor%c9%99dilmis-b%c9%99s%c9%99ri-cinay%c9%99tdir\/","title":{"rendered":"Xocal\u0131 soyq\u0131r\u0131m\u0131 t\u0259kc\u0259 Az\u0259rbaycana qar\u015f\u0131 deyil, b\u00fct\u00fcn insanl\u0131\u011fa qar\u015f\u0131 t\u00f6r\u0259dilmi\u015f b\u0259\u015f\u0259ri cinay\u0259tdir"},"content":{"rendered":"<p><img loading=\"lazy\" class=\"alignleft wp-image-390\" src=\"https:\/\/agsaqqallarsurasi.az\/wp-content\/uploads\/2022\/04\/thumbnail_22c15b35c57c29e8b4edad221c4eb3a1.jpg\" alt=\"\" width=\"400\" height=\"259\" srcset=\"https:\/\/agsaqqallarsurasi.az\/wp-content\/uploads\/2022\/04\/thumbnail_22c15b35c57c29e8b4edad221c4eb3a1.jpg 799w, https:\/\/agsaqqallarsurasi.az\/wp-content\/uploads\/2022\/04\/thumbnail_22c15b35c57c29e8b4edad221c4eb3a1-300x194.jpg 300w, https:\/\/agsaqqallarsurasi.az\/wp-content\/uploads\/2022\/04\/thumbnail_22c15b35c57c29e8b4edad221c4eb3a1-768x497.jpg 768w, https:\/\/agsaqqallarsurasi.az\/wp-content\/uploads\/2022\/04\/thumbnail_22c15b35c57c29e8b4edad221c4eb3a1-600x388.jpg 600w, https:\/\/agsaqqallarsurasi.az\/wp-content\/uploads\/2022\/04\/thumbnail_22c15b35c57c29e8b4edad221c4eb3a1-150x97.jpg 150w\" sizes=\"(max-width: 400px) 100vw, 400px\" \/>Bak\u0131, 27 fevral,\u00a0AZ\u018fRTAC<\/p>\n<p>Xocal\u0131 soyq\u0131r\u0131m\u0131n\u0131n 29-cu ild\u00f6n\u00fcm\u00fc il\u0259 \u0259laq\u0259dar Az\u0259rbaycan A\u011fsaqqallar \u015euras\u0131n\u0131n s\u0259dri, Milli M\u0259clisin deputat\u0131 Eldar Quliyev, s\u0259drin birinci m\u00fcavini, deputat \u018fhliman \u018fmiraslanov, s\u0259dr m\u00fcavinl\u0259ri \u2013 deputat Eldar \u0130brahimov, Bayram Yusifov, Vahid Novruzov, h\u0259m\u00e7inin t\u0259\u015fkilat\u0131n Aparat r\u0259hb\u0259ri Ramin H\u0259s\u0259nli v\u0259 dig\u0259r r\u0259smi \u015f\u0259xsl\u0259r X\u0259tai rayonunda yerl\u0259\u015f\u0259n Xocal\u0131 park\u0131nda faci\u0259 qurbanlar\u0131n\u0131n xatir\u0259sin\u0259 ucald\u0131lm\u0131\u015f \u201cAna haray\u0131\u201d abid\u0259sini ziyar\u0259t edibl\u0259r.<\/p>\n<p>Bu bar\u0259d\u0259\u00a0AZ\u018fRTAC-a \u015euran\u0131n m\u0259tbuat xidm\u0259tind\u0259n m\u0259lumat verilib.<\/p>\n<p>Bildirilib ki, abid\u0259nin \u00f6n\u00fcn\u0259 g\u00fcl d\u0259st\u0259l\u0259ri qoyan \u015eura \u00fczvl\u0259ri Xocal\u0131 soyq\u0131r\u0131m\u0131 qurbanlar\u0131n\u0131n xatir\u0259sini ehtiramla yad edib, Uca Allahdan b\u00fct\u00fcn \u015f\u0259hidl\u0259rimiz\u0259 r\u0259hm\u0259t dil\u0259yibl\u0259r.<\/p>\n<p>Xocal\u0131 soyq\u0131r\u0131m\u0131n\u0131 Az\u0259rbaycan tarixinin \u0259n faci\u0259li hadis\u0259l\u0259rind\u0259n biri oldu\u011funu dey\u0259n A\u011fsaqqallar \u015euras\u0131n\u0131n s\u0259dri Eldar Quliyev bu soyq\u0131r\u0131m\u0131n\u0131 t\u0259kc\u0259 \u00f6lk\u0259miz\u0259 qar\u015f\u0131 deyil, b\u00fct\u00fcn insanl\u0131\u011fa qar\u015f\u0131 t\u00f6r\u0259dilmi\u015f b\u0259\u015f\u0259ri cinay\u0259t kimi d\u0259y\u0259rl\u0259ndirib. G\u00fcnahs\u0131z insanlar\u0131n qan\u0131n\u0131n yerd\u0259 qalmad\u0131\u011f\u0131n\u0131 bildir\u0259n Eldar Quliyev qeyd edib ki, M\u00fcz\u0259ff\u0259r Ali Ba\u015f Komandan \u0130lham \u018fliyevin r\u0259hb\u0259rliyi il\u0259 \u015fanl\u0131 Ordumuz 44 g\u00fcnl\u00fck V\u0259t\u0259n m\u00fcharib\u0259sind\u0259 tarixi Z\u0259f\u0259r qazanaraq t\u0259kc\u0259 Xocal\u0131 qurbanlar\u0131n\u0131n deyil, b\u00fct\u00fcn \u015f\u0259hidl\u0259rimizin qisas\u0131n\u0131 al\u0131b. Bu g\u00fcn \u00fc\u00e7r\u0259ngli d\u00f6vl\u0259t bayra\u011f\u0131m\u0131z do\u011fma torpaqlar\u0131m\u0131zda, Qaraba\u011f\u0131m\u0131zda dal\u011falan\u0131r.<\/p>\n","protected":false},"excerpt":{"rendered":"<p>Bak\u0131, 27 fevral,\u00a0AZ\u018fRTAC Xocal\u0131 soyq\u0131r\u0131m\u0131n\u0131n 29-cu ild\u00f6n\u00fcm\u00fc il\u0259 \u0259laq\u0259dar Az\u0259rbaycan A\u011fsaqqallar \u015euras\u0131n\u0131n s\u0259dri, Milli M\u0259clisin deputat\u0131 Eldar Quliyev, s\u0259drin birinci<\/p>\n","protected":false},"author":1,"featured_media":390,"comment_status":"open","ping_status":"open","sticky":false,"template":"","format":"standard","meta":{"cybocfi_hide_featured_image":"yes"},"categories":[24],"tags":[],"_links":{"self":[{"href":"https:\/\/agsaqqallarsurasi.az\/en\/wp-json\/wp\/v2\/posts\/389"}],"collection":[{"href":"https:\/\/agsaqqallarsurasi.az\/en\/wp-json\/wp\/v2\/posts"}],"about":[{"href":"https:\/\/agsaqqallarsurasi.az\/en\/wp-json\/wp\/v2\/types\/post"}],"author":[{"embeddable":true,"href":"https:\/\/agsaqqallarsurasi.az\/en\/wp-json\/wp\/v2\/users\/1"}],"replies":[{"embeddable":true,"href":"https:\/\/agsaqqallarsurasi.az\/en\/wp-json\/wp\/v2\/comments?post=389"}],"version-history":[{"count":1,"href":"https:\/\/agsaqqallarsurasi.az\/en\/wp-json\/wp\/v2\/posts\/389\/revisions"}],"predecessor-version":[{"id":391,"href":"https:\/\/agsaqqallarsurasi.az\/en\/wp-json\/wp\/v2\/posts\/389\/revisions\/391"}],"wp:featuredmedia":[{"embeddable":true,"href":"https:\/\/agsaqqallarsurasi.az\/en\/wp-json\/wp\/v2\/media\/390"}],"wp:attachment":[{"href":"https:\/\/agsaqqallarsurasi.az\/en\/wp-json\/wp\/v2\/media?parent=389"}],"wp:term":[{"taxonomy":"category","embeddable":true,"href":"https:\/\/agsaqqallarsurasi.az\/en\/wp-json\/wp\/v2\/categories?post=389"},{"taxonomy":"post_tag","embeddable":true,"href":"https:\/\/agsaqqallarsurasi.az\/en\/wp-json\/wp\/v2\/tags?post=389"}],"curies":[{"name":"wp","href":"https:\/\/api.w.org\/{rel}","templated":true}]}}