{"id":404,"date":"2021-08-02T16:17:36","date_gmt":"2021-08-02T12:17:36","guid":{"rendered":"https:\/\/agsaqqallarsurasi.az\/?p=404"},"modified":"2022-04-11T01:30:51","modified_gmt":"2022-04-10T21:30:51","slug":"bu-gun-agsaqqallar-prezident-ilham-%c9%99liyevin-%c9%99trafinda-daha-six-birl%c9%99sibl%c9%99r","status":"publish","type":"post","link":"https:\/\/agsaqqallarsurasi.az\/en\/bu-gun-agsaqqallar-prezident-ilham-%c9%99liyevin-%c9%99trafinda-daha-six-birl%c9%99sibl%c9%99r\/","title":{"rendered":"Bu g\u00fcn a\u011fsaqqallar Prezident \u0130lham \u018fliyevin \u0259traf\u0131nda daha s\u0131x birl\u0259\u015fibl\u0259r"},"content":{"rendered":"<p><img loading=\"lazy\" class=\"alignleft wp-image-405\" src=\"https:\/\/agsaqqallarsurasi.az\/wp-content\/uploads\/2022\/04\/thumbnail_7ab920bfa8a95f9e155ab1772c275926.jpg\" alt=\"\" width=\"400\" height=\"259\" srcset=\"https:\/\/agsaqqallarsurasi.az\/wp-content\/uploads\/2022\/04\/thumbnail_7ab920bfa8a95f9e155ab1772c275926.jpg 799w, https:\/\/agsaqqallarsurasi.az\/wp-content\/uploads\/2022\/04\/thumbnail_7ab920bfa8a95f9e155ab1772c275926-300x194.jpg 300w, https:\/\/agsaqqallarsurasi.az\/wp-content\/uploads\/2022\/04\/thumbnail_7ab920bfa8a95f9e155ab1772c275926-768x497.jpg 768w, https:\/\/agsaqqallarsurasi.az\/wp-content\/uploads\/2022\/04\/thumbnail_7ab920bfa8a95f9e155ab1772c275926-600x388.jpg 600w, https:\/\/agsaqqallarsurasi.az\/wp-content\/uploads\/2022\/04\/thumbnail_7ab920bfa8a95f9e155ab1772c275926-150x97.jpg 150w\" sizes=\"(max-width: 400px) 100vw, 400px\" \/>Bak\u0131, 26 aprel,\u00a0AZ\u018fRTAC<\/p>\n<p>Aprelin 26-da Siy\u0259z\u0259nd\u0259 x\u00fcsusi karantin rejimi qaydalar\u0131na riay\u0259t olunmaqla, Rayon A\u011fsaqqallar \u015euras\u0131n\u0131n hesabat-se\u00e7ki konfrans\u0131 ke\u00e7irilib. Konfransda Az\u0259rbaycan A\u011fsaqqallar \u015euras\u0131n\u0131n s\u0259dr m\u00fcavini Tahir S\u00fcleymanov, rayon icra hakimiyy\u0259tinin ba\u015f\u00e7\u0131s\u0131 Novruz Novruzov, rayon a\u011fsaqqallar\u0131 v\u0259 ziyal\u0131lar\u0131 i\u015ftirak edibl\u0259r.<\/p>\n<p>A\u011fsaqqallar \u015euras\u0131ndan\u00a0AZ\u018fRTAC-a bildiribl\u0259r ki, t\u0259dbir i\u015ftirak\u00e7\u0131lar\u0131 \u0259vv\u0259lc\u0259 \u00fcmummilli lider Heyd\u0259r \u018fliyevin abid\u0259si \u00f6n\u00fcn\u0259 g\u00fcl d\u0259st\u0259l\u0259ri qoyaraq, xatir\u0259sini ehtiramla yad edibl\u0259r.<\/p>\n<p>Konfransda V\u0259t\u0259n m\u00fcharib\u0259sind\u0259 h\u0259lak olmu\u015f \u015f\u0259hidl\u0259rin v\u0259 \u00f6t\u0259n d\u00f6vr \u0259rzind\u0259 d\u00fcnyas\u0131n\u0131 d\u0259yi\u015fmi\u015f a\u011fsaqqallar\u0131n xatir\u0259si bir d\u0259qiq\u0259lik s\u00fckutla an\u0131ld\u0131qdan sonra \u00e7\u0131x\u0131\u015f ed\u0259n Siy\u0259z\u0259n Rayon \u0130cra Hakimiyy\u0259tinin ba\u015f\u00e7\u0131s\u0131 Novruz Novruzov a\u011fsaqqallar\u0131n Az\u0259rbaycan\u0131n ictimai-siyasi v\u0259 m\u0259d\u0259ni h\u0259yat\u0131ndak\u0131 \u0259h\u0259miyy\u0259tli rolundan b\u0259hs edib. D\u00f6vl\u0259timizin ba\u015f\u00e7\u0131s\u0131 \u0130lham \u018fliyevin r\u0259hb\u0259rliyi il\u0259 \u00f6lk\u0259mizd\u0259 ged\u0259n dinamik inki\u015faf prosesind\u0259 a\u011fsaqqallar\u0131n f\u0259aliyy\u0259tini y\u00fcks\u0259k d\u0259y\u0259rl\u0259ndirib. Qeyd edilib ki, Siy\u0259z\u0259nd\u0259 d\u0259 a\u011fsaqqallar rayonun m\u0259d\u0259ni-ictimai h\u0259yat\u0131nda, x\u00fcsusil\u0259 g\u0259ncl\u0259rin maarifl\u0259ndirilm\u0259sind\u0259 yax\u0131ndan i\u015ftirak edirl\u0259r.<\/p>\n<p>Konfrans i\u015ftirak\u00e7\u0131lar\u0131na Az\u0259rbaycan A\u011fsaqqallar \u015euras\u0131n\u0131n s\u0259dri, Milli M\u0259clisin deputat\u0131, professor Eldar Quliyevin salamlar\u0131n\u0131 \u00e7atd\u0131ran \u015euran\u0131n s\u0259dr m\u00fcavini Tahir S\u00fcleymanov bildirib ki, ona do\u011fma olan Siy\u0259z\u0259nd\u0259 a\u011fsaqqallarla g\u00f6r\u00fc\u015fd\u00fcy\u00fc \u00fc\u00e7\u00fcn \u00e7ox \u015fadd\u0131r. Qeyd edilib ki, b\u00fct\u00fcn \u00f6lk\u0259 a\u011fsaqqallar\u0131 kimi, Siy\u0259z\u0259n rayon a\u011fsaqqallar\u0131 da daim d\u00f6vl\u0259t\u00e7iliyimizin m\u00f6hk\u0259ml\u0259ndirilm\u0259si, milli-m\u0259n\u0259vi d\u0259y\u0259rl\u0259rimizin qorunmas\u0131 v\u0259 t\u0259bli\u011fi, yeniyetm\u0259 v\u0259 g\u0259ncl\u0259rimizin ulu \u00f6nd\u0259r Heyd\u0259r \u018fliyev ideyalar\u0131na s\u0259daq\u0259t v\u0259 y\u00fcks\u0259k v\u0259t\u0259np\u0259rv\u0259rlik ruhunda t\u0259rbiy\u0259 olunmas\u0131 kimi n\u0259cib v\u0259zif\u0259ni h\u0259yata ke\u00e7irirl\u0259r.<\/p>\n<p>M\u00fcz\u0259ff\u0259r Ali Ba\u015f Komandan \u0130lham \u018fliyevin r\u0259hb\u0259rliyi il\u0259 apar\u0131lan m\u00f6ht\u0259\u015f\u0259m \u201cD\u0259mir yumruq\u201d \u0259m\u0259liyyat\u0131ndan, \u015fanl\u0131 Ordumuzun \u015f\u00fcca\u0259tind\u0259n dan\u0131\u015fan Tahir S\u00fcleymanov vur\u011fulay\u0131b ki, xalq\u0131m\u0131z, h\u0259m\u00e7inin a\u011fsaqqallar\u0131m\u0131z 44 g\u00fcnl\u00fck V\u0259t\u0259n m\u00fcharib\u0259si zaman\u0131 d\u00f6vl\u0259timizin ba\u015f\u00e7\u0131s\u0131n\u0131n \u0259traf\u0131nda birl\u0259\u015f\u0259r\u0259k, b\u00f6y\u00fck Z\u0259f\u0259rin qazan\u0131lmas\u0131nda i\u015ftirak edibl\u0259r v\u0259 bu birlik, bu h\u0259mr\u0259ylik haz\u0131rda da davam edir. A\u011fsaqqallar bu g\u00fcn Prezident \u0130lham \u018fliyevin \u0259traf\u0131nda daha s\u0131x birl\u0259\u015fibl\u0259r.<\/p>\n<p>\u00dcmummilli lider Heyd\u0259r \u018fliyevin \u00f6lk\u0259mizd\u0259 a\u011fsaqqallara verdiyi y\u00fcks\u0259k d\u0259y\u0259rd\u0259n s\u00f6z a\u00e7an natiq qeyd edib ki, haz\u0131rda Prezident \u0130lham \u018fliyev v\u0259 Birinci vitse-prezident Mehriban \u018fliyeva da bu n\u0259cib \u0259n\u0259n\u0259ni davam etdirirl\u0259r.<\/p>\n<p>Tahir S\u00fcleymanov vur\u011fulay\u0131b ki, haz\u0131rda Az\u0259rbaycan A\u011fsaqqallar \u015euras\u0131nda b\u00f6y\u00fck canlanma ya\u015fan\u0131r, \u015eura daha m\u0259hsuldar v\u0259 s\u0259m\u0259r\u0259li f\u0259aliyy\u0259t g\u00f6st\u0259rir, d\u00f6vl\u0259timizin v\u0259 c\u0259miyy\u0259timizin inki\u015faf\u0131na layiqli t\u00f6hf\u0259sini verir.<\/p>\n<p>Sonra t\u0259dbird\u0259 t\u0259\u015fkilati m\u0259s\u0259l\u0259l\u0259r m\u00fczakir\u0259y\u0259 \u00e7\u0131xar\u0131l\u0131b. Siy\u0259z\u0259n Rayon A\u011fsaqqallar \u015euras\u0131n\u0131n yeni \u018fsasnam\u0259si a\u00e7\u0131q s\u0259sverm\u0259 yolu il\u0259 q\u0259bul edilib.<\/p>\n<p>Q\u0259z\u0259nf\u0259r N\u0259c\u0259fov yenid\u0259n Rayon A\u011fsaqqallar \u015euras\u0131n\u0131n s\u0259dri se\u00e7ilib. Konfransda, h\u0259m\u00e7inin Rayon A\u011fsaqqallar \u015euras\u0131n\u0131n \u0130dar\u0259 Hey\u0259tinin v\u0259 T\u0259fti\u015f Komissiyas\u0131n\u0131n yeni t\u0259rkibi formala\u015fd\u0131r\u0131l\u0131b.<\/p>\n","protected":false},"excerpt":{"rendered":"<p>Bak\u0131, 26 aprel,\u00a0AZ\u018fRTAC Aprelin 26-da Siy\u0259z\u0259nd\u0259 x\u00fcsusi karantin rejimi qaydalar\u0131na riay\u0259t olunmaqla, Rayon A\u011fsaqqallar \u015euras\u0131n\u0131n hesabat-se\u00e7ki konfrans\u0131 ke\u00e7irilib. Konfransda Az\u0259rbaycan<\/p>\n","protected":false},"author":1,"featured_media":405,"comment_status":"open","ping_status":"open","sticky":false,"template":"","format":"standard","meta":{"cybocfi_hide_featured_image":"yes"},"categories":[24],"tags":[],"_links":{"self":[{"href":"https:\/\/agsaqqallarsurasi.az\/en\/wp-json\/wp\/v2\/posts\/404"}],"collection":[{"href":"https:\/\/agsaqqallarsurasi.az\/en\/wp-json\/wp\/v2\/posts"}],"about":[{"href":"https:\/\/agsaqqallarsurasi.az\/en\/wp-json\/wp\/v2\/types\/post"}],"author":[{"embeddable":true,"href":"https:\/\/agsaqqallarsurasi.az\/en\/wp-json\/wp\/v2\/users\/1"}],"replies":[{"embeddable":true,"href":"https:\/\/agsaqqallarsurasi.az\/en\/wp-json\/wp\/v2\/comments?post=404"}],"version-history":[{"count":1,"href":"https:\/\/agsaqqallarsurasi.az\/en\/wp-json\/wp\/v2\/posts\/404\/revisions"}],"predecessor-version":[{"id":406,"href":"https:\/\/agsaqqallarsurasi.az\/en\/wp-json\/wp\/v2\/posts\/404\/revisions\/406"}],"wp:featuredmedia":[{"embeddable":true,"href":"https:\/\/agsaqqallarsurasi.az\/en\/wp-json\/wp\/v2\/media\/405"}],"wp:attachment":[{"href":"https:\/\/agsaqqallarsurasi.az\/en\/wp-json\/wp\/v2\/media?parent=404"}],"wp:term":[{"taxonomy":"category","embeddable":true,"href":"https:\/\/agsaqqallarsurasi.az\/en\/wp-json\/wp\/v2\/categories?post=404"},{"taxonomy":"post_tag","embeddable":true,"href":"https:\/\/agsaqqallarsurasi.az\/en\/wp-json\/wp\/v2\/tags?post=404"}],"curies":[{"name":"wp","href":"https:\/\/api.w.org\/{rel}","templated":true}]}}