{"id":410,"date":"2021-08-02T17:44:34","date_gmt":"2021-08-02T13:44:34","guid":{"rendered":"https:\/\/agsaqqallarsurasi.az\/?p=410"},"modified":"2022-04-11T01:33:53","modified_gmt":"2022-04-10T21:33:53","slug":"zaqatala-rayon-agsaqqallar-surasinin-konfransi-kecirilib","status":"publish","type":"post","link":"https:\/\/agsaqqallarsurasi.az\/en\/zaqatala-rayon-agsaqqallar-surasinin-konfransi-kecirilib\/","title":{"rendered":"Zaqatala Rayon A\u011fsaqqallar \u015euras\u0131n\u0131n konfrans\u0131 ke\u00e7irilib"},"content":{"rendered":"<p><img loading=\"lazy\" class=\"wp-image-411 alignleft\" src=\"https:\/\/agsaqqallarsurasi.az\/wp-content\/uploads\/2022\/04\/thumbnail_1d9e4bcee80d884213531f3256f96f89.jpg\" alt=\"\" width=\"400\" height=\"259\" srcset=\"https:\/\/agsaqqallarsurasi.az\/wp-content\/uploads\/2022\/04\/thumbnail_1d9e4bcee80d884213531f3256f96f89.jpg 799w, https:\/\/agsaqqallarsurasi.az\/wp-content\/uploads\/2022\/04\/thumbnail_1d9e4bcee80d884213531f3256f96f89-300x194.jpg 300w, https:\/\/agsaqqallarsurasi.az\/wp-content\/uploads\/2022\/04\/thumbnail_1d9e4bcee80d884213531f3256f96f89-768x497.jpg 768w, https:\/\/agsaqqallarsurasi.az\/wp-content\/uploads\/2022\/04\/thumbnail_1d9e4bcee80d884213531f3256f96f89-600x388.jpg 600w, https:\/\/agsaqqallarsurasi.az\/wp-content\/uploads\/2022\/04\/thumbnail_1d9e4bcee80d884213531f3256f96f89-150x97.jpg 150w\" sizes=\"(max-width: 400px) 100vw, 400px\" \/>Zaqatala, 28 aprel, Mustafa Dada\u015fov,\u00a0AZ\u018fRTAC<\/p>\n<p>Aprelin 28-d\u0259 Zaqatala Rayon A\u011fsaqqallar \u015euras\u0131n\u0131n hesabat-se\u00e7ki konfrans\u0131 ke\u00e7irilib.<\/p>\n<p>AZ\u018fRTAC-\u0131n b\u00f6lg\u0259 m\u00fcxbiri x\u0259b\u0259r verir ki, t\u0259dbir i\u015ftirak\u00e7\u0131lar\u0131 \u0259vv\u0259lc\u0259 \u00fcmummilli lider Heyd\u0259r \u018fliyevin abid\u0259si \u00f6n\u00fcn\u0259 g\u00fcl d\u0259st\u0259l\u0259ri d\u00fcz\u0259r\u0259k, dahi r\u0259hb\u0259rin xatir\u0259sin\u0259 ehtiramlar\u0131n\u0131 bildiribl\u0259r.<\/p>\n<p>Heyd\u0259r \u018fliyev M\u0259rk\u0259zind\u0259 ke\u00e7iril\u0259n t\u0259dbirin \u0259vv\u0259lind\u0259 Az\u0259rbaycan\u0131n \u0259razi b\u00fct\u00f6vl\u00fcy\u00fc u\u011frunda \u015f\u0259hid olan V\u0259t\u0259n o\u011fullar\u0131n\u0131n, h\u0259m\u00e7inin hesabat d\u00f6vr\u00fcnd\u0259 v\u0259fat etmi\u015f a\u011fsaqqallar\u0131n xatir\u0259si bir d\u0259qiq\u0259lik s\u00fckutla yad olunub.<\/p>\n<p>Konfrans\u0131 icra hakimiyy\u0259tinin ba\u015f\u00e7\u0131s\u0131 M\u00fcbariz \u018fhm\u0259dzad\u0259 a\u00e7araq, \u00f6lk\u0259nin, el\u0259c\u0259 d\u0259 rayonun ictimai-siyasi h\u0259yat\u0131nda a\u011fsaqqallar\u0131n rolu v\u0259 n\u00fcfuzundan dan\u0131\u015f\u0131b. Vur\u011fulan\u0131b ki, xalq\u0131m\u0131z\u0131n milli-m\u0259n\u0259vi d\u0259y\u0259rl\u0259rinin formala\u015fmas\u0131nda a\u011fsaqqal t\u00f6vsiy\u0259si v\u0259 m\u0259sl\u0259h\u0259ti x\u00fcsusi \u0259h\u0259miyy\u0259t k\u0259sb edir. Xalq\u0131m\u0131z\u0131n m\u0259n\u0259vi d\u00fcnyas\u0131nda, milli mentalitetind\u0259 a\u011fsaqqal, a\u011fbir\u00e7\u0259k s\u00f6z\u00fc, xeyir-duas\u0131 h\u0259mi\u015f\u0259 \u0259n ali h\u0259yat m\u0259ram\u0131 olub.<\/p>\n<p>Konfransda Zaqatala Rayon A\u011fsaqqallar \u015euras\u0131n\u0131n s\u0259dri \u0130sa \u018fhm\u0259dovun hesabat-m\u0259ruz\u0259si dinl\u0259nilib.<\/p>\n<p>Respublika A\u011fsaqqallar \u015euras\u0131n\u0131n s\u0259dr m\u00fcavini, professor Vahid Novruzov \u00e7\u0131x\u0131\u015f ed\u0259r\u0259k, Prezident \u0130lham \u018fliyevin r\u0259hb\u0259rliyi il\u0259 m\u00fcst\u0259qil Az\u0259rbaycan\u0131n inki\u015faf\u0131 v\u0259 q\u00fcdr\u0259tl\u0259nm\u0259si istiqam\u0259tind\u0259 h\u0259yata ke\u00e7iril\u0259n geni\u015fmiqyasl\u0131 t\u0259dbirl\u0259rd\u0259n, bu i\u015fd\u0259 a\u011fsaqqallar\u0131n b\u00f6y\u00fck rolundan, \u00f6lk\u0259mizd\u0259 ya\u015fl\u0131 n\u0259slin n\u00fcmay\u0259nd\u0259l\u0259rin\u0259 g\u00f6st\u0259ril\u0259n y\u00fcks\u0259k d\u00f6vl\u0259t qay\u011f\u0131s\u0131ndan dan\u0131\u015f\u0131b. Diqq\u0259t\u0259 \u00e7atd\u0131r\u0131l\u0131b ki, g\u0259ncl\u0259rin d\u00f6vl\u0259t\u0259, xalqa s\u0259daq\u0259t ruhunda, z\u0259r\u0259rli t\u0259sirl\u0259rd\u0259n uzaq v\u0259 sa\u011flam \u0259saslar \u00fcz\u0259rind\u0259 t\u0259rbiy\u0259 olunmas\u0131nda a\u011fsaqqallara h\u0259r zaman b\u00f6y\u00fck ehtiyac duyulur.<\/p>\n<p>\u015euran\u0131n s\u0259dr m\u00fcavini a\u011fsaqqallara g\u00f6st\u0259ril\u0259n diqq\u0259t v\u0259 qay\u011f\u0131ya g\u00f6r\u0259 Prezident \u0130lham \u018fliyev\u0259 v\u0259 Birinci vitse-prezident Mehriban \u018fliyevaya t\u0259\u015f\u0259kk\u00fcr edib.<\/p>\n<p>Konfransda Zaqatala Rayon A\u011fsaqqallar \u015euras\u0131n\u0131n Nizamnam\u0259si t\u0259sdiq edilib, \u0130sa \u018fhm\u0259dov yenid\u0259n \u015euran\u0131n s\u0259dri se\u00e7ilib. H\u0259m\u00e7inin rayon A\u011fsaqqallar \u015euras\u0131n\u0131n \u0130dar\u0259 hey\u0259tinin v\u0259 T\u0259fti\u015f komissiyas\u0131n\u0131n yeni t\u0259rkibi t\u0259sdiq olunub.<\/p>\n","protected":false},"excerpt":{"rendered":"<p>Zaqatala, 28 aprel, Mustafa Dada\u015fov,\u00a0AZ\u018fRTAC Aprelin 28-d\u0259 Zaqatala Rayon A\u011fsaqqallar \u015euras\u0131n\u0131n hesabat-se\u00e7ki konfrans\u0131 ke\u00e7irilib. AZ\u018fRTAC-\u0131n b\u00f6lg\u0259 m\u00fcxbiri x\u0259b\u0259r verir ki,<\/p>\n","protected":false},"author":1,"featured_media":411,"comment_status":"open","ping_status":"open","sticky":false,"template":"","format":"standard","meta":{"cybocfi_hide_featured_image":"yes"},"categories":[24],"tags":[],"_links":{"self":[{"href":"https:\/\/agsaqqallarsurasi.az\/en\/wp-json\/wp\/v2\/posts\/410"}],"collection":[{"href":"https:\/\/agsaqqallarsurasi.az\/en\/wp-json\/wp\/v2\/posts"}],"about":[{"href":"https:\/\/agsaqqallarsurasi.az\/en\/wp-json\/wp\/v2\/types\/post"}],"author":[{"embeddable":true,"href":"https:\/\/agsaqqallarsurasi.az\/en\/wp-json\/wp\/v2\/users\/1"}],"replies":[{"embeddable":true,"href":"https:\/\/agsaqqallarsurasi.az\/en\/wp-json\/wp\/v2\/comments?post=410"}],"version-history":[{"count":1,"href":"https:\/\/agsaqqallarsurasi.az\/en\/wp-json\/wp\/v2\/posts\/410\/revisions"}],"predecessor-version":[{"id":412,"href":"https:\/\/agsaqqallarsurasi.az\/en\/wp-json\/wp\/v2\/posts\/410\/revisions\/412"}],"wp:featuredmedia":[{"embeddable":true,"href":"https:\/\/agsaqqallarsurasi.az\/en\/wp-json\/wp\/v2\/media\/411"}],"wp:attachment":[{"href":"https:\/\/agsaqqallarsurasi.az\/en\/wp-json\/wp\/v2\/media?parent=410"}],"wp:term":[{"taxonomy":"category","embeddable":true,"href":"https:\/\/agsaqqallarsurasi.az\/en\/wp-json\/wp\/v2\/categories?post=410"},{"taxonomy":"post_tag","embeddable":true,"href":"https:\/\/agsaqqallarsurasi.az\/en\/wp-json\/wp\/v2\/tags?post=410"}],"curies":[{"name":"wp","href":"https:\/\/api.w.org\/{rel}","templated":true}]}}