{"id":425,"date":"2021-08-02T17:53:58","date_gmt":"2021-08-02T13:53:58","guid":{"rendered":"https:\/\/agsaqqallarsurasi.az\/?p=425"},"modified":"2022-04-11T01:42:16","modified_gmt":"2022-04-10T21:42:16","slug":"az%c9%99rbaycan-agsaqqallar-surasinin-uzvl%c9%99ri-ulu-ond%c9%99r-heyd%c9%99r-%c9%99liyevin-m%c9%99zarini-ziyar%c9%99t-edibl%c9%99r","status":"publish","type":"post","link":"https:\/\/agsaqqallarsurasi.az\/en\/az%c9%99rbaycan-agsaqqallar-surasinin-uzvl%c9%99ri-ulu-ond%c9%99r-heyd%c9%99r-%c9%99liyevin-m%c9%99zarini-ziyar%c9%99t-edibl%c9%99r\/","title":{"rendered":"Az\u0259rbaycan A\u011fsaqqallar \u015euras\u0131n\u0131n \u00fczvl\u0259ri ulu \u00f6nd\u0259r Heyd\u0259r \u018fliyevin m\u0259zar\u0131n\u0131 ziyar\u0259t edibl\u0259r"},"content":{"rendered":"<p><img loading=\"lazy\" class=\"wp-image-426 alignleft\" src=\"https:\/\/agsaqqallarsurasi.az\/wp-content\/uploads\/2022\/04\/thumbnail_46b17f50e66290fc958db61e54dc0525.jpg\" alt=\"\" width=\"400\" height=\"259\" srcset=\"https:\/\/agsaqqallarsurasi.az\/wp-content\/uploads\/2022\/04\/thumbnail_46b17f50e66290fc958db61e54dc0525.jpg 799w, https:\/\/agsaqqallarsurasi.az\/wp-content\/uploads\/2022\/04\/thumbnail_46b17f50e66290fc958db61e54dc0525-300x194.jpg 300w, https:\/\/agsaqqallarsurasi.az\/wp-content\/uploads\/2022\/04\/thumbnail_46b17f50e66290fc958db61e54dc0525-768x497.jpg 768w, https:\/\/agsaqqallarsurasi.az\/wp-content\/uploads\/2022\/04\/thumbnail_46b17f50e66290fc958db61e54dc0525-600x388.jpg 600w, https:\/\/agsaqqallarsurasi.az\/wp-content\/uploads\/2022\/04\/thumbnail_46b17f50e66290fc958db61e54dc0525-150x97.jpg 150w\" sizes=\"(max-width: 400px) 100vw, 400px\" \/>Bak\u0131, 9 may,\u00a0AZ\u018fRTAC<\/p>\n<p>May\u0131n 8-d\u0259 Az\u0259rbaycan A\u011fsaqqallar \u015euras\u0131n\u0131n s\u0259dri, Milli M\u0259clisin deputat\u0131 Eldar Quliyev, s\u0259drin birinci m\u00fcavini, deputat \u018fhliman \u018fmiraslanov, s\u0259dr m\u00fcavinl\u0259ri \u2013 deputat Eldar \u0130brahimov, Bayram Yusifov, Elmira S\u00fcleymanova, Tahir S\u00fcleymanov, Vahid Novruzov, h\u0259m\u00e7inin t\u0259\u015fkilat\u0131n Aparat r\u0259hb\u0259ri Ramin H\u0259s\u0259nli v\u0259 b\u00f6y\u00fck m\u0259sl\u0259h\u0259t\u00e7i Kamal \u018fliyev ulu \u00f6nd\u0259r Heyd\u0259r \u018fliyevin anadan olmas\u0131n\u0131n 98-ci ild\u00f6n\u00fcm\u00fc il\u0259 \u0259laq\u0259dar F\u0259xri Xiyabanda \u00dcmummilli Liderin m\u0259zar\u0131n\u0131 ziyar\u0259t edib, \u00f6n\u00fcn\u0259 g\u00fcl d\u0259st\u0259l\u0259ri qoyublar. G\u00f6rk\u0259mli oftalmoloq-alim, akademik Z\u0259rif\u0259 xan\u0131m \u018fliyevan\u0131n da xatir\u0259si an\u0131l\u0131b, m\u0259zar\u0131 \u00fcz\u0259rin\u0259 t\u0259r \u00e7i\u00e7\u0259kl\u0259r d\u00fcz\u00fcl\u00fcb.<\/p>\n<p>Az\u0259rbaycan A\u011fsaqqallar \u015euras\u0131ndan\u00a0AZ\u018fRTAC-a bildirilib ki, Respublika A\u011fsaqqallar \u015euras\u0131n\u0131n s\u0259dri, professor Eldar Quliyev \u00fcmummilli lider Heyd\u0259r \u018fliyevin Az\u0259rbaycan xalq\u0131n\u0131n v\u0259 d\u00f6vl\u0259tinin taleyind\u0259ki rolundan, m\u00fcasir d\u00f6vl\u0259t\u00e7ilik f\u0259ls\u0259f\u0259sind\u0259n dan\u0131\u015f\u0131b. S\u0259dr qeyd edib ki, Ulu \u00d6nd\u0259rin milli v\u0259 d\u00f6vl\u0259t\u00e7ilik maraqlar\u0131na xidm\u0259t ed\u0259n z\u0259ngin f\u0259aliyy\u0259ti Az\u0259rbaycan xalq\u0131n\u0131n tarixind\u0259 d\u0259rin iz buraxaraq \u0259sl d\u00f6vl\u0259t idar\u0259\u00e7iliyi m\u0259kt\u0259bin\u0259 \u00e7evrilib. Az\u0259rbaycan xalq\u0131 bundan sonra da bu b\u00f6y\u00fck m\u0259kt\u0259bd\u0259n, \u00dcmummilli Liderin z\u0259ngin siyasi irsind\u0259n \u00f6lk\u0259mizin inki\u015faf\u0131, xalq\u0131m\u0131z\u0131n rifah\u0131 namin\u0259 faydalanacaq, Az\u0259rbaycan Heyd\u0259r \u018fliyevin ideyalar\u0131 \u0259sas\u0131nda, Prezident \u0130lham \u018fliyevin r\u0259hb\u0259rliyi il\u0259 t\u0259r\u0259qqi yolunda \u0259min add\u0131mlarla ir\u0259lil\u0259y\u0259r\u0259k yeni zirv\u0259l\u0259r f\u0259th ed\u0259c\u0259k v\u0259 yeni z\u0259f\u0259rl\u0259r qazanacaq.<\/p>\n<p>A\u011fsaqqallar \u015euras\u0131n\u0131n s\u0259dri bildirib ki, \u00dcmummilli Liderin z\u0259ngin siyas\u0259ti bu g\u00fcn d\u0259 Az\u0259rbaycan\u0131n h\u0259rt\u0259r\u0259fli inki\u015faf\u0131na xidm\u0259t etm\u0259kd\u0259dir. V\u0259t\u0259n m\u00fcharib\u0259sind\u0259 qazand\u0131\u011f\u0131m\u0131z m\u00f6ht\u0259\u015f\u0259m Z\u0259f\u0259rin b\u00fcn\u00f6vr\u0259sind\u0259 d\u0259 Ulu \u00d6nd\u0259rin \u0259sas\u0131n\u0131 qoydu\u011fu milli birliyimiz &#8211; Xalq-Lider-Ordu h\u0259mr\u0259yliyi dayan\u0131r. Prezident \u0130lham \u018fliyevin r\u0259hb\u0259rliyi il\u0259 milli maraqlara v\u0259 m\u00fcasir qlobal \u00e7a\u011f\u0131r\u0131\u015flara uy\u011fun h\u0259yata ke\u00e7iril\u0259n u\u011furlu siyas\u0259tin qanunauy\u011fun n\u0259tic\u0259si kimi, Az\u0259rbaycan bu g\u00fcn d\u00fcnyada g\u00fccl\u00fc, n\u00fcfuzlu d\u00f6vl\u0259t, sabitlik adas\u0131 v\u0259 dinamik inki\u015fafa malik olan \u00f6lk\u0259 kimi tan\u0131n\u0131r.<\/p>\n<p>A\u011fsaqqallar \u015euras\u0131n\u0131n s\u0259dri Eldar Quliyev Birinci vitse-prezident, Heyd\u0259r \u018fliyev Fondunun prezidenti Mehriban xan\u0131m \u018fliyevan\u0131n Ulu \u00d6nd\u0259rin yaratd\u0131\u011f\u0131 milli d\u00f6vl\u0259t\u00e7ilik ideyalar\u0131n\u0131n t\u0259bli\u011fi istiqam\u0259tind\u0259 yorulmaz f\u0259aliyy\u0259tind\u0259n d\u0259 b\u0259hs edib. Qeyd olunub ki, Fond t\u0259r\u0259find\u0259n m\u00fcasir d\u00f6vr\u00fcm\u00fczd\u0259 milli-m\u0259n\u0259vi d\u0259y\u0259rl\u0259rin qorunub saxlan\u0131lmas\u0131, sosialy\u00f6nl\u00fc m\u0259s\u0259l\u0259l\u0259rin h\u0259lli il\u0259 ba\u011fl\u0131 elm, t\u0259hsil, s\u0259hiyy\u0259, idman, ekoloji sah\u0259l\u0259r\u0259 aid proqram v\u0259 layih\u0259l\u0259r haz\u0131rlanaraq u\u011furla h\u0259yata ke\u00e7irilir. M\u0259hz bu geni\u015fdiapazonlu f\u0259aliyy\u0259t n\u0259tic\u0259sind\u0259 bu Fond Az\u0259rbaycan\u0131n h\u00fcdudlar\u0131ndan k\u0259narda \u00f6z\u00fcn\u00fc t\u0259sdiql\u0259yib.<\/p>\n","protected":false},"excerpt":{"rendered":"<p>Bak\u0131, 9 may,\u00a0AZ\u018fRTAC May\u0131n 8-d\u0259 Az\u0259rbaycan A\u011fsaqqallar \u015euras\u0131n\u0131n s\u0259dri, Milli M\u0259clisin deputat\u0131 Eldar Quliyev, s\u0259drin birinci m\u00fcavini, deputat \u018fhliman \u018fmiraslanov,<\/p>\n","protected":false},"author":1,"featured_media":426,"comment_status":"open","ping_status":"open","sticky":false,"template":"","format":"standard","meta":{"cybocfi_hide_featured_image":"yes"},"categories":[24],"tags":[],"_links":{"self":[{"href":"https:\/\/agsaqqallarsurasi.az\/en\/wp-json\/wp\/v2\/posts\/425"}],"collection":[{"href":"https:\/\/agsaqqallarsurasi.az\/en\/wp-json\/wp\/v2\/posts"}],"about":[{"href":"https:\/\/agsaqqallarsurasi.az\/en\/wp-json\/wp\/v2\/types\/post"}],"author":[{"embeddable":true,"href":"https:\/\/agsaqqallarsurasi.az\/en\/wp-json\/wp\/v2\/users\/1"}],"replies":[{"embeddable":true,"href":"https:\/\/agsaqqallarsurasi.az\/en\/wp-json\/wp\/v2\/comments?post=425"}],"version-history":[{"count":1,"href":"https:\/\/agsaqqallarsurasi.az\/en\/wp-json\/wp\/v2\/posts\/425\/revisions"}],"predecessor-version":[{"id":427,"href":"https:\/\/agsaqqallarsurasi.az\/en\/wp-json\/wp\/v2\/posts\/425\/revisions\/427"}],"wp:featuredmedia":[{"embeddable":true,"href":"https:\/\/agsaqqallarsurasi.az\/en\/wp-json\/wp\/v2\/media\/426"}],"wp:attachment":[{"href":"https:\/\/agsaqqallarsurasi.az\/en\/wp-json\/wp\/v2\/media?parent=425"}],"wp:term":[{"taxonomy":"category","embeddable":true,"href":"https:\/\/agsaqqallarsurasi.az\/en\/wp-json\/wp\/v2\/categories?post=425"},{"taxonomy":"post_tag","embeddable":true,"href":"https:\/\/agsaqqallarsurasi.az\/en\/wp-json\/wp\/v2\/tags?post=425"}],"curies":[{"name":"wp","href":"https:\/\/api.w.org\/{rel}","templated":true}]}}