{"id":453,"date":"2021-08-02T18:06:12","date_gmt":"2021-08-02T14:06:12","guid":{"rendered":"https:\/\/agsaqqallarsurasi.az\/?p=453"},"modified":"2022-04-11T02:00:31","modified_gmt":"2022-04-10T22:00:31","slug":"%c9%99hliman-%c9%99miraslanov-xalqimizin-m%c9%99n%c9%99vi-dunyasinda-agsaqqal-v%c9%99-agbirc%c9%99k-sozu-xeyir-duasi-h%c9%99mis%c9%99-%c9%99n-ali-h%c9%99yat-m%c9%99rami-olub","status":"publish","type":"post","link":"https:\/\/agsaqqallarsurasi.az\/en\/%c9%99hliman-%c9%99miraslanov-xalqimizin-m%c9%99n%c9%99vi-dunyasinda-agsaqqal-v%c9%99-agbirc%c9%99k-sozu-xeyir-duasi-h%c9%99mis%c9%99-%c9%99n-ali-h%c9%99yat-m%c9%99rami-olub\/","title":{"rendered":"\u018fhliman \u018fmiraslanov: Xalq\u0131m\u0131z\u0131n m\u0259n\u0259vi d\u00fcnyas\u0131nda a\u011fsaqqal v\u0259 a\u011fbir\u00e7\u0259k s\u00f6z\u00fc, xeyir-duas\u0131 h\u0259mi\u015f\u0259 \u0259n ali h\u0259yat m\u0259ram\u0131 olub"},"content":{"rendered":"<p><img loading=\"lazy\" class=\"alignleft wp-image-454\" src=\"https:\/\/agsaqqallarsurasi.az\/wp-content\/uploads\/2022\/04\/thumbnail_73e6daadd635f6c7390f7bf31f5f19bb.jpg\" alt=\"\" width=\"400\" height=\"259\" srcset=\"https:\/\/agsaqqallarsurasi.az\/wp-content\/uploads\/2022\/04\/thumbnail_73e6daadd635f6c7390f7bf31f5f19bb.jpg 799w, https:\/\/agsaqqallarsurasi.az\/wp-content\/uploads\/2022\/04\/thumbnail_73e6daadd635f6c7390f7bf31f5f19bb-300x194.jpg 300w, https:\/\/agsaqqallarsurasi.az\/wp-content\/uploads\/2022\/04\/thumbnail_73e6daadd635f6c7390f7bf31f5f19bb-768x497.jpg 768w, https:\/\/agsaqqallarsurasi.az\/wp-content\/uploads\/2022\/04\/thumbnail_73e6daadd635f6c7390f7bf31f5f19bb-600x388.jpg 600w, https:\/\/agsaqqallarsurasi.az\/wp-content\/uploads\/2022\/04\/thumbnail_73e6daadd635f6c7390f7bf31f5f19bb-150x97.jpg 150w\" sizes=\"(max-width: 400px) 100vw, 400px\" \/>Bak\u0131, 19 may,\u00a0AZ\u018fRTAC<\/p>\n<p>May\u0131n 19-da \u0130mi\u015fli Rayon A\u011fsaqqallar \u015euras\u0131n\u0131n n\u00f6vb\u0259ti konfrans\u0131 ke\u00e7irilib.<\/p>\n<p>A\u011fsaqqallar \u015euras\u0131ndan\u00a0AZ\u018fRTAC-a bildiribl\u0259r ki, \u0130mi\u015fli \u015f\u0259h\u0259rind\u0259ki Heyd\u0259r \u018fliyev M\u0259rk\u0259zind\u0259 t\u0259\u015fkil olunan t\u0259dbird\u0259 Az\u0259rbaycan A\u011fsaqqallar \u015euras\u0131 s\u0259drinin birinci m\u00fcavini, Milli M\u0259clisin S\u0259hiyy\u0259 komit\u0259sinin s\u0259dri, akademik \u018fhliman \u018fmiraslanov, bir qrup rayon a\u011fsaqqal\u0131 i\u015ftirak edibl\u0259r.<\/p>\n<p>Konfrans i\u015ftirak\u00e7\u0131lar\u0131 \u0259vv\u0259lc\u0259 \u00fcmummilli lider Heyd\u0259r \u018fliyevin abid\u0259si \u00f6n\u00fcn\u0259 g\u00fcl-\u00e7i\u00e7\u0259k d\u0259st\u0259l\u0259ri d\u00fcz\u0259r\u0259k, \u0259ziz xatir\u0259sini ehtiramla yad edibl\u0259r.<\/p>\n<p>Sonra iclas\u0131n s\u0259dri v\u0259 katibi se\u00e7ilib, g\u00fcnd\u0259likd\u0259 duran m\u0259s\u0259l\u0259l\u0259r m\u00fczakir\u0259y\u0259 \u00e7\u0131xar\u0131l\u0131b.<\/p>\n<p>\u0130clas\u0131n s\u0259dri g\u00fcnd\u0259likd\u0259 duran m\u0259s\u0259l\u0259l\u0259ri t\u0259dbir i\u015ftirak\u00e7\u0131lar\u0131n\u0131n diqq\u0259tin\u0259 \u00e7atd\u0131r\u0131b v\u0259 Rayon A\u011fsaqqallar \u015euras\u0131n\u0131n \u00fczvl\u0259ri s\u0259sverm\u0259 yolu il\u0259 m\u00fc\u0259yy\u0259nl\u0259\u015fib. \u018fmirov Ramiz Cahangir o\u011flu \u0130mi\u015fli Rayon A\u011fsaqqallar \u015euras\u0131n\u0131n s\u0259dri se\u00e7ilib.<\/p>\n<p>T\u0259dbird\u0259 \u00e7\u0131x\u0131\u015f ed\u0259n A\u011fsaqqallar \u015euras\u0131 s\u0259drinin birinci m\u00fcavini \u018fhliman \u018fmiraslanov Az\u0259rbaycan a\u011fsaqqallar\u0131n\u0131n xalq\u0131m\u0131z\u0131n h\u0259mr\u0259y olmas\u0131nda vacib rol oynad\u0131qlar\u0131n\u0131, g\u0259ncl\u0259rin d\u00f6vl\u0259t\u0259, xalqa s\u0259daq\u0259t ruhunda, z\u0259r\u0259rli t\u0259sirl\u0259rd\u0259n uzaq v\u0259 sa\u011flam t\u0259m\u0259ll\u0259r \u0259sas\u0131nda t\u0259rbiy\u0259si i\u015find\u0259 a\u011fsaqqallara h\u0259r zaman b\u00f6y\u00fck ehtiyac oldu\u011funu bildirib. Diqq\u0259t\u0259 \u00e7atd\u0131r\u0131b ki, xalq\u0131m\u0131z\u0131n m\u0259n\u0259vi d\u00fcnyas\u0131nda a\u011fsaqqal, a\u011fbir\u00e7\u0259k s\u00f6z\u00fc, xeyir-duas\u0131 h\u0259mi\u015f\u0259 \u0259n ali h\u0259yat m\u0259ram\u0131 olub v\u0259 h\u0259r zaman onlar\u0131n xeyir-duas\u0131n\u0131n al\u0131nmas\u0131na, a\u011fsaqqal m\u0259sl\u0259h\u0259tin\u0259, t\u00f6vsiy\u0259sin\u0259 b\u00f6y\u00fck \u00f6n\u0259m verilib.<\/p>\n<p>\u0130mi\u015fli Rayon A\u011fsaqqallar \u015euras\u0131n\u0131n yeni s\u0259dri Ramiz \u018fmirov g\u00f6st\u0259ril\u0259n etimada g\u00f6r\u0259 minn\u0259tdarl\u0131\u011f\u0131n\u0131 bildir\u0259r\u0259k, \u015euran\u0131n u\u011furlu f\u0259aliyy\u0259ti \u00fc\u00e7\u00fcn \u0259lind\u0259n g\u0259l\u0259ni \u0259sirg\u0259m\u0259y\u0259c\u0259yini qeyd edib.<\/p>\n","protected":false},"excerpt":{"rendered":"<p>Bak\u0131, 19 may,\u00a0AZ\u018fRTAC May\u0131n 19-da \u0130mi\u015fli Rayon A\u011fsaqqallar \u015euras\u0131n\u0131n n\u00f6vb\u0259ti konfrans\u0131 ke\u00e7irilib. A\u011fsaqqallar \u015euras\u0131ndan\u00a0AZ\u018fRTAC-a bildiribl\u0259r ki, \u0130mi\u015fli \u015f\u0259h\u0259rind\u0259ki Heyd\u0259r \u018fliyev<\/p>\n","protected":false},"author":1,"featured_media":454,"comment_status":"open","ping_status":"open","sticky":false,"template":"","format":"standard","meta":{"cybocfi_hide_featured_image":"yes"},"categories":[24],"tags":[],"_links":{"self":[{"href":"https:\/\/agsaqqallarsurasi.az\/en\/wp-json\/wp\/v2\/posts\/453"}],"collection":[{"href":"https:\/\/agsaqqallarsurasi.az\/en\/wp-json\/wp\/v2\/posts"}],"about":[{"href":"https:\/\/agsaqqallarsurasi.az\/en\/wp-json\/wp\/v2\/types\/post"}],"author":[{"embeddable":true,"href":"https:\/\/agsaqqallarsurasi.az\/en\/wp-json\/wp\/v2\/users\/1"}],"replies":[{"embeddable":true,"href":"https:\/\/agsaqqallarsurasi.az\/en\/wp-json\/wp\/v2\/comments?post=453"}],"version-history":[{"count":1,"href":"https:\/\/agsaqqallarsurasi.az\/en\/wp-json\/wp\/v2\/posts\/453\/revisions"}],"predecessor-version":[{"id":455,"href":"https:\/\/agsaqqallarsurasi.az\/en\/wp-json\/wp\/v2\/posts\/453\/revisions\/455"}],"wp:featuredmedia":[{"embeddable":true,"href":"https:\/\/agsaqqallarsurasi.az\/en\/wp-json\/wp\/v2\/media\/454"}],"wp:attachment":[{"href":"https:\/\/agsaqqallarsurasi.az\/en\/wp-json\/wp\/v2\/media?parent=453"}],"wp:term":[{"taxonomy":"category","embeddable":true,"href":"https:\/\/agsaqqallarsurasi.az\/en\/wp-json\/wp\/v2\/categories?post=453"},{"taxonomy":"post_tag","embeddable":true,"href":"https:\/\/agsaqqallarsurasi.az\/en\/wp-json\/wp\/v2\/tags?post=453"}],"curies":[{"name":"wp","href":"https:\/\/api.w.org\/{rel}","templated":true}]}}