{"id":456,"date":"2021-08-02T18:08:40","date_gmt":"2021-08-02T14:08:40","guid":{"rendered":"https:\/\/agsaqqallarsurasi.az\/?p=456"},"modified":"2022-04-11T02:02:05","modified_gmt":"2022-04-10T22:02:05","slug":"beyl%c9%99qan-rayonunda-agsaqqallar-surasinin-konfransi-kecirildi-yeni-s%c9%99dr-secildi-foto","status":"publish","type":"post","link":"https:\/\/agsaqqallarsurasi.az\/en\/beyl%c9%99qan-rayonunda-agsaqqallar-surasinin-konfransi-kecirildi-yeni-s%c9%99dr-secildi-foto\/","title":{"rendered":"Beyl\u0259qan rayonunda A\u011fsaqqallar \u015euras\u0131n\u0131n konfrans\u0131 ke\u00e7irildi, yeni s\u0259dr se\u00e7ildi &#8211; FOTO"},"content":{"rendered":"<p><img loading=\"lazy\" class=\"alignleft wp-image-457\" src=\"https:\/\/agsaqqallarsurasi.az\/wp-content\/uploads\/2022\/04\/thumbnail_096d32d64870621ab848531bee7a7e50.jpg\" alt=\"\" width=\"400\" height=\"259\" srcset=\"https:\/\/agsaqqallarsurasi.az\/wp-content\/uploads\/2022\/04\/thumbnail_096d32d64870621ab848531bee7a7e50.jpg 799w, https:\/\/agsaqqallarsurasi.az\/wp-content\/uploads\/2022\/04\/thumbnail_096d32d64870621ab848531bee7a7e50-300x194.jpg 300w, https:\/\/agsaqqallarsurasi.az\/wp-content\/uploads\/2022\/04\/thumbnail_096d32d64870621ab848531bee7a7e50-768x497.jpg 768w, https:\/\/agsaqqallarsurasi.az\/wp-content\/uploads\/2022\/04\/thumbnail_096d32d64870621ab848531bee7a7e50-600x388.jpg 600w, https:\/\/agsaqqallarsurasi.az\/wp-content\/uploads\/2022\/04\/thumbnail_096d32d64870621ab848531bee7a7e50-150x97.jpg 150w\" sizes=\"(max-width: 400px) 100vw, 400px\" \/>\u018fhliman \u018fmiraslanov: \u201cA\u011fsaqqallar d\u00f6vl\u0259timizin qay\u011f\u0131s\u0131 il\u0259 \u0259hat\u0259 olunub\u201d<\/p>\n<p>18 May 2021-ci il tarixd\u0259 Beyl\u0259qan rayonu A\u011fsaqqallar \u015euras\u0131n\u0131n konfrans\u0131 ke\u00e7irilib.<\/p>\n<p>Heyd\u0259r \u018fliyev M\u0259rk\u0259zinin konfrans zal\u0131nda ke\u00e7iril\u0259n konfrans\u0131 giri\u015f s\u00f6z\u00fc il\u0259 rayon \u0130cra hakimiyy\u0259tinin ba\u015f\u00e7\u0131s\u0131 Asif A\u011fayev a\u00e7\u0131b. \u018fvv\u0259lc\u0259 Qaraba\u011f m\u00fcharib\u0259sind\u0259 \u015f\u0259hid olan h\u0259rb\u00e7il\u0259rimizin \u0259ziz xatir\u0259si bir d\u0259qiq\u0259 s\u00fckutla yad olunub. Sonra \u00e7\u0131x\u0131\u015f \u00fc\u00e7\u00fcn s\u00f6z Respublika A\u011fsaqqallar \u015euras\u0131 s\u0259drinin 1-ci m\u00fcavini, Milli M\u0259clisin S\u0259hiyy\u0259 komit\u0259sinin s\u0259dri, akademik \u018fhliman \u018fmiraslanova verilib. Akademik a\u011fsaqqallar\u0131n \u00f6lk\u0259mizin ictimai-m\u0259d\u0259ni h\u0259yat\u0131nda rolundan, ya\u015fl\u0131 n\u0259slin n\u00fcmay\u0259nd\u0259l\u0259rin\u0259 g\u00f6st\u0259ril\u0259n d\u00f6vl\u0259t qay\u011f\u0131s\u0131ndan dan\u0131\u015f\u0131b, g\u0259ncl\u0259rin d\u00f6vl\u0259t\u0259, xalqa s\u0259daq\u0259t ruhunda, z\u0259r\u0259rli t\u0259sirl\u0259rd\u0259n uzaq v\u0259 sa\u011flam \u0259saslar \u00fcz\u0259rind\u0259 t\u0259rbiy\u0259si i\u015find\u0259 a\u011fsaqqallara h\u0259r zaman b\u00f6y\u00fck ehtiyac oldu\u011funu diqq\u0259t\u0259 \u00e7atd\u0131r\u0131b. Respublika A\u011fsaqqallar \u015euras\u0131 s\u0259drinin 1-ci m\u00fcavini \u018fhliman \u018fmiraslanov, h\u0259m\u00e7inin, Prezident \u0130lham \u018fliyevin \u00f6lk\u0259nin a\u011fsaqqal v\u0259 ziyal\u0131lar\u0131n\u0131 diqq\u0259td\u0259 saxlad\u0131\u011f\u0131ndan, daim onlara qay\u011f\u0131 g\u00f6st\u0259rdiyind\u0259n dan\u0131\u015f\u0131b, onun ulu \u00f6nd\u0259r Heyd\u0259r \u018fliyevin qoydu\u011fu bu \u0259n\u0259n\u0259y\u0259 b\u00f6y\u00fck \u00f6n\u0259m verdiyini x\u00fcsusi vur\u011fulay\u0131b. Konfransda Rayon A\u011fsaqqallar \u015euras\u0131n\u0131n yeni t\u0259rkibi elan olunub, \u0130manov Etibar R\u0259\u015fid o\u011flu \u015euran\u0131n s\u0259dri se\u00e7ilib.<\/p>\n","protected":false},"excerpt":{"rendered":"<p>\u018fhliman \u018fmiraslanov: \u201cA\u011fsaqqallar d\u00f6vl\u0259timizin qay\u011f\u0131s\u0131 il\u0259 \u0259hat\u0259 olunub\u201d 18 May 2021-ci il tarixd\u0259 Beyl\u0259qan rayonu A\u011fsaqqallar \u015euras\u0131n\u0131n konfrans\u0131 ke\u00e7irilib. Heyd\u0259r<\/p>\n","protected":false},"author":1,"featured_media":457,"comment_status":"open","ping_status":"open","sticky":false,"template":"","format":"standard","meta":{"cybocfi_hide_featured_image":"yes"},"categories":[24],"tags":[],"_links":{"self":[{"href":"https:\/\/agsaqqallarsurasi.az\/en\/wp-json\/wp\/v2\/posts\/456"}],"collection":[{"href":"https:\/\/agsaqqallarsurasi.az\/en\/wp-json\/wp\/v2\/posts"}],"about":[{"href":"https:\/\/agsaqqallarsurasi.az\/en\/wp-json\/wp\/v2\/types\/post"}],"author":[{"embeddable":true,"href":"https:\/\/agsaqqallarsurasi.az\/en\/wp-json\/wp\/v2\/users\/1"}],"replies":[{"embeddable":true,"href":"https:\/\/agsaqqallarsurasi.az\/en\/wp-json\/wp\/v2\/comments?post=456"}],"version-history":[{"count":1,"href":"https:\/\/agsaqqallarsurasi.az\/en\/wp-json\/wp\/v2\/posts\/456\/revisions"}],"predecessor-version":[{"id":458,"href":"https:\/\/agsaqqallarsurasi.az\/en\/wp-json\/wp\/v2\/posts\/456\/revisions\/458"}],"wp:featuredmedia":[{"embeddable":true,"href":"https:\/\/agsaqqallarsurasi.az\/en\/wp-json\/wp\/v2\/media\/457"}],"wp:attachment":[{"href":"https:\/\/agsaqqallarsurasi.az\/en\/wp-json\/wp\/v2\/media?parent=456"}],"wp:term":[{"taxonomy":"category","embeddable":true,"href":"https:\/\/agsaqqallarsurasi.az\/en\/wp-json\/wp\/v2\/categories?post=456"},{"taxonomy":"post_tag","embeddable":true,"href":"https:\/\/agsaqqallarsurasi.az\/en\/wp-json\/wp\/v2\/tags?post=456"}],"curies":[{"name":"wp","href":"https:\/\/api.w.org\/{rel}","templated":true}]}}