{"id":462,"date":"2021-08-02T18:10:41","date_gmt":"2021-08-02T14:10:41","guid":{"rendered":"https:\/\/agsaqqallarsurasi.az\/?p=462"},"modified":"2022-04-11T02:05:50","modified_gmt":"2022-04-10T22:05:50","slug":"%c9%99hliman-%c9%99miraslanov-dovl%c9%99t-bascisi-olk%c9%99nin-agsaqqal-v%c9%99-ziyalilarini-diqq%c9%99td%c9%99-saxlayir","status":"publish","type":"post","link":"https:\/\/agsaqqallarsurasi.az\/en\/%c9%99hliman-%c9%99miraslanov-dovl%c9%99t-bascisi-olk%c9%99nin-agsaqqal-v%c9%99-ziyalilarini-diqq%c9%99td%c9%99-saxlayir\/","title":{"rendered":"\u018fhliman \u018fmiraslanov: D\u00f6vl\u0259t ba\u015f\u00e7\u0131s\u0131 \u00f6lk\u0259nin a\u011fsaqqal v\u0259 ziyal\u0131lar\u0131n\u0131 diqq\u0259td\u0259 saxlay\u0131r"},"content":{"rendered":"<p><img loading=\"lazy\" class=\"alignleft wp-image-463\" src=\"https:\/\/agsaqqallarsurasi.az\/wp-content\/uploads\/2022\/04\/thumbnail_b4c6d807f62f0ed6f9f6057f62f4fab5.jpg\" alt=\"\" width=\"400\" height=\"259\" srcset=\"https:\/\/agsaqqallarsurasi.az\/wp-content\/uploads\/2022\/04\/thumbnail_b4c6d807f62f0ed6f9f6057f62f4fab5.jpg 799w, https:\/\/agsaqqallarsurasi.az\/wp-content\/uploads\/2022\/04\/thumbnail_b4c6d807f62f0ed6f9f6057f62f4fab5-300x194.jpg 300w, https:\/\/agsaqqallarsurasi.az\/wp-content\/uploads\/2022\/04\/thumbnail_b4c6d807f62f0ed6f9f6057f62f4fab5-768x497.jpg 768w, https:\/\/agsaqqallarsurasi.az\/wp-content\/uploads\/2022\/04\/thumbnail_b4c6d807f62f0ed6f9f6057f62f4fab5-600x388.jpg 600w, https:\/\/agsaqqallarsurasi.az\/wp-content\/uploads\/2022\/04\/thumbnail_b4c6d807f62f0ed6f9f6057f62f4fab5-150x97.jpg 150w\" sizes=\"(max-width: 400px) 100vw, 400px\" \/>Aprelin 5-d\u0259 K\u00fcrd\u0259mir Rayon \u0130cra Hakimiyy\u0259tinin konfrans zal\u0131nda x\u00fcsusi karantin\u00a0 rejimi\u00a0 qaydalar\u0131na\u00a0 riay\u0259t\u00a0 olunmaqla\u00a0 Rayon A\u011fsaqqallar \u015euras\u0131n\u0131n iclas\u0131 ke\u00e7irilib.<\/p>\n<p>&#8220;\u0130ki sahil&#8221; x\u0259b\u0259r verir ki, t\u0259dbird\u0259 Respublika A\u011fsaqqallar \u015euras\u0131n\u0131n s\u0259drinin 1-ci m\u00fcavini, Milli M\u0259clisin S\u0259hiyy\u0259 Komit\u0259sinin s\u0259dri, akademik \u018fhliman \u018fmiraslanov v\u0259 \u00a0K\u00fcrd\u0259mir rayon \u0130cra Hakimiyy\u0259ti Ba\u015f\u00e7\u0131s\u0131n\u0131n v\u0259zif\u0259sini m\u00fcv\u0259qq\u0259ti icra ed\u0259n, Ba\u015f\u00e7\u0131n\u0131n m\u00fcavini A\u011fal\u0131 K\u0259rimli i\u015ftirak edib.<\/p>\n<p>T\u0259dbir \u00dcmummilli lider Heyd\u0259r \u018fliyevin v\u0259 Az\u0259rbaycan\u0131n suverenliyi v\u0259 \u0259razi b\u00fct\u00f6vl\u00fcy\u00fc u\u011frunda \u015f\u0259hid olanlar\u0131n xatir\u0259sinin bir d\u0259qiq\u0259lik s\u00fckutla yad olunmas\u0131 il\u0259 ba\u015flay\u0131b.<br \/>\nToplant\u0131da K\u00fcrd\u0259mir rayon \u0130cra Hakimiyy\u0259ti Ba\u015f\u00e7\u0131s\u0131n\u0131n v\u0259zif\u0259sini m\u00fcv\u0259qq\u0259ti icra ed\u0259n, Ba\u015f\u00e7\u0131n\u0131n m\u00fcavini\u00a0A\u011fal\u0131 K\u0259rimli\u00a0t\u0259dbir i\u015ftirak\u00e7\u0131lar\u0131n\u0131 salamlay\u0131b. Bildirib ki, \u00f6z s\u0131ralar\u0131nda elm, m\u0259d\u0259niyy\u0259t v\u0259 inc\u0259s\u0259n\u0259t adamlar\u0131n\u0131, ictimai-siyasi xadiml\u0259ri birl\u0259\u015fdir\u0259n Az\u0259rbaycan A\u011fsaqqallar \u015euras\u0131 c\u0259miyy\u0259timizin, x\u00fcsusil\u0259 d\u0259 yeniyetm\u0259 v\u0259 g\u0259ncl\u0259rin V\u0259t\u0259n\u0259 m\u0259h\u0259bb\u0259t, milli-m\u0259n\u0259vi d\u0259y\u0259rl\u0259rimiz\u0259 v\u0259 ad\u0259t-\u0259n\u0259n\u0259l\u0259rimiz\u0259 h\u00f6rm\u0259t ruhunda t\u0259rbiy\u0259 edilm\u0259sind\u0259 v\u0259 maarifl\u0259nm\u0259sind\u0259 \u00fcz\u0259rin\u0259 d\u00fc\u015f\u0259n \u00f6hd\u0259likl\u0259ri yerin\u0259 yetirir. \u00d6lk\u0259mizin ictimai-siyasi h\u0259yat\u0131nda yax\u0131ndan i\u015ftirak ed\u0259r\u0259k \u00f6z f\u0259aliyy\u0259tini bir \u00e7ox istiqam\u0259tl\u0259rd\u0259 quran Az\u0259rbaycan A\u011fsaqqallar \u015euras\u0131nda\u00a0 t\u0259msil olunan\u00a0 respublika a\u011fsaqqallar\u0131\u00a0 ulu \u00f6nd\u0259r Heyd\u0259r \u018fliyevin layiqli davam\u00e7\u0131s\u0131, m\u00f6ht\u0259r\u0259m Prezidentimiz c\u0259nab \u0130lham \u018fliyevin h\u0259r zaman xalq\u0131n m\u0259nafeyin\u0259 xidm\u0259t ed\u0259n daxili v\u0259 xarici siyas\u0259tini d\u0259st\u0259kl\u0259yir, g\u0259nc n\u0259slin milli ad\u0259t-\u0259n\u0259n\u0259l\u0259r\u0259, az\u0259rbaycan\u00e7\u0131l\u0131q m\u0259fkur\u0259sin\u0259 ba\u011fl\u0131l\u0131q ruhunda t\u0259rbiy\u0259si i\u015fin\u0259 x\u00fcsusi diqq\u0259t yetirir, dinamik inki\u015faf ed\u0259n \u00f6lk\u0259mizin g\u0259l\u0259c\u0259yi namin\u0259 \u00f6z q\u00fcvv\u0259, bilik v\u0259 bacar\u0131qlar\u0131n\u0131 \u0259sirg\u0259mirl\u0259r. Az\u0259rbaycan Respublikas\u0131n\u0131n Prezidenti c\u0259nab \u0130lham \u018fliyev h\u0259r zaman g\u0259ncl\u0259r\u0259 g\u00f6st\u0259rdiyi diqq\u0259t\u00a0 v\u0259 qay\u011f\u0131s\u0131 il\u0259 yana\u015f\u0131 a\u011fsaqqallara da h\u0259mi\u015f\u0259 b\u00f6y\u00fck d\u0259y\u0259r verib.<\/p>\n<p>Sonra t\u0259\u015fkilati m\u0259s\u0259l\u0259l\u0259r m\u00fczakir\u0259 olunub. K\u00fcrd\u0259mir Rayon A\u011fsaqqallar \u015euras\u0131n\u0131n yeni \u018fsasnam\u0259si a\u00e7\u0131q s\u0259sverm\u0259 yolu il\u0259 q\u0259bul edilib.\u00a0Ayy\u0259t N\u0259sirov\u00a0K\u00fcrd\u0259mir Rayon A\u011fsaqqallar \u015euras\u0131n\u0131n s\u0259dri se\u00e7ilib. \u0130clasda, h\u0259m\u00e7inin A\u011fsaqqallar \u015euras\u0131n\u0131n \u0130dar\u0259 Heyy\u0259tinin v\u0259 T\u0259fti\u015f Komissiyas\u0131n\u0131n \u00fczvl\u0259ri se\u00e7ilibl\u0259r.<\/p>\n<p>T\u0259dbird\u0259 Respublika A\u011fsaqqallar \u015euras\u0131n\u0131n s\u0259drinin 1-ci m\u00fcavini, Milli M\u0259clisin S\u0259hiyy\u0259 Komit\u0259sinin s\u0259dri, akademik\u00a0\u00a0\u018fhliman \u018fmiraslanov\u00a0\u00e7\u0131x\u0131\u015f ed\u0259r\u0259k a\u011fsaqqallar\u0131n \u00f6lk\u0259mizin ictimai-m\u0259d\u0259ni h\u0259yat\u0131nda rolundan, ya\u015fl\u0131 n\u0259slin n\u00fcmay\u0259nd\u0259l\u0259rin\u0259 g\u00f6st\u0259ril\u0259n d\u00f6vl\u0259t qay\u011f\u0131s\u0131ndan dan\u0131\u015f\u0131b, g\u0259ncl\u0259rin d\u00f6vl\u0259t\u0259, xalqa s\u0259daq\u0259t ruhunda, z\u0259r\u0259rli t\u0259sirl\u0259rd\u0259n uzaq v\u0259 sa\u011flam \u0259saslar \u00fcz\u0259rind\u0259 t\u0259rbiy\u0259si i\u015find\u0259 a\u011fsaqqallara h\u0259r zaman b\u00f6y\u00fck ehtiyac oldu\u011funu diqq\u0259t\u0259 \u00e7atd\u0131r\u0131b. Akademik \u018fhliman \u018fmiraslanov h\u0259m\u00e7inin c\u0259nab Prezident \u0130lham \u018fliyevin \u00f6lk\u0259nin a\u011fsaqqal v\u0259 ziyal\u0131lar\u0131n\u0131 diqq\u0259td\u0259 saxlad\u0131\u011f\u0131n\u0131, daim onlara qay\u011f\u0131 g\u00f6st\u0259rdiyind\u0259n dan\u0131\u015fm\u0131\u015f, Onun Ulu \u00d6nd\u0259r Heyd\u0259r \u018fliyevin qoydu\u011fu bu \u0259n\u0259n\u0259y\u0259 b\u00f6y\u00fck \u00f6n\u0259m verdiyini x\u00fcsusi vur\u011fulam\u0131\u015fd\u0131r. T\u0259dbir i\u015ftirak\u015f\u0131lar\u0131 A\u011fsaqqallar \u015euras\u0131n\u0131n yeni se\u00e7ilmi\u015f s\u0259drini, \u0130dar\u0259 Heyy\u0259tinin v\u0259 T\u0259fti\u015f Komissiyas\u0131n\u0131n \u00fczvl\u0259rini t\u0259brik ed\u0259r\u0259k onlara f\u0259aliyy\u0259tl\u0259rind\u0259 u\u011furlar arzulay\u0131b.<\/p>\n","protected":false},"excerpt":{"rendered":"<p>Aprelin 5-d\u0259 K\u00fcrd\u0259mir Rayon \u0130cra Hakimiyy\u0259tinin konfrans zal\u0131nda x\u00fcsusi karantin\u00a0 rejimi\u00a0 qaydalar\u0131na\u00a0 riay\u0259t\u00a0 olunmaqla\u00a0 Rayon A\u011fsaqqallar \u015euras\u0131n\u0131n iclas\u0131 ke\u00e7irilib. &#8220;\u0130ki<\/p>\n","protected":false},"author":1,"featured_media":463,"comment_status":"open","ping_status":"open","sticky":false,"template":"","format":"standard","meta":{"cybocfi_hide_featured_image":"yes"},"categories":[24],"tags":[],"_links":{"self":[{"href":"https:\/\/agsaqqallarsurasi.az\/en\/wp-json\/wp\/v2\/posts\/462"}],"collection":[{"href":"https:\/\/agsaqqallarsurasi.az\/en\/wp-json\/wp\/v2\/posts"}],"about":[{"href":"https:\/\/agsaqqallarsurasi.az\/en\/wp-json\/wp\/v2\/types\/post"}],"author":[{"embeddable":true,"href":"https:\/\/agsaqqallarsurasi.az\/en\/wp-json\/wp\/v2\/users\/1"}],"replies":[{"embeddable":true,"href":"https:\/\/agsaqqallarsurasi.az\/en\/wp-json\/wp\/v2\/comments?post=462"}],"version-history":[{"count":1,"href":"https:\/\/agsaqqallarsurasi.az\/en\/wp-json\/wp\/v2\/posts\/462\/revisions"}],"predecessor-version":[{"id":464,"href":"https:\/\/agsaqqallarsurasi.az\/en\/wp-json\/wp\/v2\/posts\/462\/revisions\/464"}],"wp:featuredmedia":[{"embeddable":true,"href":"https:\/\/agsaqqallarsurasi.az\/en\/wp-json\/wp\/v2\/media\/463"}],"wp:attachment":[{"href":"https:\/\/agsaqqallarsurasi.az\/en\/wp-json\/wp\/v2\/media?parent=462"}],"wp:term":[{"taxonomy":"category","embeddable":true,"href":"https:\/\/agsaqqallarsurasi.az\/en\/wp-json\/wp\/v2\/categories?post=462"},{"taxonomy":"post_tag","embeddable":true,"href":"https:\/\/agsaqqallarsurasi.az\/en\/wp-json\/wp\/v2\/tags?post=462"}],"curies":[{"name":"wp","href":"https:\/\/api.w.org\/{rel}","templated":true}]}}