{"id":465,"date":"2021-08-02T18:11:58","date_gmt":"2021-08-02T14:11:58","guid":{"rendered":"https:\/\/agsaqqallarsurasi.az\/?p=465"},"modified":"2022-04-11T02:07:08","modified_gmt":"2022-04-10T22:07:08","slug":"saatlida-agsaqqallar-surasinin-konfransi-kecirildi","status":"publish","type":"post","link":"https:\/\/agsaqqallarsurasi.az\/en\/saatlida-agsaqqallar-surasinin-konfransi-kecirildi\/","title":{"rendered":"Saatl\u0131da A\u011fsaqqallar \u015euras\u0131n\u0131n konfrans\u0131 ke\u00e7irildi"},"content":{"rendered":"<p><img loading=\"lazy\" class=\"alignleft wp-image-466\" src=\"https:\/\/agsaqqallarsurasi.az\/wp-content\/uploads\/2022\/04\/thumbnail_99c2a7d284d662b16d1b9701689597e9.jpg\" alt=\"\" width=\"400\" height=\"258\" srcset=\"https:\/\/agsaqqallarsurasi.az\/wp-content\/uploads\/2022\/04\/thumbnail_99c2a7d284d662b16d1b9701689597e9.jpg 799w, https:\/\/agsaqqallarsurasi.az\/wp-content\/uploads\/2022\/04\/thumbnail_99c2a7d284d662b16d1b9701689597e9-300x194.jpg 300w, https:\/\/agsaqqallarsurasi.az\/wp-content\/uploads\/2022\/04\/thumbnail_99c2a7d284d662b16d1b9701689597e9-768x496.jpg 768w, https:\/\/agsaqqallarsurasi.az\/wp-content\/uploads\/2022\/04\/thumbnail_99c2a7d284d662b16d1b9701689597e9-600x387.jpg 600w, https:\/\/agsaqqallarsurasi.az\/wp-content\/uploads\/2022\/04\/thumbnail_99c2a7d284d662b16d1b9701689597e9-150x97.jpg 150w\" sizes=\"(max-width: 400px) 100vw, 400px\" \/>Saatl\u0131 rayonunda A\u011fsaqqallar \u015euras\u0131n\u0131n konfrans\u0131 ke\u00e7irilib.<\/p>\n<p>Teleqraf.com\u00a0x\u0259b\u0259r verir ki, iclas Saatl\u0131 Rayon \u0130cra Hakimiyy\u0259tinin konfrans zal\u0131nda x\u00fcsusi karantin rejimi qaydalar\u0131na riay\u0259t olunmaqla ba\u015f tutub.<\/p>\n<p>T\u0259dbird\u0259 Respublika A\u011fsaqqallar \u015euras\u0131n\u0131n s\u0259drinin 1-ci m\u00fcavini, Milli M\u0259clisin S\u0259hiyy\u0259 Komit\u0259sinin s\u0259dri, akademik \u018fhliman \u018fmiraslanov v\u0259 Saatl\u0131 rayon \u0130cra Hakimiyy\u0259ti Ba\u015f\u00e7\u0131s\u0131 Elmir Ba\u011f\u0131rov i\u015ftirak edib. T\u0259dbir \u00fcmummilli lider Heyd\u0259r \u018fliyevin v\u0259 Az\u0259rbaycan\u0131n suverenliyi v\u0259 \u0259razi b\u00fct\u00f6vl\u00fcy\u00fc u\u011frunda \u015f\u0259hid olanlar\u0131n xatir\u0259sinin bir d\u0259qiq\u0259lik s\u00fckutla yad olunmas\u0131 il\u0259 ba\u015flay\u0131b.<\/p>\n<p>Toplant\u0131da Saatl\u0131 rayon \u0130cra Hakimiyy\u0259ti ba\u015f\u00e7\u0131s\u0131 Elmir Ba\u011f\u0131rov t\u0259dbir i\u015ftirak\u00e7\u0131lar\u0131n\u0131 salamlay\u0131b. Bildirib ki, Az\u0259rbaycan A\u011fsaqqallar \u015euras\u0131 c\u0259miyy\u0259timizin, x\u00fcsusil\u0259 d\u0259 yeniyetm\u0259 v\u0259 g\u0259ncl\u0259rin V\u0259t\u0259n\u0259 m\u0259h\u0259bb\u0259t, milli-m\u0259n\u0259vi d\u0259y\u0259rl\u0259rimiz\u0259 v\u0259 ad\u0259t-\u0259n\u0259n\u0259l\u0259rimiz\u0259 h\u00f6rm\u0259t ruhunda t\u0259rbiy\u0259 edilm\u0259sind\u0259 v\u0259 maarifl\u0259nm\u0259sind\u0259 \u00fcz\u0259rin\u0259 d\u00fc\u015f\u0259n \u00f6hd\u0259likl\u0259ri yerin\u0259 yetirir. T\u0259dbird\u0259 Respublika A\u011fsaqqallar \u015euras\u0131n\u0131n s\u0259drinin 1-ci m\u00fcavini \u018fhliman \u018fmiraslanov \u00e7\u0131x\u0131\u015f ed\u0259r\u0259k qeyd edib ki, \u00f6lk\u0259mizin ictimai-siyasi h\u0259yat\u0131nda yax\u0131ndan i\u015ftirak ed\u0259r\u0259k \u00f6z f\u0259aliyy\u0259tini bir \u00e7ox istiqam\u0259tl\u0259rd\u0259 quran Az\u0259rbaycan A\u011fsaqqallar \u015euras\u0131nda t\u0259msil olunan respublika a\u011fsaqqallar\u0131 ulu \u00f6nd\u0259r Heyd\u0259r \u018fliyevin layiqli davam\u00e7\u0131s\u0131, Prezident \u0130lham \u018fliyevin h\u0259r zaman xalq\u0131n m\u0259nafeyin\u0259 xidm\u0259t ed\u0259n daxili v\u0259 xarici siyas\u0259tini d\u0259st\u0259kl\u0259yir, g\u0259nc n\u0259slin milli ad\u0259t-\u0259n\u0259n\u0259l\u0259r\u0259, az\u0259rbaycan\u00e7\u0131l\u0131q m\u0259fkur\u0259sin\u0259 ba\u011fl\u0131l\u0131q ruhunda t\u0259rbiy\u0259si i\u015fin\u0259 x\u00fcsusi diqq\u0259t yetirir, dinamik inki\u015faf ed\u0259n \u00f6lk\u0259mizin g\u0259l\u0259c\u0259yi namin\u0259 \u00f6z q\u00fcvv\u0259, bilik v\u0259 bacar\u0131qlar\u0131n\u0131 \u0259sirg\u0259mirl\u0259r.<\/p>\n<p>A\u011fsaqqallar\u0131n \u00f6lk\u0259mizin ictimai-m\u0259d\u0259ni h\u0259yat\u0131nda rolundan, ya\u015fl\u0131 n\u0259slin n\u00fcmay\u0259nd\u0259l\u0259rin\u0259 g\u00f6st\u0259ril\u0259n d\u00f6vl\u0259t qay\u011f\u0131s\u0131ndan dan\u0131\u015f\u0131b, g\u0259ncl\u0259rin d\u00f6vl\u0259t\u0259, xalqa s\u0259daq\u0259t ruhunda, z\u0259r\u0259rli t\u0259sirl\u0259rd\u0259n uzaq v\u0259 sa\u011flam \u0259saslar \u00fcz\u0259rind\u0259 t\u0259rbiy\u0259si i\u015find\u0259 a\u011fsaqqallara h\u0259r zaman b\u00f6y\u00fck ehtiyac oldu\u011funu diqq\u0259t\u0259 \u00e7atd\u0131r\u0131b. Akademik \u018fhliman \u018fmiraslanov h\u0259m\u00e7inin Prezident \u0130lham \u018fliyevin \u00f6lk\u0259nin a\u011fsaqqal v\u0259 ziyal\u0131lar\u0131n\u0131 diqq\u0259td\u0259 saxlad\u0131\u011f\u0131n\u0131, daim onlara qay\u011f\u0131 g\u00f6st\u0259rdiyind\u0259n dan\u0131\u015f\u0131b, onun ulu \u00f6nd\u0259r Heyd\u0259r \u018fliyevin qoydu\u011fu bu \u0259n\u0259n\u0259y\u0259 b\u00f6y\u00fck \u00f6n\u0259m verdiyini x\u00fcsusi vur\u011fulay\u0131b. T\u0259dbird\u0259 i\u015ftirak\u015f\u0131lar\u0131 Saatl\u0131 rayonu A\u011fsaqqallar \u015euras\u0131n\u0131n yeni se\u00e7ilmi\u015f s\u0259dri S\u0259daf\u0259r Misir o\u011flu H\u00fcseynovu, \u0130dar\u0259 Hey\u0259tinin v\u0259 T\u0259fti\u015f Komissiyas\u0131n\u0131n yeni \u00fczvl\u0259rini t\u0259brik ed\u0259r\u0259k onlara f\u0259aliyy\u0259tl\u0259rind\u0259 u\u011furlar arzulay\u0131b.<\/p>\n","protected":false},"excerpt":{"rendered":"<p>Saatl\u0131 rayonunda A\u011fsaqqallar \u015euras\u0131n\u0131n konfrans\u0131 ke\u00e7irilib. Teleqraf.com\u00a0x\u0259b\u0259r verir ki, iclas Saatl\u0131 Rayon \u0130cra Hakimiyy\u0259tinin konfrans zal\u0131nda x\u00fcsusi karantin rejimi qaydalar\u0131na<\/p>\n","protected":false},"author":1,"featured_media":466,"comment_status":"open","ping_status":"open","sticky":false,"template":"","format":"standard","meta":{"cybocfi_hide_featured_image":"yes"},"categories":[24],"tags":[],"_links":{"self":[{"href":"https:\/\/agsaqqallarsurasi.az\/en\/wp-json\/wp\/v2\/posts\/465"}],"collection":[{"href":"https:\/\/agsaqqallarsurasi.az\/en\/wp-json\/wp\/v2\/posts"}],"about":[{"href":"https:\/\/agsaqqallarsurasi.az\/en\/wp-json\/wp\/v2\/types\/post"}],"author":[{"embeddable":true,"href":"https:\/\/agsaqqallarsurasi.az\/en\/wp-json\/wp\/v2\/users\/1"}],"replies":[{"embeddable":true,"href":"https:\/\/agsaqqallarsurasi.az\/en\/wp-json\/wp\/v2\/comments?post=465"}],"version-history":[{"count":1,"href":"https:\/\/agsaqqallarsurasi.az\/en\/wp-json\/wp\/v2\/posts\/465\/revisions"}],"predecessor-version":[{"id":467,"href":"https:\/\/agsaqqallarsurasi.az\/en\/wp-json\/wp\/v2\/posts\/465\/revisions\/467"}],"wp:featuredmedia":[{"embeddable":true,"href":"https:\/\/agsaqqallarsurasi.az\/en\/wp-json\/wp\/v2\/media\/466"}],"wp:attachment":[{"href":"https:\/\/agsaqqallarsurasi.az\/en\/wp-json\/wp\/v2\/media?parent=465"}],"wp:term":[{"taxonomy":"category","embeddable":true,"href":"https:\/\/agsaqqallarsurasi.az\/en\/wp-json\/wp\/v2\/categories?post=465"},{"taxonomy":"post_tag","embeddable":true,"href":"https:\/\/agsaqqallarsurasi.az\/en\/wp-json\/wp\/v2\/tags?post=465"}],"curies":[{"name":"wp","href":"https:\/\/api.w.org\/{rel}","templated":true}]}}