{"id":480,"date":"2021-08-02T18:19:29","date_gmt":"2021-08-02T14:19:29","guid":{"rendered":"https:\/\/agsaqqallarsurasi.az\/?p=480"},"modified":"2022-04-11T02:19:01","modified_gmt":"2022-04-10T22:19:01","slug":"oguz-rayon-agsaqqallar-surasinin-konfransi-kecirilib","status":"publish","type":"post","link":"https:\/\/agsaqqallarsurasi.az\/en\/oguz-rayon-agsaqqallar-surasinin-konfransi-kecirilib\/","title":{"rendered":"O\u011fuz Rayon A\u011fsaqqallar \u015euras\u0131n\u0131n konfrans\u0131 ke\u00e7irilib"},"content":{"rendered":"<p><img loading=\"lazy\" class=\"alignleft wp-image-481\" src=\"https:\/\/agsaqqallarsurasi.az\/wp-content\/uploads\/2022\/04\/thumbnail_1eaf9c1c07c12258faf97d88a1cba446.jpg\" alt=\"\" width=\"400\" height=\"259\" srcset=\"https:\/\/agsaqqallarsurasi.az\/wp-content\/uploads\/2022\/04\/thumbnail_1eaf9c1c07c12258faf97d88a1cba446.jpg 799w, https:\/\/agsaqqallarsurasi.az\/wp-content\/uploads\/2022\/04\/thumbnail_1eaf9c1c07c12258faf97d88a1cba446-300x194.jpg 300w, https:\/\/agsaqqallarsurasi.az\/wp-content\/uploads\/2022\/04\/thumbnail_1eaf9c1c07c12258faf97d88a1cba446-768x497.jpg 768w, https:\/\/agsaqqallarsurasi.az\/wp-content\/uploads\/2022\/04\/thumbnail_1eaf9c1c07c12258faf97d88a1cba446-600x388.jpg 600w, https:\/\/agsaqqallarsurasi.az\/wp-content\/uploads\/2022\/04\/thumbnail_1eaf9c1c07c12258faf97d88a1cba446-150x97.jpg 150w\" sizes=\"(max-width: 400px) 100vw, 400px\" \/>O\u011fuz, 15 aprel, Mustafa Dada\u015fov,\u00a0\u0130MZA\u0130NFO<\/p>\n<p>O\u011fuz rayonunda A\u011fsaqqallar \u015euras\u0131n\u0131n hesabat-se\u00e7ki konfrans\u0131 ke\u00e7irilib.<\/p>\n<p>Rayon icra hakimiyy\u0259tind\u0259n\u00a0\u0130MZA\u0130NFO-nun b\u00f6lg\u0259 m\u00fcxbirin\u0259 bildirilib ki, konfrans\u0131 icra hakimiyy\u0259tinin ba\u015f\u00e7\u0131s\u0131 Eyvaz Qurbanov a\u00e7araq, rayonda h\u0259yata ke\u00e7iril\u0259n tikinti-quruculuq i\u015fl\u0259rind\u0259n dan\u0131\u015f\u0131b, \u00f6lk\u0259nin, el\u0259c\u0259 d\u0259 rayonun ictimai-siyasi h\u0259yat\u0131nda a\u011fsaqqallar\u0131n rolu v\u0259 n\u00fcfuzundan b\u0259hs edib.<\/p>\n<p>Konfransda Respublika A\u011fsaqqallar \u015euras\u0131n\u0131n s\u0259dr m\u00fcavini Vahid Novruzov \u00e7\u0131x\u0131\u015f ed\u0259r\u0259k, Prezident \u0130lham \u018fliyevin r\u0259hb\u0259rliyi il\u0259 m\u00fcst\u0259qil Az\u0259rbaycan\u0131n inki\u015faf\u0131 v\u0259 q\u00fcdr\u0259tl\u0259nm\u0259si istiqam\u0259tind\u0259 h\u0259yata ke\u00e7iril\u0259n geni\u015fmiqyasl\u0131 t\u0259dbirl\u0259rd\u0259n, bu i\u015fd\u0259 a\u011fsaqqallar\u0131n b\u00f6y\u00fck rolundan, \u00f6lk\u0259mizd\u0259 ya\u015fl\u0131 n\u0259slin n\u00fcmay\u0259nd\u0259l\u0259rin\u0259 g\u00f6st\u0259ril\u0259n y\u00fcks\u0259k d\u00f6vl\u0259t qay\u011f\u0131s\u0131ndan dan\u0131\u015f\u0131b.<\/p>\n<p>Konfransda O\u011fuz Rayon A\u011fsaqqallar \u015euras\u0131n\u0131n Nizamnam\u0259si t\u0259sdiq edilib, Cuma Cumayev \u015euran\u0131n s\u0259dri, Xalid Babayev s\u0259dr m\u00fcavini, Emin \u018fzimli, Arif Abdullayev v\u0259 \u0130lyas Cabbarov idar\u0259 hey\u0259tinin \u00fczvl\u0259ri se\u00e7ilibl\u0259r.<\/p>\n<p>Uzun m\u00fcdd\u0259t s\u0259m\u0259r\u0259li f\u0259aliyy\u0259tin\u0259 g\u00f6r\u0259 Cuma Cumayev\u0259 Respublika A\u011fsaqqallar \u015euras\u0131n\u0131n F\u0259xri F\u0259rman\u0131 t\u0259qdim olunub.<\/p>\n","protected":false},"excerpt":{"rendered":"<p>O\u011fuz, 15 aprel, Mustafa Dada\u015fov,\u00a0\u0130MZA\u0130NFO O\u011fuz rayonunda A\u011fsaqqallar \u015euras\u0131n\u0131n hesabat-se\u00e7ki konfrans\u0131 ke\u00e7irilib. Rayon icra hakimiyy\u0259tind\u0259n\u00a0\u0130MZA\u0130NFO-nun b\u00f6lg\u0259 m\u00fcxbirin\u0259 bildirilib ki, konfrans\u0131<\/p>\n","protected":false},"author":1,"featured_media":481,"comment_status":"open","ping_status":"open","sticky":false,"template":"","format":"standard","meta":{"cybocfi_hide_featured_image":"yes"},"categories":[24],"tags":[],"_links":{"self":[{"href":"https:\/\/agsaqqallarsurasi.az\/en\/wp-json\/wp\/v2\/posts\/480"}],"collection":[{"href":"https:\/\/agsaqqallarsurasi.az\/en\/wp-json\/wp\/v2\/posts"}],"about":[{"href":"https:\/\/agsaqqallarsurasi.az\/en\/wp-json\/wp\/v2\/types\/post"}],"author":[{"embeddable":true,"href":"https:\/\/agsaqqallarsurasi.az\/en\/wp-json\/wp\/v2\/users\/1"}],"replies":[{"embeddable":true,"href":"https:\/\/agsaqqallarsurasi.az\/en\/wp-json\/wp\/v2\/comments?post=480"}],"version-history":[{"count":1,"href":"https:\/\/agsaqqallarsurasi.az\/en\/wp-json\/wp\/v2\/posts\/480\/revisions"}],"predecessor-version":[{"id":482,"href":"https:\/\/agsaqqallarsurasi.az\/en\/wp-json\/wp\/v2\/posts\/480\/revisions\/482"}],"wp:featuredmedia":[{"embeddable":true,"href":"https:\/\/agsaqqallarsurasi.az\/en\/wp-json\/wp\/v2\/media\/481"}],"wp:attachment":[{"href":"https:\/\/agsaqqallarsurasi.az\/en\/wp-json\/wp\/v2\/media?parent=480"}],"wp:term":[{"taxonomy":"category","embeddable":true,"href":"https:\/\/agsaqqallarsurasi.az\/en\/wp-json\/wp\/v2\/categories?post=480"},{"taxonomy":"post_tag","embeddable":true,"href":"https:\/\/agsaqqallarsurasi.az\/en\/wp-json\/wp\/v2\/tags?post=480"}],"curies":[{"name":"wp","href":"https:\/\/api.w.org\/{rel}","templated":true}]}}