{"id":483,"date":"2021-08-02T18:20:07","date_gmt":"2021-08-02T14:20:07","guid":{"rendered":"https:\/\/agsaqqallarsurasi.az\/?p=483"},"modified":"2022-04-11T02:21:11","modified_gmt":"2022-04-10T22:21:11","slug":"neftcalada-agsaqqallar-surasi-hesabata-toplasdi","status":"publish","type":"post","link":"https:\/\/agsaqqallarsurasi.az\/en\/neftcalada-agsaqqallar-surasi-hesabata-toplasdi\/","title":{"rendered":"Neft\u00e7alada A\u011fsaqqallar \u015euras\u0131 hesabata topla\u015fd\u0131"},"content":{"rendered":"<p><img loading=\"lazy\" class=\"alignleft wp-image-484\" src=\"https:\/\/agsaqqallarsurasi.az\/wp-content\/uploads\/2022\/04\/thumbnail_187b80d5c46a1b91e96f15226ab1955d.jpg\" alt=\"\" width=\"400\" height=\"258\" srcset=\"https:\/\/agsaqqallarsurasi.az\/wp-content\/uploads\/2022\/04\/thumbnail_187b80d5c46a1b91e96f15226ab1955d.jpg 799w, https:\/\/agsaqqallarsurasi.az\/wp-content\/uploads\/2022\/04\/thumbnail_187b80d5c46a1b91e96f15226ab1955d-300x194.jpg 300w, https:\/\/agsaqqallarsurasi.az\/wp-content\/uploads\/2022\/04\/thumbnail_187b80d5c46a1b91e96f15226ab1955d-768x496.jpg 768w, https:\/\/agsaqqallarsurasi.az\/wp-content\/uploads\/2022\/04\/thumbnail_187b80d5c46a1b91e96f15226ab1955d-600x387.jpg 600w, https:\/\/agsaqqallarsurasi.az\/wp-content\/uploads\/2022\/04\/thumbnail_187b80d5c46a1b91e96f15226ab1955d-150x97.jpg 150w\" sizes=\"(max-width: 400px) 100vw, 400px\" \/>May\u0131n 25-d\u0259 Neft\u00e7ala Rayon \u0130cra Hakimiyy\u0259tind\u0259 koronavirus(COV\u0130D-19) pandemiya qaydalar\u0131na uy\u011fun olaraq Rayon A\u011fsaqqallar \u015euras\u0131n\u0131n konfrans\u0131 ke\u00e7irilib.<\/p>\n<p>Modern.az\u00a0x\u0259b\u0259r verir ki, konfransda Az\u0259rbaycan A\u011fsaqqallar \u015euras\u0131n\u0131n s\u0259dr m\u00fcavini, professor Elmira S\u00fcleymanova,\u00a0Neft\u00e7ala Rayon \u0130cra Hakimiyy\u0259tinin ba\u015f\u00e7\u0131s\u0131 Mirh\u0259s\u0259n Seyidov, \u015f\u0259hid valideynl\u0259ri v\u0259 rayon A\u011fsaqqallar \u015euras\u0131n\u0131n \u00fczvl\u0259ri i\u015ftirak edib.<\/p>\n<p>Konfransdan \u00f6nc\u0259 A\u011fsaqqallar \u015euras\u0131n\u0131n s\u0259dr m\u00fcavini, professor Elmira S\u00fcleymanova v\u0259 Neft\u00e7ala Rayon \u0130cra Hakimiyy\u0259tinin ba\u015f\u00e7\u0131s\u0131 Mirh\u0259s\u0259n Seyidov Az\u0259rbaycan Ulu \u00d6nd\u0259r Heyd\u0259r \u018fliyevin abid\u0259sini v\u0259 \u015e\u0259hidl\u0259r Xiyaban\u0131n\u0131 ziyar\u0259t edib g\u00fcl d\u0259st\u0259l\u0259ri d\u00fcz\u00fcbl\u0259r v\u0259 ruhlar\u0131na dualar oxunub.<\/p>\n<p>Daha sonra Az\u0259rbaycan xalq\u0131n\u0131n xilaskar\u0131, \u00dcmummilli Lider Heyd\u0259r \u018fliyevin,\u00a0Az\u0259rbaycan Respublikas\u0131n\u0131n \u0259razi b\u00fct\u00f6vl\u00fcy\u00fcn\u00fcn, m\u00fcst\u0259qilliyinin, konstitusiya qurulu\u015funun m\u00fcdafi\u0259si zaman\u0131 \u015f\u0259hid olan h\u0259rbi qulluq\u00e7ular\u0131n, h\u0259m\u00e7inin hesabat d\u00f6vr\u00fcnd\u0259 d\u00fcnyas\u0131n\u0131 d\u0259yi\u015fmi\u015f a\u011fsaqqal v\u0259 a\u011fbir\u00e7\u0259kl\u0259rin \u0259ziz xatir\u0259si bir d\u0259qiq\u0259lik s\u00fckutla yad edilib.<\/p>\n<p>Konfrans\u0131 giri\u015f s\u00f6z\u00fc il\u0259 Neft\u00e7ala Rayon \u0130cra Hakimiyy\u0259tinin ba\u015f\u00e7\u0131s\u0131 Mirh\u0259s\u0259n Seyidov a\u00e7araq, \u00f6lk\u0259nin, el\u0259c\u0259 d\u0259 rayonun ictimai-siyasi h\u0259yat\u0131nda a\u011fsaqqallar\u0131n rolu v\u0259 n\u00fcfuzundan dan\u0131\u015f\u0131b, xalq\u0131m\u0131z\u0131n milli-m\u0259n\u0259vi d\u0259y\u0259rl\u0259rinin formala\u015fmas\u0131nda a\u011fsaqqal t\u00f6vsiy\u0259si v\u0259 m\u0259sl\u0259h\u0259tinin x\u00fcsusi \u0259h\u0259miyy\u0259t k\u0259sb etdiyini, xalq\u0131m\u0131z\u0131n m\u0259n\u0259vi d\u00fcnyas\u0131nda, milli mentalitetind\u0259 a\u011fsaqqal, a\u011fbir\u00e7\u0259k s\u00f6z\u00fcn\u00fcn, xeyir-duas\u0131n\u0131n h\u0259mi\u015f\u0259 \u0259n ali h\u0259yat m\u0259ram\u0131 oldu\u011funu bildirib. A\u011fsaqqall\u0131q \u0259n\u0259n\u0259l\u0259rinin inki\u015faf tarixinin ba\u015flan\u011f\u0131c\u0131 m\u0259hz \u00fcmummilli liderimiz Heyd\u0259r \u018fliyevin ad\u0131 il\u0259 \u0259laq\u0259dard\u0131r. 1993-c\u00fc ild\u0259 \u00f6lk\u0259miz par\u00e7alanmaq t\u0259hl\u00fck\u0259si il\u0259 \u00fczl\u0259\u015f\u0259nd\u0259 Ulu \u00d6nd\u0259r\u0259 Az\u0259rbaycan\u0131 xilas etm\u0259k \u00fc\u00e7\u00fcn m\u00fcraci\u0259t ed\u0259nl\u0259rin b\u00f6y\u00fck \u0259ks\u0259riyy\u0259ti d\u0259 el\u0259 a\u011fsaqqallar olmu\u015fdu. Ulu \u00d6nd\u0259rin siyasi kursuna sadiq qalan Prezident \u0130lham \u018fliyev d\u0259 a\u011fsaqqallar\u0131m\u0131za g\u00fcv\u0259nir v\u0259 h\u0259r zaman onlara \u00f6z inam\u0131n\u0131 bildirib.<\/p>\n<p>Sonra \u00e7\u0131x\u0131\u015f ed\u0259n Az\u0259rbaycan A\u011fsaqqallar \u015euras\u0131n\u0131n s\u0259dr m\u00fcavini, professor Elmira S\u00fcleymanova Neft\u00e7ala a\u011fsaqqallar\u0131 il\u0259 g\u00f6r\u00fc\u015fd\u00fcy\u00fc \u00fc\u00e7\u00fcn \u00e7ox \u015fad oldu\u011funu bildirib v\u0259 Az\u0259rbaycan A\u011fsaqqallar \u015euras\u0131n\u0131n s\u0259dri, Milli M\u0259clisin deputat\u0131, professor Eldar Quliyevin salamlar\u0131n\u0131 onlara \u00e7atd\u0131r\u0131b. Daha sonra Elmira S\u00fcleymanova b\u00f6y\u00fck q\u00fcrur hissiyl\u0259 qeyd edib ki,\u00a0m\u00f6ht\u0259r\u0259m Prezidentimiz, m\u00fcz\u0259ff\u0259r Ali Ba\u015f Komandan\u0131m\u0131z \u0130lham \u018fliyevin r\u0259hb\u0259rliyi il\u0259 r\u0259\u015fad\u0259tli Ordumuzun apard\u0131\u011f\u0131 44 g\u00fcnl\u00fck V\u0259t\u0259n m\u00fcharib\u0259si Az\u0259rbaycan\u0131n \u015fanl\u0131 q\u0259l\u0259b\u0259si v\u0259 Erm\u0259nistan\u0131n tam t\u0259slim olmas\u0131 il\u0259 n\u0259tic\u0259l\u0259ndi. \u018fz\u0259li v\u0259 \u0259b\u0259di torpaqlar\u0131m\u0131z 30 illik erm\u0259ni i\u015f\u011fal\u0131ndan azad edil\u0259r\u0259k \u00f6lk\u0259mizin tarixi \u0259razi b\u00fct\u00f6vl\u00fcy\u00fc b\u0259rpa olundu. Bildirilib ki,\u00a0\u015fanl\u0131 Ordumuzun z\u0259f\u0259r y\u00fcr\u00fc\u015f\u00fc, d\u00fc\u015fm\u0259nin b\u00fct\u00fcn torpaqlar\u0131m\u0131zdan qovulmas\u0131, Qaraba\u011f m\u00fcnaqi\u015f\u0259sinin u\u011furla v\u0259 \u0259dal\u0259tl\u0259 h\u0259ll edilm\u0259si ya\u015fad\u0131\u011f\u0131m\u0131z b\u00fct\u00fcn b\u00f6lg\u0259d\u0259 s\u00fclh\u0259 v\u0259 t\u0259hl\u00fck\u0259sizliy\u0259 \u0259v\u0259zsiz t\u00f6hf\u0259 oldu v\u0259 bu g\u00fcn sava\u015f meydan\u0131nda \u0259ld\u0259 etdiyimiz bu tarixi Q\u0259l\u0259b\u0259nin ard\u0131nca Az\u0259rbaycan\u0131 daha fir\u0259van h\u0259yat g\u00f6zl\u0259yir. Elmira xan\u0131m, x\u00fcsusi olaraq vur\u011fulay\u0131b ki, \u00fcmummilli lider Heyd\u0259r \u018fliyev t\u0259r\u0259find\u0259n \u0259sas\u0131 qoyulmu\u015f a\u011fsaqqallara v\u0259 ah\u0131l v\u0259t\u0259nda\u015flara d\u00f6vl\u0259tin diqq\u0259t v\u0259 qay\u011f\u0131 siyas\u0259ti bu g\u00fcn m\u00f6ht\u0259r\u0259m Prezidentimiz c\u0259nab \u0130lham \u018fliyev t\u0259r\u0259find\u0259n u\u011furla davam etdirilir. Az\u0259rbaycan A\u011fsaqqallar \u015euras\u0131n\u0131n f\u0259aliyy\u0259t istiqam\u0259ti, m\u0259qs\u0259d v\u0259 v\u0259zif\u0259l\u0259ri bar\u0259d\u0259 fikirl\u0259rini b\u00f6l\u00fc\u015f\u0259n Elmira S\u00fcleymanova qeyd edib ki, onlar\u0131n Az\u0259rbaycan A\u011fsaqqallar \u015euras\u0131n\u0131n s\u0259dri, Milli M\u0259clisin deputat\u0131 Eldar Quliyevin tap\u015f\u0131r\u0131\u011f\u0131 il\u0259 Neft\u00e7alaya g\u0259lm\u0259kd\u0259 \u0259sas m\u0259qs\u0259di rayon A\u011fsaqqallar \u015euras\u0131na s\u0259dr, h\u0259m\u00e7inin \u0130dar\u0259 Hey\u0259ti v\u0259 T\u0259fti\u015f Komissiyas\u0131 se\u00e7kisind\u0259 i\u015ftirak etm\u0259kdir v\u0259 \u00e7ox sevindirici hald\u0131r ki, hal-haz\u0131rda Respublika A\u011fsaqqallar \u015euras\u0131 daha intensiv f\u0259aliyy\u0259t g\u00f6st\u0259r\u0259r\u0259k c\u0259miyy\u0259timizin v\u0259 d\u00f6vl\u0259timizin inki\u015faf\u0131nda \u00f6z layiqli rolunu oynay\u0131r. Elmira xan\u0131m h\u0259m\u00e7inin \u015euran\u0131n Nizamnam\u0259 v\u0259 \u018fsasnam\u0259sind\u0259n ir\u0259li g\u0259l\u0259n v\u0259zif\u0259l\u0259r bar\u0259d\u0259 m\u0259lumat verib v\u0259 yeni se\u00e7il\u0259c\u0259k hey\u0259t\u0259 u\u011furlar arzulay\u0131b.<\/p>\n<p>Konfransda rayon A\u011fsaqqallar \u015euras\u0131n\u0131n \u00fczvl\u0259ri \u015f\u0259hid atas\u0131 T\u0259hmasib M\u0259likov, Abasqulu \u0130sk\u0259nd\u0259rli, Oruc\u0259li H\u00fcseynov v\u0259 Telman Quliyev \u00e7\u0131x\u0131\u015f edib, onlara g\u00f6st\u0259ril\u0259n diqq\u0259t v\u0259 qay\u011f\u0131ya g\u00f6r\u0259 Prezident c\u0259nab \u0130lham \u018fliyev\u0259 v\u0259 Birinci vitse-prezident Mehriban xan\u0131m \u018fliyevaya t\u0259\u015f\u0259kk\u00fcr etdibl\u0259r.<\/p>\n<p>Konfransda sonra t\u0259\u015fkilati m\u0259s\u0259l\u0259l\u0259r\u0259 bax\u0131l\u0131b\u00a0 Neft\u00e7ala Rayon A\u011fsaqqallar \u015euras\u0131n\u0131n \u018fsasnam\u0259si t\u0259sdiq edilib, \u018fb\u00fclf\u0259z A\u011fayev A\u011fsaqqallar \u015euran\u0131n yeni s\u0259dri se\u00e7ilib, h\u0259m\u00e7inin \u0130dar\u0259 hey\u0259tin\u0259 G\u00fcla\u011fa \u0130manov, Bah\u0259ddin Leysanov, El\u00e7in \u018fs\u0259dov, Vidadi \u0130smay\u0131lov, R\u0259\u015fid Manafov, Oktay K\u0259rimov, H\u00fcsniyy\u0259 \u018fl\u0259kb\u0259rova \u00fczv se\u00e7ilibl\u0259r. T\u0259fti\u015f komissiyas\u0131na is\u0259 Telman Quliyev, Abasqulu \u0130sk\u0259nd\u0259rov v\u0259 Oruc\u0259li H\u00fcseynov yeni t\u0259rkib\u0259 \u00fczv se\u00e7ilibl\u0259r.<\/p>\n","protected":false},"excerpt":{"rendered":"<p>May\u0131n 25-d\u0259 Neft\u00e7ala Rayon \u0130cra Hakimiyy\u0259tind\u0259 koronavirus(COV\u0130D-19) pandemiya qaydalar\u0131na uy\u011fun olaraq Rayon A\u011fsaqqallar \u015euras\u0131n\u0131n konfrans\u0131 ke\u00e7irilib. Modern.az\u00a0x\u0259b\u0259r verir ki, konfransda<\/p>\n","protected":false},"author":1,"featured_media":484,"comment_status":"open","ping_status":"open","sticky":false,"template":"","format":"standard","meta":{"cybocfi_hide_featured_image":"yes"},"categories":[24],"tags":[],"_links":{"self":[{"href":"https:\/\/agsaqqallarsurasi.az\/en\/wp-json\/wp\/v2\/posts\/483"}],"collection":[{"href":"https:\/\/agsaqqallarsurasi.az\/en\/wp-json\/wp\/v2\/posts"}],"about":[{"href":"https:\/\/agsaqqallarsurasi.az\/en\/wp-json\/wp\/v2\/types\/post"}],"author":[{"embeddable":true,"href":"https:\/\/agsaqqallarsurasi.az\/en\/wp-json\/wp\/v2\/users\/1"}],"replies":[{"embeddable":true,"href":"https:\/\/agsaqqallarsurasi.az\/en\/wp-json\/wp\/v2\/comments?post=483"}],"version-history":[{"count":1,"href":"https:\/\/agsaqqallarsurasi.az\/en\/wp-json\/wp\/v2\/posts\/483\/revisions"}],"predecessor-version":[{"id":485,"href":"https:\/\/agsaqqallarsurasi.az\/en\/wp-json\/wp\/v2\/posts\/483\/revisions\/485"}],"wp:featuredmedia":[{"embeddable":true,"href":"https:\/\/agsaqqallarsurasi.az\/en\/wp-json\/wp\/v2\/media\/484"}],"wp:attachment":[{"href":"https:\/\/agsaqqallarsurasi.az\/en\/wp-json\/wp\/v2\/media?parent=483"}],"wp:term":[{"taxonomy":"category","embeddable":true,"href":"https:\/\/agsaqqallarsurasi.az\/en\/wp-json\/wp\/v2\/categories?post=483"},{"taxonomy":"post_tag","embeddable":true,"href":"https:\/\/agsaqqallarsurasi.az\/en\/wp-json\/wp\/v2\/tags?post=483"}],"curies":[{"name":"wp","href":"https:\/\/api.w.org\/{rel}","templated":true}]}}