{"id":501,"date":"2021-08-02T18:27:26","date_gmt":"2021-08-02T14:27:26","guid":{"rendered":"https:\/\/agsaqqallarsurasi.az\/?p=501"},"modified":"2022-04-11T02:32:35","modified_gmt":"2022-04-10T22:32:35","slug":"nizami-rayon-agsaqqallar-surasinin-hesabat-secki-konfransi-kecirilib","status":"publish","type":"post","link":"https:\/\/agsaqqallarsurasi.az\/en\/nizami-rayon-agsaqqallar-surasinin-hesabat-secki-konfransi-kecirilib\/","title":{"rendered":"Nizami Rayon A\u011fsaqqallar \u015euras\u0131n\u0131n hesabat-se\u00e7ki konfrans\u0131 ke\u00e7irilib"},"content":{"rendered":"<p><img loading=\"lazy\" class=\"alignleft wp-image-502\" src=\"https:\/\/agsaqqallarsurasi.az\/wp-content\/uploads\/2022\/04\/thumbnail_5a8497a33cc1849b0e7e6db57b1417e8.jpg\" alt=\"\" width=\"400\" height=\"258\" srcset=\"https:\/\/agsaqqallarsurasi.az\/wp-content\/uploads\/2022\/04\/thumbnail_5a8497a33cc1849b0e7e6db57b1417e8.jpg 799w, https:\/\/agsaqqallarsurasi.az\/wp-content\/uploads\/2022\/04\/thumbnail_5a8497a33cc1849b0e7e6db57b1417e8-300x194.jpg 300w, https:\/\/agsaqqallarsurasi.az\/wp-content\/uploads\/2022\/04\/thumbnail_5a8497a33cc1849b0e7e6db57b1417e8-768x496.jpg 768w, https:\/\/agsaqqallarsurasi.az\/wp-content\/uploads\/2022\/04\/thumbnail_5a8497a33cc1849b0e7e6db57b1417e8-600x387.jpg 600w, https:\/\/agsaqqallarsurasi.az\/wp-content\/uploads\/2022\/04\/thumbnail_5a8497a33cc1849b0e7e6db57b1417e8-150x97.jpg 150w\" sizes=\"(max-width: 400px) 100vw, 400px\" \/>Bak\u0131, 23 iyun,\u00a0AZ\u018fRTAC<\/p>\n<p>X\u00fcsusi karantin rejimi qaydalar\u0131na riay\u0259t olunmaqla m\u0259hdud t\u0259rkibd\u0259 ke\u00e7iril\u0259n konfransda Az\u0259rbaycan A\u011fsaqqallar \u015euras\u0131n\u0131n s\u0259dr m\u00fcavini, Milli M\u0259clisin deputat\u0131 Eldar \u0130brahimov, Nizami Rayon \u0130cra Hakimiyy\u0259tinin ba\u015f\u00e7\u0131s\u0131n\u0131n birinci m\u00fcavini Q\u0259rib M\u0259mm\u0259dov, Yeni Az\u0259rbaycan Partiyas\u0131 Nizami rayon t\u0259\u015fkilat\u0131n\u0131n s\u0259dri, Milli M\u0259clisin deputat\u0131 S\u0259daq\u0259t V\u0259liyeva, Az\u0259rbaycan A\u011fsaqqallar \u015euras\u0131n\u0131n Aparat r\u0259hb\u0259ri Ramin H\u0259s\u0259nli v\u0259 b\u00f6y\u00fck m\u0259sl\u0259h\u0259t\u00e7isi Kamal \u018fliyev, h\u0259m\u00e7inin rayon a\u011fsaqqallar\u0131 v\u0259 ziyal\u0131lar\u0131 i\u015ftirak edibl\u0259r.<\/p>\n<p>AZ\u018fRTAC\u00a0x\u0259b\u0259r verir ki, konfransdan \u0259vv\u0259l t\u0259dbir i\u015ftirak\u00e7\u0131lar\u0131 ulu \u00f6nd\u0259r Heyd\u0259r \u018fliyevin b\u00fcst\u00fc \u00f6n\u00fcn\u0259 g\u00fcl d\u0259st\u0259l\u0259ri qoyaraq, d\u0259rin h\u00f6rm\u0259t v\u0259 ehtiramlar\u0131n\u0131 bildiribl\u0259r.<\/p>\n<p>Az\u0259rbaycan\u0131n \u0259razi b\u00fct\u00f6vl\u00fcy\u00fc u\u011frunda \u015f\u0259hid olanlar\u0131n v\u0259 \u00f6t\u0259n d\u00f6vr \u0259rzind\u0259 d\u00fcnyas\u0131n\u0131 d\u0259yi\u015f\u0259n a\u011fsaqqallar\u0131n xatir\u0259si bir d\u0259qiq\u0259lik s\u00fckutla yad edildikd\u0259n sonra Nizami Rayon \u0130cra Hakimiyy\u0259tinin ba\u015f\u00e7\u0131s\u0131n\u0131n birinci m\u00fcavini Q\u0259rib M\u0259mm\u0259dov t\u0259dbir i\u015ftirak\u00e7\u0131lar\u0131n\u0131 salamlayaraq bildirib ki, rayonumuzun inki\u015faf\u0131nda, m\u0259d\u0259ni-ictimai h\u0259yat\u0131nda, g\u0259nc n\u0259slin m\u00fcsb\u0259t keyfiyy\u0259tl\u0259ri \u00f6z\u00fcnd\u0259 \u0259xz ed\u0259r\u0259k formala\u015fmas\u0131nda a\u011fsaqqallar\u0131m\u0131z\u0131n b\u00f6y\u00fck xidm\u0259tl\u0259ri vard\u0131r. Az\u0259rbaycan Respublikas\u0131n\u0131n Prezidenti, Ali Ba\u015f Komandan \u0130lham \u018fliyevin r\u0259hb\u0259rliyi alt\u0131nda \u015fanl\u0131 Ordumuzun II Qaraba\u011f m\u00fcharib\u0259sind\u0259 qazand\u0131\u011f\u0131 m\u00f6ht\u0259\u015f\u0259m Q\u0259l\u0259b\u0259d\u0259n b\u0259hs ed\u0259n natiq qeyd edib ki, torpaqlar\u0131m\u0131z\u0131n i\u015f\u011faldan azad olunmas\u0131nda Nizami rayonundan olan q\u0259hr\u0259man o\u011fullar\u0131m\u0131z da \u00f6z \u015f\u00fcca\u0259tl\u0259ri il\u0259 \u015fanl\u0131 tarix yaz\u0131blar. Bel\u0259 q\u0259hr\u0259man o\u011fullar\u0131n yeti\u015fdirilm\u0259sind\u0259 a\u011fsaqqallar\u0131m\u0131z\u0131n \u0259m\u0259yi az olmam\u0131\u015fd\u0131r. Konfrans\u0131n f\u0259aliyy\u0259tin\u0259 u\u011furlar arzulayan Q\u0259rib M\u0259mm\u0259dov \u0259min oldu\u011funu bildirib ki, Nizami Rayon A\u011fsaqqallar \u015euras\u0131nda t\u0259msil olunan a\u011fsaqqallar\u0131n, ziyal\u0131lar\u0131n d\u0259st\u0259yi il\u0259 t\u0259\u015fkilat\u0131n n\u00fcfuzu v\u0259 f\u0259aliyy\u0259ti bundan sonra daha da artacaqd\u0131r.<\/p>\n<p>Konfransda \u00e7\u0131x\u0131\u015f ed\u0259n Az\u0259rbaycan A\u011fsaqqallar \u015euras\u0131n\u0131n s\u0259dr m\u00fcavini, Milli M\u0259clisin deputat\u0131 Eldar \u0130brahimov ilk \u00f6nc\u0259 \u015euran\u0131n s\u0259dri, Milli M\u0259clisin deputat\u0131, professor Eldar Quliyevin salamlar\u0131n\u0131 t\u0259dbir i\u015ftirak\u00e7\u0131lar\u0131na \u00e7atd\u0131r\u0131b. Sonra o bildirib ki, M\u00fcz\u0259ff\u0259r Ali Ba\u015f Komandan \u0130lham \u018fliyevin ba\u015f\u00e7\u0131l\u0131\u011f\u0131 il\u0259 V\u0259t\u0259n m\u00fcharib\u0259sind\u0259 qazan\u0131lan Q\u0259l\u0259b\u0259 Az\u0259rbaycan\u0131n regiondak\u0131 siyasi g\u00fcc\u00fcn\u00fc daha da art\u0131raraq b\u00f6lg\u0259d\u0259 ba\u015f ver\u0259n iqtisadi-siyasi prosesl\u0259rd\u0259 \u00f6lk\u0259mizi apar\u0131c\u0131 q\u00fcvv\u0259y\u0259 \u00e7evirib. Qeyd olunub ki, Az\u0259rbaycan Respublikas\u0131n\u0131n Prezidenti \u0130lham \u018fliyevin d\u0259mir yumru\u011fu qar\u015f\u0131s\u0131nda darmada\u011f\u0131n edil\u0259n Erm\u0259nistan ordusu v\u0259 qazan\u0131lan \u015fanl\u0131 Z\u0259f\u0259r t\u0259kc\u0259 d\u00f6y\u00fc\u015f meydan\u0131 il\u0259 m\u0259hdudla\u015fmay\u0131b, d\u00f6vl\u0259t ba\u015f\u00e7\u0131s\u0131 beyn\u0259lxalq arenada da Az\u0259rbaycan\u0131 d\u00fcnya \u00f6lk\u0259l\u0259rinin t\u0259sirind\u0259n m\u0259har\u0259tl\u0259 qoruyub. O bildirib ki, haz\u0131rda \u00f6lk\u0259mizd\u0259 davam ed\u0259n bu t\u0259r\u0259qqi prosesi Az\u0259rbaycan A\u011fsaqqallar \u015euras\u0131nda da \u00f6z\u00fcn\u00fc g\u00f6st\u0259rm\u0259kd\u0259dir. Bu g\u00fcn Az\u0259rbaycan A\u011fsaqqallar \u015euras\u0131n\u0131n s\u0259dri, Milli M\u0259clisin deputat\u0131 Eldar Quliyevin r\u0259hb\u0259rliyi alt\u0131nda t\u0259\u015fkilatda kifay\u0259t q\u0259d\u0259r m\u00fch\u00fcm i\u015fl\u0259r g\u00f6r\u00fcl\u00fcr. Bel\u0259 ki, Az\u0259rbaycan\u0131n dem\u0259k olar ki, b\u00fct\u00fcn \u015f\u0259h\u0259r v\u0259 rayon a\u011fsaqqallar \u015furalar\u0131nda t\u0259\u015fkilati m\u0259s\u0259l\u0259l\u0259r\u0259 bax\u0131l\u0131b, se\u00e7kil\u0259r ke\u00e7irilib, yeni t\u0259rkibl\u0259r formala\u015fd\u0131r\u0131l\u0131b. Art\u0131q \u015euran\u0131n yeni nizamnam\u0259si v\u0259 rayonlar \u00fc\u00e7\u00fcn haz\u0131rlanm\u0131\u015f \u0259sasnam\u0259l\u0259r q\u0259bul edilib. H\u0259m\u00e7inin Az\u0259rbaycan A\u011fsaqqallar \u015euras\u0131n\u0131n 2021-2023-c\u00fc ill\u0259r \u00fc\u00e7\u00fcn haz\u0131rlanm\u0131\u015f i\u015f plan\u0131 \u00fczr\u0259 bir s\u0131ra i\u015fl\u0259r h\u0259yata ke\u00e7irilir.<\/p>\n<p>Vur\u011fulan\u0131b ki, a\u011fsaqqallar\u0131m\u0131z bundan sonra da \u00f6lk\u0259mizin inki\u015faf\u0131, xalq\u0131m\u0131z\u0131n rifah\u0131 namin\u0259 yorulmadan f\u0259aliyy\u0259t g\u00f6st\u0259r\u0259c\u0259kl\u0259r.<\/p>\n<p>Sonra \u00e7\u0131x\u0131\u015f ed\u0259n Yeni Az\u0259rbaycan Partiyas\u0131 Nizami rayon t\u0259\u015fkilat\u0131n\u0131n s\u0259dri, Milli M\u0259clisin deputat\u0131 S\u0259daq\u0259t V\u0259liyeva v\u0259 dig\u0259r natiql\u0259r Az\u0259rbaycan Respublikas\u0131n\u0131n Prezidenti \u0130lham \u018fliyevin y\u00fcks\u0259k s\u0259viyy\u0259d\u0259 h\u0259yata ke\u00e7irdiyi u\u011furlu daxili v\u0259 xarici siyas\u0259td\u0259n, m\u00fck\u0259mm\u0259l ordu quruculu\u011fundan, \u00f6lk\u0259mizd\u0259ki davaml\u0131 inki\u015faf prosesind\u0259n v\u0259 bir s\u0131ra aktual m\u0259s\u0259l\u0259l\u0259rd\u0259n b\u0259hs edibl\u0259r. Qeyd olunub ki, m\u00fcasir d\u00f6vrd\u0259 milli-m\u0259n\u0259vi d\u0259y\u0259rl\u0259rimizin qorunub saxlan\u0131lmas\u0131, g\u0259ncl\u0259r\u0259 v\u0259t\u0259np\u0259rv\u0259rlik hissinin a\u015f\u0131lanmas\u0131, onlar\u0131n h\u0259rt\u0259r\u0259fli inki\u015faf etdirilm\u0259si \u00e7ox aktuald\u0131r v\u0259 bu i\u015fd\u0259 a\u011fsaqqallar\u0131m\u0131z\u0131n rolu \u0259v\u0259zedilm\u0259zdir.<\/p>\n<p>Daha sonra t\u0259\u015fkilati m\u0259s\u0259l\u0259l\u0259r m\u00fczakir\u0259 olunub. Nizami Rayon A\u011fsaqqallar \u015euras\u0131n\u0131n yeni \u0259sasnam\u0259si a\u00e7\u0131q s\u0259sverm\u0259 yolu il\u0259 q\u0259bul edilib.<\/p>\n<p>May\u0131l \u018fliyev yenid\u0259n \u015euran\u0131n s\u0259dri se\u00e7ilib. Konfransda, h\u0259m\u00e7inin Rayon A\u011fsaqqallar \u015euras\u0131n\u0131n \u0130dar\u0259 Hey\u0259tinin v\u0259 T\u0259fti\u015f Komissiyas\u0131n\u0131n yeni t\u0259rkibi formala\u015fd\u0131r\u0131l\u0131b.<\/p>\n<p>Sonda Az\u0259rbaycan A\u011fsaqqallar \u015euras\u0131n\u0131n s\u0259dr m\u00fcavini, Milli M\u0259clisin deputat\u0131 Eldar \u0130brahimov v\u0259 dig\u0259r natiql\u0259r Nizami Rayon A\u011fsaqqallar \u015euras\u0131n\u0131n yeni se\u00e7ilmi\u015f s\u0259drini v\u0259 hey\u0259tini t\u0259brik ed\u0259r\u0259k, g\u0259l\u0259c\u0259k f\u0259aliyy\u0259tl\u0259rind\u0259 t\u0259\u015fkilat \u00fczvl\u0259rin\u0259 u\u011furlar arzulay\u0131blar.<\/p>\n","protected":false},"excerpt":{"rendered":"<p>Bak\u0131, 23 iyun,\u00a0AZ\u018fRTAC X\u00fcsusi karantin rejimi qaydalar\u0131na riay\u0259t olunmaqla m\u0259hdud t\u0259rkibd\u0259 ke\u00e7iril\u0259n konfransda Az\u0259rbaycan A\u011fsaqqallar \u015euras\u0131n\u0131n s\u0259dr m\u00fcavini, Milli M\u0259clisin<\/p>\n","protected":false},"author":1,"featured_media":502,"comment_status":"open","ping_status":"open","sticky":false,"template":"","format":"standard","meta":{"cybocfi_hide_featured_image":"yes"},"categories":[24],"tags":[],"_links":{"self":[{"href":"https:\/\/agsaqqallarsurasi.az\/en\/wp-json\/wp\/v2\/posts\/501"}],"collection":[{"href":"https:\/\/agsaqqallarsurasi.az\/en\/wp-json\/wp\/v2\/posts"}],"about":[{"href":"https:\/\/agsaqqallarsurasi.az\/en\/wp-json\/wp\/v2\/types\/post"}],"author":[{"embeddable":true,"href":"https:\/\/agsaqqallarsurasi.az\/en\/wp-json\/wp\/v2\/users\/1"}],"replies":[{"embeddable":true,"href":"https:\/\/agsaqqallarsurasi.az\/en\/wp-json\/wp\/v2\/comments?post=501"}],"version-history":[{"count":1,"href":"https:\/\/agsaqqallarsurasi.az\/en\/wp-json\/wp\/v2\/posts\/501\/revisions"}],"predecessor-version":[{"id":503,"href":"https:\/\/agsaqqallarsurasi.az\/en\/wp-json\/wp\/v2\/posts\/501\/revisions\/503"}],"wp:featuredmedia":[{"embeddable":true,"href":"https:\/\/agsaqqallarsurasi.az\/en\/wp-json\/wp\/v2\/media\/502"}],"wp:attachment":[{"href":"https:\/\/agsaqqallarsurasi.az\/en\/wp-json\/wp\/v2\/media?parent=501"}],"wp:term":[{"taxonomy":"category","embeddable":true,"href":"https:\/\/agsaqqallarsurasi.az\/en\/wp-json\/wp\/v2\/categories?post=501"},{"taxonomy":"post_tag","embeddable":true,"href":"https:\/\/agsaqqallarsurasi.az\/en\/wp-json\/wp\/v2\/tags?post=501"}],"curies":[{"name":"wp","href":"https:\/\/api.w.org\/{rel}","templated":true}]}}