{"id":516,"date":"2021-09-07T16:45:03","date_gmt":"2021-09-07T12:45:03","guid":{"rendered":"https:\/\/agsaqqallarsurasi.az\/?p=516"},"modified":"2022-04-11T02:44:27","modified_gmt":"2022-04-10T22:44:27","slug":"masalli-rayon-agsaqqallar-surasinin-x%c9%99b%c9%99rl%c9%99ri","status":"publish","type":"post","link":"https:\/\/agsaqqallarsurasi.az\/en\/masalli-rayon-agsaqqallar-surasinin-x%c9%99b%c9%99rl%c9%99ri\/","title":{"rendered":"MASALLI RAYON A\u011eSAQQALLAR \u015eURASININ X\u018fB\u018fRL\u018fR\u0130"},"content":{"rendered":"<p><strong><img loading=\"lazy\" class=\"alignleft wp-image-517\" src=\"https:\/\/agsaqqallarsurasi.az\/wp-content\/uploads\/2022\/04\/thumbnail_130982bc68624014d20f98b555a5740b.jpg\" alt=\"\" width=\"400\" height=\"259\" srcset=\"https:\/\/agsaqqallarsurasi.az\/wp-content\/uploads\/2022\/04\/thumbnail_130982bc68624014d20f98b555a5740b.jpg 799w, https:\/\/agsaqqallarsurasi.az\/wp-content\/uploads\/2022\/04\/thumbnail_130982bc68624014d20f98b555a5740b-300x194.jpg 300w, https:\/\/agsaqqallarsurasi.az\/wp-content\/uploads\/2022\/04\/thumbnail_130982bc68624014d20f98b555a5740b-768x497.jpg 768w, https:\/\/agsaqqallarsurasi.az\/wp-content\/uploads\/2022\/04\/thumbnail_130982bc68624014d20f98b555a5740b-600x388.jpg 600w, https:\/\/agsaqqallarsurasi.az\/wp-content\/uploads\/2022\/04\/thumbnail_130982bc68624014d20f98b555a5740b-150x97.jpg 150w\" sizes=\"(max-width: 400px) 100vw, 400px\" \/>Masall\u0131 Rayon A\u011fsaqqallar \u015euras\u0131 f\u0259aliyy\u0259tini daha da geni\u015fl\u0259ndirir<\/strong><\/p>\n<p>Rayon A\u011fsaqqallar \u015euras\u0131 \u00f6z g\u00fcnd\u0259lik f\u0259aliyy\u0259tind\u0259 Respublika A\u011fsaqqallar \u015euras\u0131n\u0131n 29 sentyabr 2020-ci il tarixind\u0259 ke\u00e7iril\u0259n VIII Qurultay\u0131n\u0131n q\u0259rarlar\u0131na v\u0259 rayon t\u0259\u015fkilat\u0131n\u0131n 15 aprel 2021-ci il tarixli konfrans\u0131n\u0131n t\u0259dbirl\u0259r plan\u0131na uy\u011fun olaraq g\u00fcnd\u0259lik f\u0259aliyy\u0259tini daha da geni\u015fl\u0259ndirm\u0259y\u0259 \u00e7al\u0131\u015f\u0131r. V\u0259t\u0259n m\u00fcharib\u0259sind\u0259 qazan\u0131lm\u0131\u015f Q\u0259l\u0259b\u0259d\u0259n sonra, habel\u0259 koronavirus pandemiyas\u0131 il\u0259 m\u00fcbariz\u0259 \u00e7\u0259r\u00e7iv\u0259sind\u0259 rayonda vaskinasiya v\u0259 dig\u0259r m\u0259qs\u0259d\u0259uy\u011fun i\u015fl\u0259rin apar\u0131lmas\u0131 sah\u0259sind\u0259 a\u011fsaqqallar t\u0259bli\u011fat v\u0259 maarifl\u0259ndirm\u0259 i\u015fl\u0259rind\u0259 f\u0259al i\u015ftirak edirl\u0259r. Son ayda \u0130dar\u0259 Hey\u0259tinin t\u0259\u015f\u0259bb\u00fcs\u00fc v\u0259 himay\u0259si il\u0259 V\u0259t\u0259n m\u00fcharib\u0259si \u015f\u0259hidi S\u00fcbhan Rauf o\u011flu H\u0259s\u0259novun ad g\u00fcn\u00fcn\u00fcn ke\u00e7irilm\u0259si y\u00fcks\u0259k s\u0259viyy\u0259d\u0259 t\u0259\u015fkil edilmi\u015fdir. T\u0259kc\u0259 bu il rayonda a\u011fsaqqal yazarlar\u0131n Qaraba\u011f sava\u015flar\u0131na v\u0259 Q\u0259l\u0259b\u0259miz\u0259 h\u0259sr edil\u0259n 10-dan \u00e7ox kitab\u0131 n\u0259\u015fr edilib v\u0259 50-\u0259 yax\u0131n b\u00f6y\u00fck h\u0259cmli m\u0259qal\u0259 K\u0130V-d\u0259 i\u015f\u0131qland\u0131r\u0131l\u0131b. Bu yax\u0131nlarda \u015euran\u0131n k\u00f6m\u0259yil\u0259 Masall\u0131 \u015f\u0259h\u0259rinin Heyd\u0259r \u018fliyev prospektind\u0259 yerl\u0259\u015f\u0259n ya\u015fay\u0131\u015f massivind\u0259 qurulmu\u015f sad\u0259 idman komleksind\u0259ki futbol meydan\u00e7as\u0131nda b\u0259zi t\u0259mir i\u015fl\u0259ri h\u0259yata ke\u00e7irilib, m\u00fc\u0259yy\u0259n idman invertarlar\u0131 u\u015faqlara h\u0259diyy\u0259 edilib.<\/p>\n<p><strong>Masall\u0131da \u015f\u0259hid S\u00fcbhan H\u0259s\u0259novun do\u011fum g\u00fcn\u00fc<\/strong><\/p>\n<p><img loading=\"lazy\" class=\"alignleft wp-image-518\" src=\"https:\/\/agsaqqallarsurasi.az\/wp-content\/uploads\/2022\/04\/thumbnail_09b195ccd91982304df9538382e1ba6a.jpg\" alt=\"\" width=\"400\" height=\"259\" srcset=\"https:\/\/agsaqqallarsurasi.az\/wp-content\/uploads\/2022\/04\/thumbnail_09b195ccd91982304df9538382e1ba6a.jpg 799w, https:\/\/agsaqqallarsurasi.az\/wp-content\/uploads\/2022\/04\/thumbnail_09b195ccd91982304df9538382e1ba6a-300x194.jpg 300w, https:\/\/agsaqqallarsurasi.az\/wp-content\/uploads\/2022\/04\/thumbnail_09b195ccd91982304df9538382e1ba6a-768x497.jpg 768w, https:\/\/agsaqqallarsurasi.az\/wp-content\/uploads\/2022\/04\/thumbnail_09b195ccd91982304df9538382e1ba6a-600x388.jpg 600w, https:\/\/agsaqqallarsurasi.az\/wp-content\/uploads\/2022\/04\/thumbnail_09b195ccd91982304df9538382e1ba6a-150x97.jpg 150w\" sizes=\"(max-width: 400px) 100vw, 400px\" \/>Masall\u0131 Rayon A\u011fsaqqallar \u015euras\u0131n\u0131n t\u0259\u015f\u0259bb\u00fcs\u00fc il\u0259 \u015f\u0259hid \u0259sg\u0259r S\u00fcbhan H\u0259s\u0259novun do\u011fum g\u00fcn\u00fc qeyd edilib. M\u00f6vcud pandemiya qaydalar\u0131na uy\u011fun olaraq ke\u00e7iril\u0259n m\u0259rasimd\u0259 rayonun bir qrup a\u011fsaqqal v\u0259 ziyal\u0131s\u0131, \u015f\u0259hidin do\u011fmalar\u0131 i\u015ftirak edib. Ziyar\u0259t\u00e7il\u0259r \u015f\u0259hidin ail\u0259 \u00fczvl\u0259rin\u0259 ba\u015fsa\u011fl\u0131\u011f\u0131 verib, m\u0259zar\u0131 \u00fcst\u00fcn\u0259 g\u00fcl d\u0259st\u0259l\u0259ri qoyaraq, ruhuna dualar oxuyublar. Rayon A\u011fsaqqallar \u015euras\u0131n\u0131n s\u0259dri \u018fl\u0259\u015fr\u0259f Niftiyev S\u00fcbhan H\u0259s\u0259novun q\u0131sa v\u0259 \u015f\u0259r\u0259fli \u00f6m\u00fcr yolundan dan\u0131\u015f\u0131b, V\u0259t\u0259nimizin azadl\u0131\u011f\u0131 u\u011frunda canlar\u0131n\u0131 qurban ver\u0259n \u015f\u0259hidl\u0259rimizin \u0259b\u0259di ehtirama layiq olduqlar\u0131n\u0131 qeyd edib. \u201cQaraba\u011f m\u00fcharib\u0259si \u0259lill\u0259ri, veteranlar\u0131 v\u0259 \u015f\u0259hid ail\u0259l\u0259ri\u201d \u0130ctimai Birliyinin rayon filial\u0131n\u0131n s\u0259dri Nahid R\u0259himov, \u201cYeni h\u0259yat\u201d q\u0259zetinin \u0259m\u0259kda\u015f\u0131 Akif A\u011fayev, V\u0259t\u0259n m\u00fcharib\u0259si i\u015ftirak\u00e7\u0131s\u0131 Cavid Nuri v\u0259 ba\u015fqalar\u0131 S\u00fcbhan\u0131n V\u0259t\u0259n\u0259 s\u0259daq\u0259tind\u0259n, Masall\u0131 \u00f6vladlar\u0131n\u0131n torpaqlar\u0131m\u0131z\u0131n azad edilm\u0259si u\u011frundak\u0131 d\u00f6y\u00fc\u015fl\u0259r\u0259 nec\u0259 \u00fcr\u0259kl\u0259 yollanmalar\u0131ndan s\u00f6hb\u0259t a\u00e7\u0131blar, onun kimi q\u0259hr\u0259man o\u011fullar\u0131m\u0131z\u0131n and yerimiz\u0259, ziyar\u0259t m\u0259kan\u0131m\u0131za \u00e7evrildiyiini, \u015f\u0259hidl\u0259rimizin qan\u0131n\u0131n yerd\u0259 qalmad\u0131\u011f\u0131n\u0131 bildiribl\u0259r. \u015e\u0259hidin atas\u0131 Rauf H\u0259s\u0259nov \u015f\u0259hid ail\u0259l\u0259rin\u0259 g\u00f6st\u0259ril\u0259n diqq\u0259t v\u0259 qay\u011f\u0131dan raz\u0131l\u0131q edib, buna g\u00f6r\u0259 Az\u0259rbaycan Respublikas\u0131n\u0131n Prezidenti c\u0259nab \u0130lham \u018fliyev\u0259, Birinci Vitse-prezident Mehriban xan\u0131m \u018fliyevaya v\u0259 rayon r\u0259hb\u0259rliyin\u0259 minn\u0259tdarl\u0131\u011f\u0131n\u0131 bildirib.<\/p>\n<p><strong>Masall\u0131da\u00a0A\u011fsaqqallar \u015euras\u0131n\u0131n\u00a0n\u00f6vb\u0259ti\u00a0iclas\u0131 ke\u00e7irilib<\/strong><\/p>\n<p><img loading=\"lazy\" class=\"alignleft wp-image-519\" src=\"https:\/\/agsaqqallarsurasi.az\/wp-content\/uploads\/2022\/04\/resize_5c8602f43af492bc957509a413e74b94.jpg\" alt=\"\" width=\"400\" height=\"300\" srcset=\"https:\/\/agsaqqallarsurasi.az\/wp-content\/uploads\/2022\/04\/resize_5c8602f43af492bc957509a413e74b94.jpg 450w, https:\/\/agsaqqallarsurasi.az\/wp-content\/uploads\/2022\/04\/resize_5c8602f43af492bc957509a413e74b94-300x225.jpg 300w, https:\/\/agsaqqallarsurasi.az\/wp-content\/uploads\/2022\/04\/resize_5c8602f43af492bc957509a413e74b94-150x112.jpg 150w\" sizes=\"(max-width: 400px) 100vw, 400px\" \/>Avqustun\u00a028-d\u0259 Masall\u0131 Rayon A\u011fsaqqallar \u015euras\u0131n\u0131n\u00a0\u0130dar\u0259 Hey\u0259tinin\u00a0n\u00f6vb\u0259ti\u00a0iclas\u0131 ke\u00e7irilib. T\u0259dbird\u0259\u00a0Az\u0259rbaycan\u0131n suverenliyi v\u0259 \u0259razi b\u00fct\u00f6vl\u00fcy\u00fc u\u011frunda \u015f\u0259hid olanlar\u0131n xatir\u0259si bir d\u0259qiq\u0259lik s\u00fckutla an\u0131l\u0131b. Heyd\u0259r \u018fliyev Park\u0131ndak\u0131 \u201cA\u011fsaqqallar klubu\u201dnda\u00a0pandemiya qaydalar\u0131na\u00a0riay\u0259t olunmaqla ke\u00e7irili\u0259n t\u0259dbiri giri\u015f s\u00f6z\u00fc il\u0259 a\u00e7an Masall\u0131 Rayon A\u011fsaqqallar \u015euras\u0131n\u0131n s\u0259dri,\u00a0III d\u0259r\u0259c\u0259li\u00a0\u201cV\u0259t\u0259n\u0259 xidm\u0259t\u0259 g\u00f6r\u0259\u201d ordenli, d\u00f6vl\u0259t qullu\u011fu veteran\u0131, yaz\u0131\u00e7\u0131-publisist \u018fl\u0259\u015fr\u0259f Niftiyev iclas\u0131n g\u00fcnd\u0259liyi bar\u0259d\u0259 a\u00e7\u0131qlama verib. Sonra rayonda \u015f\u0259hid ail\u0259l\u0259rin\u0259, m\u00fcharib\u0259 i\u015ftirak\u00e7\u0131lar\u0131na v\u0259 qazil\u0259r\u0259 diqq\u0259t v\u0259 qay\u011f\u0131n\u0131n g\u00f6st\u0259rilm\u0259si,\u00a0V\u0259t\u0259n m\u00fcharib\u0259sind\u0259 qazan\u0131lan Z\u0259f\u0259rimizl\u0259 ba\u011fl\u0131 maarifl\u0259ndirm\u0259 t\u0259dbirl\u0259rind\u0259 a\u011fsaqqallar\u0131n i\u015ftirak\u0131 bar\u0259d\u0259 Rayon A\u011fsaqqallar \u015euras\u0131 \u0130dar\u0259 Hey\u0259tinin \u00fczv\u00fc,\u00a0iki \u015f\u0259hid\u00a0\u2013 Aprel d\u00f6y\u00fc\u015fl\u0259ri q\u0259hr\u0259man\u0131 Nurlan \u018fsg\u0259rli v\u0259 V\u0259t\u0259n m\u00fcharib\u0259si q\u0259hr\u0259man\u0131 \u0130ntiqam \u018fsg\u0259rlinin\u00a0anas\u0131 Ziba\u00a0xan\u0131m\u00a0\u018fsg\u0259rovan\u0131n \u00e7\u0131x\u0131\u015f\u0131 dinl\u0259nilib. \u0130clasda yeni \u018fsasnam\u0259y\u0259 uy\u011fun olaraq Rayon A\u011fsaqqallar \u015euras\u0131n\u0131n \u00fczvl\u00fcy\u00fcn\u0259 q\u0259bul apar\u0131l\u0131b. \u015euran\u0131n v\u0259 f\u0259allar\u0131n\u0131n son ill\u0259rd\u0259 qazand\u0131\u011f\u0131 qabaqc\u0131l t\u0259cr\u00fcb\u0259ni daha da geni\u015fl\u0259ndirm\u0259k, K\u0130V v\u0259 sosial \u015f\u0259b\u0259k\u0259l\u0259rd\u0259 bu i\u015fl\u0259rin i\u015f\u0131qland\u0131r\u0131lmas\u0131na \u0259m\u0259li k\u00f6m\u0259k m\u0259qs\u0259dil\u0259 qrup yarad\u0131l\u0131b.\u00a0M\u00fczakir\u0259 olunan m\u0259s\u0259l\u0259l\u0259rl\u0259 ba\u011fl\u0131 fikir v\u0259 t\u0259klifl\u0259r s\u0259sl\u0259ndirilib. \u0130clas\u0131 yekunla\u015fd\u0131ran \u015eura s\u0259dri \u018f. Niftiyev g\u0259l\u0259c\u0259k t\u0259dbirl\u0259r bar\u0259d\u0259 m\u0259lumat verib. XTQ-nin ba\u015f giziri, \u201cAz\u0259rbaycan Bayra\u011f\u0131\u201d ordenli Seymur Aslanovun atas\u0131 Suc\u0259ddin Aslanova T\u0259\u015f\u0259kk\u00fcrnam\u0259 t\u0259qdim edilib.<\/p>\n<p><strong>Masall\u0131n\u0131n X\u0131l k\u0259ndind\u0259 A\u011fsaqqallar evi tikilib<\/strong><\/p>\n<p><img loading=\"lazy\" class=\"alignleft wp-image-520\" src=\"https:\/\/agsaqqallarsurasi.az\/wp-content\/uploads\/2022\/04\/thumbnail_9bddff2742f102a7f204fada499db733.jpg\" alt=\"\" width=\"400\" height=\"258\" srcset=\"https:\/\/agsaqqallarsurasi.az\/wp-content\/uploads\/2022\/04\/thumbnail_9bddff2742f102a7f204fada499db733.jpg 799w, https:\/\/agsaqqallarsurasi.az\/wp-content\/uploads\/2022\/04\/thumbnail_9bddff2742f102a7f204fada499db733-300x194.jpg 300w, https:\/\/agsaqqallarsurasi.az\/wp-content\/uploads\/2022\/04\/thumbnail_9bddff2742f102a7f204fada499db733-768x496.jpg 768w, https:\/\/agsaqqallarsurasi.az\/wp-content\/uploads\/2022\/04\/thumbnail_9bddff2742f102a7f204fada499db733-600x387.jpg 600w, https:\/\/agsaqqallarsurasi.az\/wp-content\/uploads\/2022\/04\/thumbnail_9bddff2742f102a7f204fada499db733-150x97.jpg 150w\" sizes=\"(max-width: 400px) 100vw, 400px\" \/>Masall\u0131 rayonunun X\u0131l k\u0259ndind\u0259 A\u011fsaqqallar evi tikilib istifad\u0259y\u0259 verilmi\u015fdir. Burada a\u011fsaqqalar\u0131n\u00a0 istirah\u0259ti \u00fc\u00e7\u00fcn h\u0259r c\u00fcr \u015f\u0259rait yarad\u0131lm\u0131\u015fd\u0131r. Bu xeyriyy\u0259\u00e7iliy\u0259 k\u0259ndin imkanl\u0131 \u015f\u0259xsl\u0259ri v\u0259 b\u0259l\u0259diyy\u0259si imza at\u0131b. A\u011fsaqqallar evinin qar\u015f\u0131s\u0131nda yarad\u0131lan \u015e\u0259hidl\u0259r bula\u011f\u0131 da sakinl\u0259rin arzusu il\u0259 \u0259rs\u0259y\u0259 g\u0259lib. Buradak\u0131 l\u00f6vh\u0259d\u0259 Milli Q\u0259hr\u0259man El\u015fad H\u00fcseynovun, V\u0259t\u0259n m\u00fcharib\u0259si \u015f\u0259hidi Elg\u00fcn Mikay\u0131ll\u0131n\u0131n portretl\u0259ri as\u0131l\u0131b.\u00a0Odur ki, bulaq\u00a0 h\u0259r g\u00fcn y\u00fczl\u0259rl\u0259 X\u0131ll\u0131n\u0131n ziyar\u0259tgah\u0131na \u00e7evrilib.<\/p>\n","protected":false},"excerpt":{"rendered":"<p>Masall\u0131 Rayon A\u011fsaqqallar \u015euras\u0131 f\u0259aliyy\u0259tini daha da geni\u015fl\u0259ndirir Rayon A\u011fsaqqallar \u015euras\u0131 \u00f6z g\u00fcnd\u0259lik f\u0259aliyy\u0259tind\u0259 Respublika A\u011fsaqqallar \u015euras\u0131n\u0131n 29 sentyabr 2020-ci<\/p>\n","protected":false},"author":1,"featured_media":517,"comment_status":"open","ping_status":"open","sticky":false,"template":"","format":"standard","meta":{"cybocfi_hide_featured_image":"yes"},"categories":[24],"tags":[],"_links":{"self":[{"href":"https:\/\/agsaqqallarsurasi.az\/en\/wp-json\/wp\/v2\/posts\/516"}],"collection":[{"href":"https:\/\/agsaqqallarsurasi.az\/en\/wp-json\/wp\/v2\/posts"}],"about":[{"href":"https:\/\/agsaqqallarsurasi.az\/en\/wp-json\/wp\/v2\/types\/post"}],"author":[{"embeddable":true,"href":"https:\/\/agsaqqallarsurasi.az\/en\/wp-json\/wp\/v2\/users\/1"}],"replies":[{"embeddable":true,"href":"https:\/\/agsaqqallarsurasi.az\/en\/wp-json\/wp\/v2\/comments?post=516"}],"version-history":[{"count":1,"href":"https:\/\/agsaqqallarsurasi.az\/en\/wp-json\/wp\/v2\/posts\/516\/revisions"}],"predecessor-version":[{"id":521,"href":"https:\/\/agsaqqallarsurasi.az\/en\/wp-json\/wp\/v2\/posts\/516\/revisions\/521"}],"wp:featuredmedia":[{"embeddable":true,"href":"https:\/\/agsaqqallarsurasi.az\/en\/wp-json\/wp\/v2\/media\/517"}],"wp:attachment":[{"href":"https:\/\/agsaqqallarsurasi.az\/en\/wp-json\/wp\/v2\/media?parent=516"}],"wp:term":[{"taxonomy":"category","embeddable":true,"href":"https:\/\/agsaqqallarsurasi.az\/en\/wp-json\/wp\/v2\/categories?post=516"},{"taxonomy":"post_tag","embeddable":true,"href":"https:\/\/agsaqqallarsurasi.az\/en\/wp-json\/wp\/v2\/tags?post=516"}],"curies":[{"name":"wp","href":"https:\/\/api.w.org\/{rel}","templated":true}]}}