{"id":552,"date":"2021-10-29T14:04:32","date_gmt":"2021-10-29T10:04:32","guid":{"rendered":"https:\/\/agsaqqallarsurasi.az\/?p=552"},"modified":"2022-04-11T03:13:54","modified_gmt":"2022-04-10T23:13:54","slug":"az%c9%99rbaycan-agsaqqallar-surasinda-t%c9%99dbir-kecirilib","status":"publish","type":"post","link":"https:\/\/agsaqqallarsurasi.az\/en\/az%c9%99rbaycan-agsaqqallar-surasinda-t%c9%99dbir-kecirilib\/","title":{"rendered":"Az\u0259rbaycan A\u011fsaqqallar \u015euras\u0131nda t\u0259dbir ke\u00e7irilib"},"content":{"rendered":"<p><img loading=\"lazy\" class=\"alignleft wp-image-553\" src=\"https:\/\/agsaqqallarsurasi.az\/wp-content\/uploads\/2022\/04\/thumbnail_619b0e4052a7d71058aa499420958df8.jpeg\" alt=\"\" width=\"400\" height=\"258\" srcset=\"https:\/\/agsaqqallarsurasi.az\/wp-content\/uploads\/2022\/04\/thumbnail_619b0e4052a7d71058aa499420958df8.jpeg 799w, https:\/\/agsaqqallarsurasi.az\/wp-content\/uploads\/2022\/04\/thumbnail_619b0e4052a7d71058aa499420958df8-300x194.jpeg 300w, https:\/\/agsaqqallarsurasi.az\/wp-content\/uploads\/2022\/04\/thumbnail_619b0e4052a7d71058aa499420958df8-768x496.jpeg 768w, https:\/\/agsaqqallarsurasi.az\/wp-content\/uploads\/2022\/04\/thumbnail_619b0e4052a7d71058aa499420958df8-600x387.jpeg 600w, https:\/\/agsaqqallarsurasi.az\/wp-content\/uploads\/2022\/04\/thumbnail_619b0e4052a7d71058aa499420958df8-150x97.jpeg 150w\" sizes=\"(max-width: 400px) 100vw, 400px\" \/>Az\u0259rbaycan A\u011fsaqqallar \u015euras\u0131nda \u201c8 Noyabr \u2013 Z\u0259f\u0259r G\u00fcn\u00fc\u201dn\u0259 h\u0259sr edilmi\u015f t\u0259dbirl\u0259rin ke\u00e7irilm\u0259si davam edir. Oktyabr\u0131n 28-d\u0259 \u015euran\u0131n s\u0259dri, mill\u0259t v\u0259kili, professor Eldar Quliyevin i\u015ftirak\u0131 il\u0259 ke\u00e7iril\u0259n toplant\u0131da s\u0259drin birinci m\u00fcavini, deputat \u018fhliman \u018fmiraslanov, m\u00fcavinl\u0259r &#8211; Elmira S\u00fcleymanova, Bayram Yusifov, Vahid Novruzov, \u0130dar\u0259 Hey\u0259tinin \u00fczv\u00fc \u0130brahim Quliyev, h\u0259m\u00e7inin \u00f6lk\u0259mizin c\u0259nub b\u00f6lg\u0259sini t\u0259msil ed\u0259n L\u0259nk\u0259ran Rayon A\u011fsaqqallar \u015euras\u0131n\u0131n s\u0259dri Eldar H\u00fcseynov, Masall\u0131 Rayon A\u011fsaqqallar \u015euras\u0131n\u0131n s\u0259dri \u018fl\u0259\u015fr\u0259f\u00a0 Niftiyev, Lerik\u00a0 Rayon A\u011fsaqqallar \u015euras\u0131n\u0131n s\u0259dri Elxan Q\u0259nb\u0259rov, Astara Rayon A\u011fsaqqallar \u015euras\u0131n\u0131n s\u0259dri Natiq \u0130badov, Bil\u0259suvar Rayon A\u011fsaqqallar \u015euras\u0131n\u0131n s\u0259dri \u018fli Babayev, Neft\u00e7ala Rayon A\u011fsaqqallar \u015euras\u0131n\u0131n s\u0259dri \u018fb\u00fclf\u0259z A\u011fayev, C\u0259lilabad\u00a0 Rayon A\u011fsaqqallar \u015euras\u0131n\u0131n s\u0259dri \u018fdal\u0259t \u018fsg\u0259rov, o c\u00fcml\u0259d\u0259n \u015euran\u0131n Aparat r\u0259hb\u0259ri Ramin H\u0259s\u0259nli v\u0259 B\u00f6y\u00fck m\u0259sl\u0259h\u0259t\u00e7i-h\u00fcquq\u015f\u00fcnas Kamal \u018fliyev i\u015ftirak edibl\u0259r.<\/p>\n<p>\u0130clasda V\u0259t\u0259n u\u011frunda canlar\u0131ndan ke\u00e7\u0259n \u015f\u0259hidl\u0259rimizin v\u0259 Yard\u0131ml\u0131 Rayon A\u011fsaqqallar \u015euras\u0131n\u0131n m\u0259rhum s\u0259dri M\u0259zlum M\u0259nsimovun xatir\u0259si bir d\u0259qiq\u0259lik s\u00fckutla yad edildikd\u0259n sonra \u00e7\u0131x\u0131\u015f ed\u0259n Eldar Quliyev qar\u015f\u0131dan \u00e7oxdan g\u00f6zl\u0259diyimiz m\u00f6ht\u0259\u015f\u0259m bir bayram\u0131n \u2013 Z\u0259f\u0259r Bayram\u0131n\u0131n g\u0259ldiyini t\u0259dbir i\u015ftirak\u00e7\u0131lar\u0131n\u0131n diqq\u0259tin\u0259 \u00e7atd\u0131r\u0131b. Bu Q\u0259l\u0259b\u0259nin qazan\u0131lmas\u0131nda xalq\u0131m\u0131z\u0131n 3000-\u0259 yax\u0131n igid o\u011flunu \u015f\u0259hid verdiyini s\u00f6yl\u0259y\u0259n natiq Z\u0259f\u0259r Bayram\u0131 \u0259r\u0259f\u0259sind\u0259 b\u00fct\u00fcn \u015f\u0259h\u0259r v\u0259 k\u0259ndl\u0259rimizd\u0259 \u015f\u0259hidl\u0259rimizin an\u0131m g\u00fcnl\u0259rinin, ild\u00f6n\u00fcm\u00fc m\u0259rasiml\u0259rinin v\u0259 dig\u0259r t\u0259dbirl\u0259rin ke\u00e7irildiyini v\u0259 bu t\u0259dbirl\u0259rd\u0259 \u015euran\u0131n yerli t\u0259\u015fkilatlar\u0131n\u0131n yax\u0131ndan i\u015ftirak etdiyini qeyd edib. Eldar Quliyev i\u015f\u011faldan azad olunmu\u015f torpaqlarda b\u00f6y\u00fck v\u00fcs\u0259tl\u0259 b\u0259rpa-quruculuq i\u015fl\u0259rinin getdiyini vur\u011fulayaraq, ay\u0131n 26-da Az\u0259rbaycan Respublikas\u0131n\u0131n Prezidenti c\u0259nab \u0130lham \u018fliyevin qarda\u015f T\u00fcrkiy\u0259 Respublikas\u0131n\u0131n Prezidenti c\u0259nab R\u0259c\u0259b Tayyib \u018frdo\u011fanla birg\u0259 Z\u0259ng\u0259zur D\u0259hlizinin t\u0259m\u0259lini qoydu\u011fu m\u00f6ht\u0259\u015f\u0259m tarixi hadis\u0259y\u0259 \u015fahidlik etdiyimizi bildirib. O, h\u0259m\u00e7inin, bel\u0259 bir m\u0259suliyy\u0259tli zamanda a\u011fsaqqallar\u0131n \u00f6z f\u0259aliyy\u0259tl\u0259rini daha da aktivl\u0259\u015fdirm\u0259li oldu\u011funu, x\u00fcsusil\u0259 son zamanlar artan ail\u0259-m\u0259i\u015f\u0259t zorak\u0131l\u0131qlar\u0131n\u0131n, bo\u015fanmalar\u0131n, \u0259sas\u0259n q\u0131zlar\u0131n m\u0259kt\u0259b\u0259 davamiyy\u0259t probleml\u0259rinin, narkotik alud\u0259\u00e7iliyinin v\u0259 dig\u0259r z\u0259r\u0259rli v\u0259rdi\u015fl\u0259rin qa\u015f\u0131s\u0131n\u0131n al\u0131nmas\u0131 \u00fc\u00e7\u00fcn g\u0259ncl\u0259rl\u0259 m\u00fct\u0259madi, effektiv i\u015fl\u0259rin apar\u0131lmas\u0131n\u0131n vacibliyini vur\u011fulay\u0131b.<\/p>\n<p>Az\u0259rbaycan A\u011fsaqqallar \u015euras\u0131n\u0131n s\u0259dr m\u00fcavini, professor Elmira S\u00fcleymanova i\u015f b\u00f6lg\u00fcs\u00fc \u0259sas\u0131nda n\u0259zar\u0259t etdiyi v\u0259 b\u00fct\u00fcn t\u0259dbirl\u0259rind\u0259 yax\u0131ndan i\u015ftirak etdiyi c\u0259nub b\u00f6lg\u0259sinin t\u0259\u015fkilat s\u0259drl\u0259rini salamlayaraq 44 g\u00fcnl\u00fck V\u0259t\u0259n m\u00fcharib\u0259sind\u0259 b\u00fct\u00fcn xalq\u0131m\u0131z\u0131n, x\u00fcsusil\u0259 \u0259sg\u0259r analar\u0131n\u0131n b\u00f6y\u00fck irad\u0259 n\u00fcmayi\u015f etdirdiyini qeyd edib. O bildirib ki, bu g\u00fcn biz d\u0259 h\u0259min \u0259sg\u0259r-qazil\u0259rimizd\u0259n, \u015f\u0259hid ail\u0259l\u0259rind\u0259n diqq\u0259timizi \u0259sirg\u0259m\u0259m\u0259liyik, onlara daim h\u0259rt\u0259r\u0259fli d\u0259st\u0259k olmal\u0131y\u0131q. Elmira xan\u0131m Ali Ba\u015f Komandan \u0130lham \u018fliyevin r\u0259hb\u0259rliyi alt\u0131nda \u015fanl\u0131 Ordumuzun \u015f\u00fcca\u0259ti il\u0259 30 illik yurd h\u0259sr\u0259timiz\u0259 son qoyuldu\u011funu, y\u00fczminl\u0259rl\u0259 m\u0259cburi k\u00f6\u00e7k\u00fcnl\u0259rimizin q\u0259rib\u00e7ilikd\u0259n qurtuldu\u011funu v\u0259 \u00f6z do\u011fma torpaqlar\u0131na qay\u0131daclar\u0131n\u0131 vur\u011fulay\u0131b. Qeyd edib ki, hal-haz\u0131rda b\u00f6y\u00fck qay\u0131d\u0131\u015f \u0259r\u0259f\u0259sind\u0259yik, i\u015f\u011faldan azad edilmi\u015f torpaqlar\u0131m\u0131zda geni\u015f m\u0259skunla\u015fma prosesi h\u0259yata ke\u00e7iril\u0259c\u0259kdir v\u0259 biz d\u0259 \u00f6z n\u00f6vb\u0259mizd\u0259 m\u0259cburi \u00a0k\u00f6\u00e7k\u00fcnl\u0259rl\u0259 m\u00fc\u0259yy\u0259n i\u015fl\u0259r aparmal\u0131y\u0131q. Az\u0259rbaycan A\u011fsaqqallar \u015euras\u0131n\u0131n c\u0259nub b\u00f6lg\u0259sini \u0259hat\u0259 ed\u0259n rayon t\u0259\u015fkilatlar\u0131n\u0131n f\u0259aliyy\u0259tind\u0259n d\u0259 \u0259trafl\u0131 b\u0259hs ed\u0259n Elmira S\u00fcleymanova t\u0259dbird\u0259 i\u015ftirak ed\u0259n h\u0259min b\u00f6lg\u0259nin s\u0259drl\u0259rin\u0259 \u00f6z t\u00f6vsiy\u0259 v\u0259 m\u0259sl\u0259h\u0259tl\u0259rini verib.<\/p>\n<p>Sonra \u00e7\u0131x\u0131\u015f ed\u0259n Az\u0259rbaycan A\u011fsaqqallar \u015euras\u0131n\u0131n m\u00fcavini, professor Vahid Novruzov, c\u0259nub b\u00f6lg\u0259sind\u0259n olan ictimai-siyasi xadim, \u0130dar\u0259 Hey\u0259tinin \u00fczv\u00fc \u0130brahim Quliyev v\u0259 rayon s\u0259drl\u0259ri qar\u015f\u0131dan g\u0259l\u0259n b\u00f6y\u00fck Z\u0259f\u0259r Bayram\u0131ndan, bu tarixin da\u015f\u0131d\u0131\u011f\u0131 misilsiz \u0259h\u0259miyy\u0259td\u0259n b\u0259hs edibl\u0259r. Qeyd olunub ki, Ali Ba\u015f Komandan \u0130lham \u018fliyevin ba\u015f\u00e7\u0131l\u0131\u011f\u0131 il\u0259 44 g\u00fcnl\u00fck V\u0259t\u0259n m\u00fcharib\u0259sind\u0259 Az\u0259rbaycan xalq\u0131n\u0131n v\u0259 r\u0259\u015fad\u0259tli Ordumuzun Q\u0259l\u0259b\u0259si b\u00fct\u00fcn d\u00fcnyaya bir daha s\u00fcbut etdi ki, biz \u00f6z do\u011fma torpaqlar\u0131m\u0131zdan bir qar\u0131\u015f bel\u0259 he\u00e7 kim\u0259 ver\u0259n deyilik v\u0259 qazand\u0131\u011f\u0131m\u0131z bu Z\u0259f\u0259r haqq\u0131n, \u0259dal\u0259tin Z\u0259f\u0259ridir.\u00a0Az\u0259rbaycanda g\u0259nc n\u0259slin t\u0259lim-t\u0259rbiy\u0259sin\u0259 h\u0259r zaman x\u00fcsusi diqq\u0259tin ayr\u0131lmas\u0131n\u0131n z\u0259ruriliyind\u0259n dan\u0131\u015fan natiql\u0259r bu bar\u0259d\u0259 a\u011fsaqqallar\u0131n da \u00fcz\u0259rin\u0259 b\u00f6y\u00fck m\u0259suliyy\u0259tin d\u00fc\u015fd\u00fcy\u00fcn\u00fc vur\u011fulay\u0131blar. Rayon s\u0259drl\u0259ri d\u0259, \u00f6z n\u00f6vb\u0259l\u0259rind\u0259, b\u00f6lg\u0259l\u0259rd\u0259 An\u0131m G\u00fcn\u00fc, Z\u0259f\u0259r Bayram\u0131 il\u0259 \u0259laq\u0259dar bir s\u0131ra t\u0259dbirl\u0259r ke\u00e7irdikl\u0259rini, qazil\u0259ri, \u015f\u0259hid ail\u0259l\u0259rini, h\u0259m\u00e7inin x\u0259st\u0259 v\u0259 ya\u015fl\u0131 insanlar\u0131 ziyar\u0259t etdikl\u0259rini, h\u0259m\u00e7inin g\u0259ncl\u0259rl\u0259 g\u00f6r\u00fc\u015fl\u0259r ke\u00e7irdikl\u0259rini, onlardan \u00f6z m\u0259sl\u0259h\u0259t v\u0259 t\u00f6vsiy\u0259l\u0259rini \u0259sirg\u0259m\u0259dikl\u0259rini t\u0259dbir i\u015ftirak\u00e7\u0131lar\u0131n\u0131n diqq\u0259tin\u0259 \u00e7atd\u0131r\u0131blar. X\u00fcsusi olaraq qeyd edibl\u0259r ki, pandemiya s\u0259b\u0259bind\u0259n i\u015fl\u0259rind\u0259 m\u00fc\u0259yy\u0259n \u00e7\u0259tinlikl\u0259r olsa da, g\u0259l\u0259c\u0259kd\u0259 f\u0259aliyy\u0259tl\u0259rini daha da art\u0131rmaq \u0259zmind\u0259dirl\u0259r.<\/p>\n<p>Daha sonra Az\u0259rbaycan A\u011fsaqqallar \u015euras\u0131n\u0131n s\u0259dri, mill\u0259t v\u0259kili Eldar Quliyev b\u00fct\u00fcn t\u0259dbir i\u015ftirak\u00e7\u0131lar\u0131na \u00f6z t\u0259\u015f\u0259kk\u00fcr\u00fcn\u00fc bildir\u0259r\u0259k onlar\u0131 qar\u015f\u0131dan g\u0259l\u0259n Z\u0259f\u0259r Bayram\u0131 m\u00fcnasib\u0259til\u0259 t\u0259brik edib v\u0259 vur\u011fulay\u0131b ki, bu bayram\u0131 bir ne\u00e7\u0259 ictimai-siyasi xadiml\u0259 birlikd\u0259 Az\u0259rbaycandan k\u0259narda, xarici \u00f6lk\u0259l\u0259rd\u0259 ke\u00e7iril\u0259n t\u0259dbirl\u0259rd\u0259 i\u015ftirak ed\u0259r\u0259k qeyd ed\u0259c\u0259kl\u0259r v\u0259 b\u00fct\u00fcn d\u00fcnyaya f\u0259xrl\u0259 g\u00f6st\u0259r\u0259c\u0259kl\u0259r, bir daha s\u00fcbut ed\u0259c\u0259kl\u0259r ki, \u201cQaraba\u011f Az\u0259rbaycand\u0131r!\u201d. Sonda Eldar Quliyev t\u0259dbird\u0259 i\u015ftirak ed\u0259n c\u0259nub b\u00f6lg\u0259sinin rayon s\u0259drl\u0259rin\u0259 yeni v\u0259siq\u0259l\u0259rini t\u0259qdim ed\u0259r\u0259k, onlara g\u0259l\u0259c\u0259k f\u0259aliyy\u0259tl\u0259rind\u0259 daha b\u00f6y\u00fck u\u011furlar arzulay\u0131b.<\/p>\n","protected":false},"excerpt":{"rendered":"<p>Az\u0259rbaycan A\u011fsaqqallar \u015euras\u0131nda \u201c8 Noyabr \u2013 Z\u0259f\u0259r G\u00fcn\u00fc\u201dn\u0259 h\u0259sr edilmi\u015f t\u0259dbirl\u0259rin ke\u00e7irilm\u0259si davam edir. Oktyabr\u0131n 28-d\u0259 \u015euran\u0131n s\u0259dri, mill\u0259t v\u0259kili,<\/p>\n","protected":false},"author":1,"featured_media":553,"comment_status":"open","ping_status":"open","sticky":false,"template":"","format":"standard","meta":{"cybocfi_hide_featured_image":"yes"},"categories":[24],"tags":[],"_links":{"self":[{"href":"https:\/\/agsaqqallarsurasi.az\/en\/wp-json\/wp\/v2\/posts\/552"}],"collection":[{"href":"https:\/\/agsaqqallarsurasi.az\/en\/wp-json\/wp\/v2\/posts"}],"about":[{"href":"https:\/\/agsaqqallarsurasi.az\/en\/wp-json\/wp\/v2\/types\/post"}],"author":[{"embeddable":true,"href":"https:\/\/agsaqqallarsurasi.az\/en\/wp-json\/wp\/v2\/users\/1"}],"replies":[{"embeddable":true,"href":"https:\/\/agsaqqallarsurasi.az\/en\/wp-json\/wp\/v2\/comments?post=552"}],"version-history":[{"count":1,"href":"https:\/\/agsaqqallarsurasi.az\/en\/wp-json\/wp\/v2\/posts\/552\/revisions"}],"predecessor-version":[{"id":554,"href":"https:\/\/agsaqqallarsurasi.az\/en\/wp-json\/wp\/v2\/posts\/552\/revisions\/554"}],"wp:featuredmedia":[{"embeddable":true,"href":"https:\/\/agsaqqallarsurasi.az\/en\/wp-json\/wp\/v2\/media\/553"}],"wp:attachment":[{"href":"https:\/\/agsaqqallarsurasi.az\/en\/wp-json\/wp\/v2\/media?parent=552"}],"wp:term":[{"taxonomy":"category","embeddable":true,"href":"https:\/\/agsaqqallarsurasi.az\/en\/wp-json\/wp\/v2\/categories?post=552"},{"taxonomy":"post_tag","embeddable":true,"href":"https:\/\/agsaqqallarsurasi.az\/en\/wp-json\/wp\/v2\/tags?post=552"}],"curies":[{"name":"wp","href":"https:\/\/api.w.org\/{rel}","templated":true}]}}