{"id":561,"date":"2021-11-17T12:58:36","date_gmt":"2021-11-17T08:58:36","guid":{"rendered":"https:\/\/agsaqqallarsurasi.az\/?p=561"},"modified":"2022-04-11T03:19:17","modified_gmt":"2022-04-10T23:19:17","slug":"%c9%99hliman-%c9%99miraslanov-74","status":"publish","type":"post","link":"https:\/\/agsaqqallarsurasi.az\/en\/%c9%99hliman-%c9%99miraslanov-74\/","title":{"rendered":"\u018fHL\u0130MAN \u018fM\u0130RASLANOV \u2013 74"},"content":{"rendered":"<p><strong><img loading=\"lazy\" class=\"alignleft wp-image-562\" src=\"https:\/\/agsaqqallarsurasi.az\/wp-content\/uploads\/2022\/04\/resize_5aad90930318363d14dad14a7a02707b.jpg\" alt=\"\" width=\"300\" height=\"375\" srcset=\"https:\/\/agsaqqallarsurasi.az\/wp-content\/uploads\/2022\/04\/resize_5aad90930318363d14dad14a7a02707b.jpg 600w, https:\/\/agsaqqallarsurasi.az\/wp-content\/uploads\/2022\/04\/resize_5aad90930318363d14dad14a7a02707b-240x300.jpg 240w, https:\/\/agsaqqallarsurasi.az\/wp-content\/uploads\/2022\/04\/resize_5aad90930318363d14dad14a7a02707b-150x188.jpg 150w\" sizes=\"(max-width: 300px) 100vw, 300px\" \/>Bu g\u00fcn Az\u0259rbaycan A\u011fsaqqallar \u015euras\u0131 s\u0259drinin birinci m\u00fcavini, Az\u0259rbaycan Respublikas\u0131 Milli M\u0259clisinin S\u0259hiyy\u0259 komit\u0259sinin s\u0259dri, Milli Elml\u0259r Akademiyas\u0131n\u0131n h\u0259qiqi \u00fczv\u00fc \u018fhliman Tapd\u0131q o\u011flu \u018fmiraslanovun 74 ya\u015f\u0131 tamam olur. Bu m\u00fcnasib\u0259tl\u0259 Az\u0259rbaycan A\u011fsaqqallar \u015euras\u0131n\u0131n \u0130dar\u0259 Hey\u0259tinin \u00fczvl\u0259ri akademik\u0259 t\u0259brik \u00fcnvanlay\u0131blar:<\/strong><\/p>\n<p><strong>H\u00f6rm\u0259tli \u018fhliman m\u00fc\u0259llim!<\/strong><\/p>\n<p>Sizi \u2013 Az\u0259rbaycan A\u011fsaqqallar \u015euras\u0131 s\u0259drinin birinci m\u00fcavinini, tibb elminin g\u00f6rk\u0259mli n\u00fcmay\u0259nd\u0259sini, xalq\u0131m\u0131za l\u0259yaq\u0259tl\u0259 xidm\u0259t ed\u0259n tan\u0131nm\u0131\u015f mill\u0259t v\u0259kilini v\u0259 d\u0259y\u0259rli akademiki do\u011fma Az\u0259rbaycan\u0131m\u0131z\u0131n t\u0259r\u0259qqisin\u0259 h\u0259sr olunmu\u015f \u015f\u0259r\u0259fli \u00f6mr\u00fcn\u00fcz\u00fcn 74-c\u00fc \u0130ld\u00f6n\u00fcm\u00fc m\u00fcnasib\u0259til\u0259 s\u0259mimi q\u0259lbd\u0259n t\u0259brik edir, Siz\u0259 Allahdan uzun \u00f6m\u00fcr, m\u00f6hk\u0259m cansa\u011fl\u0131\u011f\u0131, sevinc dolu g\u00fcnl\u0259r v\u0259 \u0259min-amanl\u0131q arzulay\u0131r\u0131q!<\/p>\n<p>Siz Az\u0259rbaycan ziyal\u0131s\u0131n\u0131n \u0259n g\u00f6z\u0259l x\u00fcsusiyy\u0259tl\u0259rini \u00f6z\u00fcnd\u0259 c\u0259ml\u0259\u015fdir\u0259n, y\u00fcks\u0259k m\u0259n\u0259viyyata malik b\u00f6y\u00fck alim v\u0259 n\u00fcfuzlu \u015f\u0259xsiyy\u0259tsiniz. Respublikam\u0131z\u0131n ictimai-siyasi h\u0259yat\u0131nda f\u0259al i\u015ftirak ed\u0259r\u0259k h\u0259r zaman milli v\u0259 d\u00f6vl\u0259t maraqlar\u0131n\u0131 \u00fcst\u00fcn tutmu\u015f, xalqa v\u0259 ulu \u00f6nd\u0259r Heyd\u0259r \u018fliyevin siyasi kursuna sadiqlik n\u00fcmayi\u015f etdirmi\u015f, \u00f6lk\u0259 Prezidenti c\u0259nab \u0130lham \u018fliyevin V\u0259t\u0259nimizin inki\u015faf\u0131na, iqtisadi y\u00fcks\u0259li\u015fin\u0259 istiqam\u0259tl\u0259nmi\u015f u\u011furlu siyas\u0259tinin daim yan\u0131nda olmusunuz. Az\u0259rbaycan Tibb Universitetin\u0259 r\u0259hb\u0259rlik etdiyiniz d\u00f6vrd\u0259 bu qocaman elm v\u0259 t\u0259hsil oca\u011f\u0131 yeni inki\u015faf m\u0259rh\u0259l\u0259sin\u0259 q\u0259d\u0259m qoymu\u015f, t\u0259drisin keyfiyy\u0259tinin y\u00fcks\u0259ldilm\u0259si v\u0259 savadl\u0131 kadrlar\u0131n yeti\u015fdirilm\u0259si n\u0259tic\u0259sind\u0259 universitetin m\u00fcsb\u0259t imici formala\u015fm\u0131\u015fd\u0131r. Z\u0259ngin ictimai-siyasi v\u0259 pedaqoji f\u0259aliyy\u0259tiniz, tibb sah\u0259sind\u0259 apard\u0131\u011f\u0131n\u0131z \u00e7ox\u015fax\u0259li sanball\u0131 elmi-t\u0259dqiqat i\u015fl\u0259riniz v\u0259 \u0259ld\u0259 etdiyiniz u\u011furlu n\u0259tic\u0259l\u0259r Siz\u0259 d\u00fcnya \u015f\u00f6hr\u0259ti qazand\u0131rm\u0131\u015fd\u0131r. F\u0259dakar \u0259m\u0259yiniz Az\u0259rbaycanda v\u0259 xarici \u00f6lk\u0259l\u0259rd\u0259 d\u0259f\u0259l\u0259rl\u0259 y\u00fcks\u0259k t\u0259ltifl\u0259rl\u0259 &#8211; SSR\u0130 D\u00f6vl\u0259t m\u00fckafat\u0131, Az\u0259rbaycan\u0131n v\u0259 Da\u011f\u0131stan\u0131n \u018fm\u0259kdar Elm Xadimi, Amerika Bioqrafiya \u0130nstitutunun \u201cQ\u0131z\u0131l Heyk\u0259l\u201d m\u00fckafat\u0131, Rusiya v\u0259 Pol\u015fa Tibb Elml\u0259ri Akademiyalar\u0131n\u0131n q\u0131z\u0131l medallar\u0131, Az\u0259rbaycan Respublikas\u0131n\u0131n\u00a0 \u201c\u015e\u00f6hr\u0259t\u201d v\u0259 \u201c\u015e\u0259r\u0259f\u201d ordenl\u0259ri il\u0259,\u00a0 f\u0259xri adlarla, bir \u00e7ox medal, f\u0259xri f\u0259rman v\u0259 diplomlarla, onlarla dig\u0259r ali m\u00fckafatlarla qiym\u0259tl\u0259ndirilmi\u015fdir. Az\u0259rbaycan Milli Elml\u0259r Akademiyas\u0131n\u0131n v\u0259 bir s\u0131ra dig\u0259r \u00f6lk\u0259 Akademiyalar\u0131n\u0131n h\u0259qiqi \u00fczv\u00fc, Milli M\u0259clisinin S\u0259hiyy\u0259 komit\u0259sinin v\u0259 T\u00dcRKPA-n\u0131n s\u0259dri, Avropa \u00f6lk\u0259l\u0259ri Onkoloqlar Assosiasiyas\u0131n\u0131n, Amerika Kliniki Onkoloqlar C\u0259miyy\u0259tinin, UNESCO-nun Bioetika Komit\u0259si R\u0259yas\u0259t Hey\u0259tinin v\u0259 bir \u00e7ox ba\u015fqa beyn\u0259lxalq t\u0259\u015fkilatlar\u0131n \u00fczv\u00fc se\u00e7ilmisiniz.<\/p>\n<p>H\u00f6rm\u0259tli \u018fhliman m\u00fc\u0259llim!<\/p>\n<p>Siz g\u00f6rk\u0259mli mill\u0259t v\u0259kili v\u0259 d\u0259y\u0259rli a\u011fsaqqal kimi \u00f6lk\u0259mizin ictimai-siyasi h\u0259yat\u0131nda yax\u0131ndan i\u015ftirak\u0131n\u0131zla xalq\u0131m\u0131za bu g\u00fcn d\u0259 b\u00f6y\u00fck xidm\u0259tl\u0259r g\u00f6st\u0259rir, c\u0259miyy\u0259timizin sosial-iqtisadi inki\u015faf\u0131nda, g\u0259ncl\u0259rin V\u0259t\u0259n\u0259 m\u0259h\u0259bb\u0259t, milli-m\u0259n\u0259vi d\u0259y\u0259rl\u0259rimiz\u0259 v\u0259 ad\u0259t-\u0259n\u0259n\u0259l\u0259rimiz\u0259 h\u00f6rm\u0259t ruhunda t\u0259rbiy\u0259 edilm\u0259sind\u0259 v\u0259 maarifl\u0259nm\u0259sind\u0259 \u00fcz\u0259riniz\u0259 d\u00fc\u015f\u0259n v\u0259zif\u0259l\u0259ri layiqinc\u0259 yerin\u0259 yetirirsiniz. Sizin \u015f\u0259r\u0259fli h\u0259yat yolunuz v\u0259 f\u0259dakar \u0259m\u0259k f\u0259aliyy\u0259tiniz h\u0259r bir Az\u0259rbaycan v\u0259t\u0259nda\u015f\u0131, x\u00fcsusil\u0259 d\u0259 g\u0259nc n\u0259sil \u00fc\u00e7\u00fcn \u00f6rn\u0259k say\u0131la bil\u0259r.<\/p>\n<p>Bu xo\u015f f\u00fcrs\u0259td\u0259n istifad\u0259 ed\u0259r\u0259k bir daha Sizi ad g\u00fcn\u00fcn\u00fcz m\u00fcnasib\u0259til\u0259 \u00fcr\u0259kd\u0259n t\u0259brik edir, V\u0259t\u0259nimizin inki\u015faf\u0131 namin\u0259 \u00e7ox\u015fax\u0259li v\u0259 m\u0259suliyy\u0259tli f\u0259aliyy\u0259tinizd\u0259 yeni-yeni u\u011furlar dil\u0259yirik!<\/p>\n<p>Allah Sizi qorusun!<\/p>\n<p><strong>D\u0259rin h\u00f6rm\u0259t v\u0259 s\u0259mimiyy\u0259tl\u0259,<\/strong><\/p>\n<p><strong>Az\u0259rbaycan A\u011fsaqqallar \u015euras\u0131n\u0131n \u0130dar\u0259 Hey\u0259tinin<\/strong><\/p>\n<p><strong>\u00fczvl\u0259ri ad\u0131ndan \u015euran\u0131n s\u0259dri, mill\u0259t v\u0259kili\u00a0\u00a0\u00a0\u00a0\u00a0\u00a0\u00a0\u00a0\u00a0\u00a0\u00a0\u00a0\u00a0\u00a0\u00a0\u00a0\u00a0\u00a0\u00a0\u00a0\u00a0\u00a0\u00a0\u00a0\u00a0\u00a0\u00a0\u00a0\u00a0\u00a0\u00a0 Eldar QUL\u0130YEV<\/strong><\/p>\n","protected":false},"excerpt":{"rendered":"<p>Bu g\u00fcn Az\u0259rbaycan A\u011fsaqqallar \u015euras\u0131 s\u0259drinin birinci m\u00fcavini, Az\u0259rbaycan Respublikas\u0131 Milli M\u0259clisinin S\u0259hiyy\u0259 komit\u0259sinin s\u0259dri, Milli Elml\u0259r Akademiyas\u0131n\u0131n h\u0259qiqi \u00fczv\u00fc<\/p>\n","protected":false},"author":1,"featured_media":562,"comment_status":"open","ping_status":"open","sticky":false,"template":"","format":"standard","meta":{"cybocfi_hide_featured_image":"yes"},"categories":[24],"tags":[],"_links":{"self":[{"href":"https:\/\/agsaqqallarsurasi.az\/en\/wp-json\/wp\/v2\/posts\/561"}],"collection":[{"href":"https:\/\/agsaqqallarsurasi.az\/en\/wp-json\/wp\/v2\/posts"}],"about":[{"href":"https:\/\/agsaqqallarsurasi.az\/en\/wp-json\/wp\/v2\/types\/post"}],"author":[{"embeddable":true,"href":"https:\/\/agsaqqallarsurasi.az\/en\/wp-json\/wp\/v2\/users\/1"}],"replies":[{"embeddable":true,"href":"https:\/\/agsaqqallarsurasi.az\/en\/wp-json\/wp\/v2\/comments?post=561"}],"version-history":[{"count":1,"href":"https:\/\/agsaqqallarsurasi.az\/en\/wp-json\/wp\/v2\/posts\/561\/revisions"}],"predecessor-version":[{"id":563,"href":"https:\/\/agsaqqallarsurasi.az\/en\/wp-json\/wp\/v2\/posts\/561\/revisions\/563"}],"wp:featuredmedia":[{"embeddable":true,"href":"https:\/\/agsaqqallarsurasi.az\/en\/wp-json\/wp\/v2\/media\/562"}],"wp:attachment":[{"href":"https:\/\/agsaqqallarsurasi.az\/en\/wp-json\/wp\/v2\/media?parent=561"}],"wp:term":[{"taxonomy":"category","embeddable":true,"href":"https:\/\/agsaqqallarsurasi.az\/en\/wp-json\/wp\/v2\/categories?post=561"},{"taxonomy":"post_tag","embeddable":true,"href":"https:\/\/agsaqqallarsurasi.az\/en\/wp-json\/wp\/v2\/tags?post=561"}],"curies":[{"name":"wp","href":"https:\/\/api.w.org\/{rel}","templated":true}]}}