{"id":576,"date":"2021-12-08T19:54:14","date_gmt":"2021-12-08T15:54:14","guid":{"rendered":"https:\/\/agsaqqallarsurasi.az\/?p=576"},"modified":"2022-04-11T03:30:47","modified_gmt":"2022-04-10T23:30:47","slug":"az%c9%99rbaycan-regionda-iqtisadi-v%c9%99-h%c9%99rbi-c%c9%99h%c9%99td%c9%99n-%c9%99n-guclu-dovl%c9%99tdir","status":"publish","type":"post","link":"https:\/\/agsaqqallarsurasi.az\/en\/az%c9%99rbaycan-regionda-iqtisadi-v%c9%99-h%c9%99rbi-c%c9%99h%c9%99td%c9%99n-%c9%99n-guclu-dovl%c9%99tdir\/","title":{"rendered":"Az\u0259rbaycan regionda iqtisadi v\u0259 h\u0259rbi c\u0259h\u0259td\u0259n \u0259n g\u00fccl\u00fc d\u00f6vl\u0259tdir"},"content":{"rendered":"<p><img loading=\"lazy\" class=\"alignleft wp-image-577\" src=\"https:\/\/agsaqqallarsurasi.az\/wp-content\/uploads\/2022\/04\/thumbnail_08650e48ca709b22caec44f126da5aae.jpeg\" alt=\"\" width=\"400\" height=\"258\" srcset=\"https:\/\/agsaqqallarsurasi.az\/wp-content\/uploads\/2022\/04\/thumbnail_08650e48ca709b22caec44f126da5aae.jpeg 799w, https:\/\/agsaqqallarsurasi.az\/wp-content\/uploads\/2022\/04\/thumbnail_08650e48ca709b22caec44f126da5aae-300x194.jpeg 300w, https:\/\/agsaqqallarsurasi.az\/wp-content\/uploads\/2022\/04\/thumbnail_08650e48ca709b22caec44f126da5aae-768x496.jpeg 768w, https:\/\/agsaqqallarsurasi.az\/wp-content\/uploads\/2022\/04\/thumbnail_08650e48ca709b22caec44f126da5aae-600x387.jpeg 600w, https:\/\/agsaqqallarsurasi.az\/wp-content\/uploads\/2022\/04\/thumbnail_08650e48ca709b22caec44f126da5aae-150x97.jpeg 150w\" sizes=\"(max-width: 400px) 100vw, 400px\" \/>Bu fikri Az\u0259rbaycan A\u011fsaqqallar \u015euras\u0131n\u0131n s\u0259dri, mill\u0259t v\u0259kili, professor Eldar Quliyev \u015eurada ke\u00e7iril\u0259n iclas zaman\u0131 s\u0259sl\u0259ndirib.<\/p>\n<p>Dekabr\u0131n 8-d\u0259 Eldar Quliyevin i\u015ftirak\u0131 il\u0259 ke\u00e7iril\u0259n toplant\u0131da s\u0259drin birinci m\u00fcavini, deputat, akademik \u018fhliman \u018fmiraslanov, m\u00fcavinl\u0259r \u2013 deputat Eldar \u0130brahimov, Elmira S\u00fcleymanova, Bayram Yusifov, Tahir S\u00fcleymanov, Vahid Novruzov, \u00a0h\u0259m\u00e7inin \u00f6lk\u0259mizin bir s\u0131ra rayonlar\u0131n\u0131n A\u011fsaqallar \u015euralar\u0131n\u0131n s\u0259drl\u0259ri, o c\u00fcml\u0259d\u0259n \u015euran\u0131n Aparat r\u0259hb\u0259ri Ramin H\u0259s\u0259nli, b\u00f6y\u00fck m\u0259sl\u0259h\u0259t\u00e7i-h\u00fcquq\u015f\u00fcnas Kamal \u018fliyev v\u0259 m\u0259tbuat katibi Rafiq Rzayev i\u015ftirak edibl\u0259r.<\/p>\n<p>\u0130clasda V\u0259t\u0259n u\u011frunda canlar\u0131ndan ke\u00e7\u0259n \u015f\u0259hidl\u0259rimizin v\u0259 ulu \u00f6nd\u0259r Heyd\u0259r \u018fliyevin xatir\u0259si bir d\u0259qiq\u0259lik s\u00fckutla yad edildikd\u0259n sonra \u00e7\u0131x\u0131\u015f ed\u0259n Eldar Quliyev t\u0259dbir i\u015ftirak\u00e7\u0131lar\u0131n\u0131 salamlay\u0131b v\u0259 h\u0259l\u0259 d\u0259 davam ed\u0259n pandemiya s\u0259b\u0259bind\u0259n bu c\u00fcr toplant\u0131lar\u0131n az-az ke\u00e7irildiyini t\u0259\u0259ss\u00fcfl\u0259 qeyd edib. XXI \u0259srin b\u0259las\u0131 hesab edil\u0259n koronovirus pandemiyas\u0131na qar\u015f\u0131 d\u00f6vl\u0259timiz t\u0259r\u0259find\u0259n t\u0259sirli t\u0259dbirl\u0259rin g\u00f6r\u00fcld\u00fcy\u00fcn\u00fc xat\u0131rladan Eldar Quliyev bu x\u0259st\u0259liy\u0259 qar\u015f\u0131 m\u00fcbariz\u0259nin apar\u0131lmas\u0131 istiqam\u0259tind\u0259 h\u0259yata ke\u00e7iril\u0259n i\u015fl\u0259rd\u0259 a\u011fsaqqallar\u0131n da yax\u0131ndan \u00a0i\u015ftirak\u0131n\u0131n z\u0259ruri oldu\u011funu vur\u011fulay\u0131b. O, bununla \u0259laq\u0259dar \u0259hali aras\u0131nda maarifl\u0259ndirm\u0259 i\u015finin apar\u0131lmas\u0131n\u0131n, \u00a0karantin rejiminin b\u00fct\u00fcn qaydalar\u0131na \u0259m\u0259l etm\u0259kl\u0259 yana\u015f\u0131, pandemiyan\u0131n qar\u015f\u0131s\u0131n\u0131n al\u0131nmas\u0131n\u0131n yaln\u0131z vaksinasiya vasit\u0259sil\u0259 m\u00fcmk\u00fcnl\u00fcy\u00fcn\u00fcn t\u0259bli\u011f olunmas\u0131n\u0131n\u00a0 b\u00f6y\u00fck \u0259h\u0259miyy\u0259t da\u015f\u0131d\u0131\u011f\u0131n\u0131 qeyd edib. Daha sonra m\u00fcz\u0259ff\u0259r Ali Ba\u015f Komandan \u0130lham \u018fliyevin ba\u015f\u00e7\u0131l\u0131\u011f\u0131 alt\u0131nda r\u0259\u015fad\u0259tli Ordumuzun qazand\u0131\u011f\u0131 m\u00f6ht\u0259\u015f\u0259m Z\u0259f\u0259rd\u0259n b\u0259hs ed\u0259n Eldar Quliyev i\u015f\u011faldan azad olunmu\u015f torpaqlar\u0131m\u0131z\u0131n minalardan t\u0259mizl\u0259ndiyini v\u0259 paralel olaraq orada h\u0259rt\u0259r\u0259fli quruculuq i\u015fl\u0259rinin getdiyini t\u0259dbir i\u015ftirak\u00e7\u0131lar\u0131n\u0131n diqq\u0259tin\u0259 \u00e7atd\u0131r\u0131b. Qazan\u0131lan \u015fanl\u0131 Q\u0259l\u0259b\u0259 v\u0259 \u00a0h\u0259min \u0259razil\u0259rd\u0259 ged\u0259n b\u00f6y\u00fck i\u015fl\u0259r bir daha g\u00f6st\u0259rdi ki, Az\u0259rbaycan regionda iqtisadi v\u0259 h\u0259rbi c\u0259h\u0259td\u0259n \u0259n g\u00fccl\u00fc d\u00f6vl\u0259tdir. Erk\u0259n nikahlar\u0131n h\u0259l\u0259 d\u0259 davam etm\u0259si, bo\u015fanmalar\u0131n say\u0131n\u0131n artmas\u0131 v\u0259 bu kimi dig\u0259r probleml\u0259r\u0259 toxunan natiq bu sah\u0259d\u0259\u00a0 a\u011fsaqqallar\u0131n \u00fcz\u0259rin\u0259 ciddi v\u0259zif\u0259l\u0259rin\u00a0 d\u00fc\u015fd\u00fcy\u00fcn\u00fc bildirib. O qeyd edib ki, a\u011fsaqqallar g\u0259ncl\u0259rl\u0259, onlar\u0131n valideynl\u0259ri il\u0259 s\u00f6hb\u0259tl\u0259r aparmal\u0131, bu probleml\u0259rin h\u0259ll edilm\u0259si \u00fc\u00e7\u00fcn \u0259ll\u0259rind\u0259n g\u0259l\u0259ni \u0259sirg\u0259m\u0259m\u0259lidirl\u0259r.<\/p>\n<p>Az\u0259rbaycan A\u011fsaqqallar \u015euras\u0131 s\u0259drinin birinci m\u00fcavini, mill\u0259t v\u0259kili, akademik \u018fhliman \u018fmiraslanov da t\u0259dbir i\u015ftirak\u015f\u0131lar\u0131n\u0131 salamlayaraq, onlar\u0131 qar\u015f\u0131dan g\u0259l\u0259n bayramlar \u2013 D\u00fcnya Az\u0259rbaycanl\u0131lar\u0131n\u0131n H\u0259mr\u0259ylik G\u00fcn\u00fc v\u0259 Yeni il m\u00fcnasib\u0259til\u0259 t\u0259brik edib. O, \u00f6z \u00e7\u0131x\u0131\u015f\u0131nda, \u0259sas\u0259n, a\u011fsaqqallar\u0131n qar\u015f\u0131s\u0131nda duran v\u0259zif\u0259l\u0259r\u0259 toxunaraq, \u00a0rayonlarda g\u0259ncl\u0259rl\u0259 i\u015fin daha effektiv t\u0259\u015fkil edilm\u0259sinin, onlar\u0131 Az\u0259rbaycan\u0131 sevm\u0259y\u0259n q\u00fcvv\u0259l\u0259rin t\u0259siri alt\u0131na d\u00fc\u015fm\u0259kd\u0259n qoruma\u011f\u0131n vacib m\u0259s\u0259l\u0259 oldu\u011funu vur\u011fulay\u0131b. \u00d6t\u0259n \u0259srin 90-c\u0131 ill\u0259rinin \u0259vv\u0259ll\u0259rind\u0259 Az\u0259rbaycan\u0131n hans\u0131 v\u0259ziyy\u0259td\u0259 oldu\u011funu xat\u0131rladan \u018fhliman \u018fmiraslanov \u00f6lk\u0259mizi h\u0259min xaos v\u0259 probleml\u0259rd\u0259n dahi r\u0259hb\u0259rimiz, ulu \u00f6nd\u0259r Heyd\u0259r \u018fliyevin xilas etdiyini bildirib. Qeyd edib ki, bu g\u00fcn \u00fcmummilli lider Heyd\u0259r \u018fliyevin i\u015f\u0131ql\u0131 yolunu Az\u0259rbaycan Respublikas\u0131n\u0131n Prezidenti c\u0259nab \u0130lham \u018fliyev b\u00f6y\u00fck u\u011furla davam etdirir. Daha sonra \u00f6lk\u0259mizd\u0259 h\u0259yata ke\u00e7iril\u0259n m\u00fct\u0259r\u0259qqi i\u015fl\u0259rd\u0259n b\u0259hs ed\u0259n natiq vur\u011fulay\u0131b ki, 2022-ci ilin b\u00fcdc\u0259si yen\u0259 d\u0259 sosial y\u00f6n\u00fcml\u00fcd\u00fcr, t\u0259qa\u00fcdl\u0259r v\u0259 \u0259m\u0259k haqlar\u0131 art\u0131r\u0131lacad\u0131r. B\u00fct\u00fcn bunlar \u00a0bir daha onu g\u00f6st\u0259rir ki, d\u00f6vl\u0259t ba\u015f\u00e7\u0131s\u0131 \u00fc\u00e7\u00fcn ba\u015fl\u0131ca, \u00a0\u00a0prioritet m\u0259s\u0259l\u0259 v\u0259t\u0259nda\u015flar\u0131m\u0131z\u0131n rifah hal\u0131d\u0131r.<\/p>\n<p>Sonra \u00e7\u0131x\u0131\u015f ed\u0259n Az\u0259rbaycan A\u011fsaqqallar \u015euras\u0131 s\u0259drinin\u00a0 m\u00fcavini, mill\u0259t v\u0259kili Eldar \u0130brahimov \u015f\u0259hid ail\u0259l\u0259rin\u0259 v\u0259 qazil\u0259r\u0259 d\u00f6vl\u0259timiz t\u0259r\u0259find\u0259n g\u00f6st\u0259ril\u0259n diqq\u0259t v\u0259 qay\u011f\u0131n\u0131 y\u00fcks\u0259k qiym\u0259tl\u0259ndirib. Qeyd edib ki, biz a\u011fsaqqallar \u00a0da, \u00f6z n\u00f6vb\u0259mizd\u0259, bu i\u015fl\u0259rd\u0259 d\u00f6vl\u0259t\u0259 d\u0259st\u0259k olmal\u0131, \u015f\u0259hid ail\u0259l\u0259ri, \u0259lill\u0259r, qazil\u0259r v\u0259 Qaraba\u011f m\u00fcharib\u0259sind\u0259 x\u00fcsusi xidm\u0259tl\u0259ri olan \u015f\u0259xsl\u0259rl\u0259 g\u00f6r\u00fc\u015fl\u0259rin t\u0259\u015fkil edilm\u0259sini, onlara v\u0259 ehtiyac\u0131 olan dig\u0259r insanlara m\u0259n\u0259vi v\u0259 maddi d\u0259st\u0259yin g\u00f6st\u0259rilm\u0259sini h\u0259r zaman b\u00f6y\u00fck \u0259h\u0259miyy\u0259t\u0259 malik olan \u00a0bir m\u0259s\u0259l\u0259 kimi unutmamal\u0131y\u0131q. Eldar \u0130brahimov da g\u0259ncl\u0259rl\u0259 apar\u0131lan i\u015fl\u0259rin intensivl\u0259\u015fdirilm\u0259sind\u0259n dan\u0131\u015faraq bu sah\u0259d\u0259, x\u00fcsusil\u0259 rayonlarda t\u0259sirli \u00a0f\u0259aliyy\u0259t proqram\u0131n\u0131n h\u0259yata ke\u00e7irilm\u0259sinin vacibliyini vur\u011fulay\u0131b.<\/p>\n<p>T\u0259dbird\u0259 \u00e7\u0131x\u0131\u015f ed\u0259n rayon s\u0259drl\u0259ri \u00f6z f\u0259aliyy\u0259tl\u0259rind\u0259n v\u0259 g\u0259l\u0259c\u0259kd\u0259 g\u00f6r\u00fcl\u0259c\u0259k i\u015fl\u0259rd\u0259n b\u0259hs ed\u0259r\u0259k m\u00fcz\u0259ff\u0259r Ali Ba\u015f Komandan, Az\u0259rbaycan Respublikas\u0131n\u0131n Prezidenti c\u0259nab \u0130lham \u018fliyevin \u0259traf\u0131nda daha s\u0131x birl\u0259\u015fdikl\u0259rini, onun u\u011furlu daxili v\u0259 xarici siyas\u0259tini h\u0259r zaman t\u0259bli\u011f etdikl\u0259rini bildiribl\u0259r. Qeyd edibl\u0259r ki, rayonlarda \u015f\u0259hid ail\u0259l\u0259ri, qazil\u0259r h\u0259mi\u015f\u0259 diqq\u0259t m\u0259rk\u0259zind\u0259dirl\u0259r v\u0259 a\u011fsaqqallar da bu i\u015fl\u0259rd\u0259 yax\u0131ndan i\u015ftirak edirl\u0259r. \u00d6lk\u0259mizin ictimai-siyasi v\u0259 m\u0259d\u0259ni h\u0259yat\u0131nda daim f\u0259all\u0131q g\u00f6st\u0259r\u0259n, sosial-iqtisadi inki\u015fafda m\u00fch\u00fcm xidm\u0259tl\u0259ri olan a\u011fsaqqallar, rayon s\u0259drl\u0259ri g\u0259l\u0259c\u0259kd\u0259 \u00f6z f\u0259aliyy\u0259tl\u0259rini daha da art\u0131rmaq \u0259zmind\u0259 olduqlar\u0131n\u0131 \u00a0diqq\u0259t\u0259 \u00e7atd\u0131r\u0131blar.<\/p>\n<p>Daha sonra Az\u0259rbaycan A\u011fsaqqallar \u015euras\u0131n\u0131n s\u0259dri, mill\u0259t v\u0259kili Eldar Quliyev b\u00fct\u00fcn t\u0259dbir i\u015ftirak\u00e7\u0131lar\u0131na \u00f6z t\u0259\u015f\u0259kk\u00fcr\u00fcn\u00fc bildir\u0259r\u0259k vur\u011fulay\u0131b ki, art\u0131q n\u00f6vb\u0259ti il \u00fc\u00e7\u00fcn Az\u0259rbaycan A\u011fsaqqallar \u015euras\u0131n\u0131n ideoloji f\u0259aliyy\u0259t istiqam\u0259tl\u0259rini \u0259hat\u0259 ed\u0259n y\u00fcks\u0259k s\u0259viyy\u0259li proqram\u00a0 haz\u0131rlan\u0131b. O, n\u00f6vb\u0259ti ill\u0259rd\u0259 Az\u0259rbaycan A\u011fsaqqallar \u015euras\u0131n\u0131n v\u0259 onun yerli t\u0259\u015fkilatlar\u0131n\u0131n daha s\u0259m\u0259r\u0259li f\u0259aliyy\u0259t g\u00f6st\u0259r\u0259c\u0259yin\u0259 \u0259minliyini ifad\u0259 ed\u0259r\u0259k , a\u011fsaqqallar\u0131n h\u0259r zaman d\u00f6vl\u0259t ba\u015f\u00e7\u0131s\u0131 c\u0259nab \u0130lham \u018fliyev\u0259 v\u0259 Az\u0259rbaycan Respublikas\u0131n\u0131n Birinci vitse-prezidenti Mehriban xan\u0131m \u018fliyevaya h\u0259yata ke\u00e7irdikl\u0259ri b\u00f6y\u00fck i\u015fl\u0259rd\u0259 d\u0259st\u0259k olacaqlar\u0131n\u0131 bildirib.<\/p>\n<p>Sonda Eldar Quliyev \u015eirvan \u015e\u0259h\u0259r A\u011fsaqqallar \u015euras\u0131n\u0131n s\u0259dri F\u0259xr\u0259ddin R\u0259himova xatir\u0259 h\u0259diyy\u0259si t\u0259qdim ed\u0259r\u0259k onu 70 illik yubileyi m\u00fcnasib\u0259til\u0259 t\u0259brik edib v\u0259 t\u0259dbird\u0259 i\u015ftirak ed\u0259n b\u00fct\u00fcn rayon s\u0259drl\u0259rin\u0259 yeni v\u0259siq\u0259l\u0259r t\u0259qdim ed\u0259r\u0259k, onlara g\u0259l\u0259c\u0259k f\u0259aliyy\u0259tl\u0259rind\u0259 u\u011furlar arzulay\u0131b.<\/p>\n<div>\n<div>\n<div class=\"addthis_toolbox addthis_default_style \">\n<div class=\"fb-like fb_iframe_widget\" data-layout=\"button_count\" data-show_faces=\"false\" data-share=\"false\" data-action=\"like\" data-width=\"90\" data-height=\"25\" data-font=\"arial\" data-href=\"https:\/\/agsaqqallarsurasi.az\/?lang=aze&amp;page=740&amp;newsId=117463\" data-send=\"false\"><\/div>\n<\/div>\n<\/div>\n<\/div>\n","protected":false},"excerpt":{"rendered":"<p>Bu fikri Az\u0259rbaycan A\u011fsaqqallar \u015euras\u0131n\u0131n s\u0259dri, mill\u0259t v\u0259kili, professor Eldar Quliyev \u015eurada ke\u00e7iril\u0259n iclas zaman\u0131 s\u0259sl\u0259ndirib. Dekabr\u0131n 8-d\u0259 Eldar Quliyevin<\/p>\n","protected":false},"author":1,"featured_media":577,"comment_status":"open","ping_status":"open","sticky":false,"template":"","format":"standard","meta":{"cybocfi_hide_featured_image":"yes"},"categories":[24],"tags":[],"_links":{"self":[{"href":"https:\/\/agsaqqallarsurasi.az\/en\/wp-json\/wp\/v2\/posts\/576"}],"collection":[{"href":"https:\/\/agsaqqallarsurasi.az\/en\/wp-json\/wp\/v2\/posts"}],"about":[{"href":"https:\/\/agsaqqallarsurasi.az\/en\/wp-json\/wp\/v2\/types\/post"}],"author":[{"embeddable":true,"href":"https:\/\/agsaqqallarsurasi.az\/en\/wp-json\/wp\/v2\/users\/1"}],"replies":[{"embeddable":true,"href":"https:\/\/agsaqqallarsurasi.az\/en\/wp-json\/wp\/v2\/comments?post=576"}],"version-history":[{"count":1,"href":"https:\/\/agsaqqallarsurasi.az\/en\/wp-json\/wp\/v2\/posts\/576\/revisions"}],"predecessor-version":[{"id":578,"href":"https:\/\/agsaqqallarsurasi.az\/en\/wp-json\/wp\/v2\/posts\/576\/revisions\/578"}],"wp:featuredmedia":[{"embeddable":true,"href":"https:\/\/agsaqqallarsurasi.az\/en\/wp-json\/wp\/v2\/media\/577"}],"wp:attachment":[{"href":"https:\/\/agsaqqallarsurasi.az\/en\/wp-json\/wp\/v2\/media?parent=576"}],"wp:term":[{"taxonomy":"category","embeddable":true,"href":"https:\/\/agsaqqallarsurasi.az\/en\/wp-json\/wp\/v2\/categories?post=576"},{"taxonomy":"post_tag","embeddable":true,"href":"https:\/\/agsaqqallarsurasi.az\/en\/wp-json\/wp\/v2\/tags?post=576"}],"curies":[{"name":"wp","href":"https:\/\/api.w.org\/{rel}","templated":true}]}}