{"id":579,"date":"2021-12-11T18:26:55","date_gmt":"2021-12-11T14:26:55","guid":{"rendered":"https:\/\/agsaqqallarsurasi.az\/?p=579"},"modified":"2022-04-11T03:32:16","modified_gmt":"2022-04-10T23:32:16","slug":"az%c9%99rbaycan-agsaqqallar-surasinin-uzvl%c9%99ri-umummilli-lider-heyd%c9%99r-%c9%99liyevin-m%c9%99zarini-ziyar%c9%99t-edibl%c9%99r","status":"publish","type":"post","link":"https:\/\/agsaqqallarsurasi.az\/en\/az%c9%99rbaycan-agsaqqallar-surasinin-uzvl%c9%99ri-umummilli-lider-heyd%c9%99r-%c9%99liyevin-m%c9%99zarini-ziyar%c9%99t-edibl%c9%99r\/","title":{"rendered":"Az\u0259rbaycan A\u011fsaqqallar \u015euras\u0131n\u0131n \u00fczvl\u0259ri \u00fcmummilli lider Heyd\u0259r \u018fliyevin m\u0259zar\u0131n\u0131 ziyar\u0259t edibl\u0259r"},"content":{"rendered":"<p><img loading=\"lazy\" class=\"alignleft wp-image-580\" src=\"https:\/\/agsaqqallarsurasi.az\/wp-content\/uploads\/2022\/04\/thumbnail_43d202ee6bcd79cb18742ce19c7fba41.jpeg\" alt=\"\" width=\"400\" height=\"258\" srcset=\"https:\/\/agsaqqallarsurasi.az\/wp-content\/uploads\/2022\/04\/thumbnail_43d202ee6bcd79cb18742ce19c7fba41.jpeg 799w, https:\/\/agsaqqallarsurasi.az\/wp-content\/uploads\/2022\/04\/thumbnail_43d202ee6bcd79cb18742ce19c7fba41-300x194.jpeg 300w, https:\/\/agsaqqallarsurasi.az\/wp-content\/uploads\/2022\/04\/thumbnail_43d202ee6bcd79cb18742ce19c7fba41-768x496.jpeg 768w, https:\/\/agsaqqallarsurasi.az\/wp-content\/uploads\/2022\/04\/thumbnail_43d202ee6bcd79cb18742ce19c7fba41-600x387.jpeg 600w, https:\/\/agsaqqallarsurasi.az\/wp-content\/uploads\/2022\/04\/thumbnail_43d202ee6bcd79cb18742ce19c7fba41-150x97.jpeg 150w\" sizes=\"(max-width: 400px) 100vw, 400px\" \/>Az\u0259rbaycan A\u011fsaqqallar \u015euras\u0131n\u0131n \u00fczvl\u0259ri An\u0131m g\u00fcn\u00fc il\u0259 \u0259laq\u0259dar F\u0259xri Xiyabanda \u00fcmummilli lider Heyd\u0259r \u018fliyevin m\u0259zar\u0131n\u0131 ziyar\u0259t edibl\u0259r.<\/p>\n<p>Dekabr\u0131n 11-d\u0259 Az\u0259rbaycan A\u011fsaqqallar \u015euras\u0131n\u0131n s\u0259dri, Milli M\u0259clisin deputat\u0131 Eldar Quliyev, s\u0259drin birinci m\u00fcavini, deputat \u018fhliman \u018fmiraslanov, s\u0259dr m\u00fcavinl\u0259ri \u2013 deputat Eldar \u0130brahimov, Elmira S\u00fcleymanova, Bayram Yusifov, Tahir S\u00fcleymanov, Vahid Novruzov, h\u0259m\u00e7inin \u0130dar\u0259 Hey\u0259tinin \u00fczvl\u0259ri Arif H\u0259\u015fimov, Misir M\u0259rdanov, Akif R\u0259fiyev, \u0130brahim Quliyev, o c\u00fcml\u0259d\u0259n t\u0259\u015fkilat\u0131n Aparat r\u0259hb\u0259ri Ramin H\u0259s\u0259nli, b\u00f6y\u00fck m\u0259sl\u0259h\u0259t\u00e7i-h\u00fcquq\u015f\u00fcnas Kamal \u018fliyev v\u0259 \u00a0\u015euran\u0131n dig\u0259r \u00fczvl\u0259ri ulu \u00f6nd\u0259r Heyd\u0259r \u018fliyevin An\u0131m g\u00fcn\u00fc il\u0259 \u0259laq\u0259dar F\u0259xri Xiyabanda \u00dcmummilli Liderin m\u0259zar\u0131n\u0131 ziyar\u0259t edib, \u00f6n\u00fcn\u0259 g\u00fcl d\u0259st\u0259l\u0259ri qoyublar.<\/p>\n<p>G\u00f6rk\u0259mli oftalmoloq-alim, akademik Z\u0259rif\u0259 xan\u0131m \u018fliyevan\u0131n da xatir\u0259si an\u0131l\u0131b, m\u0259zar\u0131 \u00fcz\u0259rin\u0259 t\u0259r \u00e7i\u00e7\u0259kl\u0259r d\u00fcz\u00fcl\u00fcb.<\/p>\n<p>Respublika A\u011fsaqqallar \u015euras\u0131n\u0131n s\u0259dri, mill\u0259t v\u0259kili, professor Eldar Quliyev ulu \u00f6nd\u0259r Heyd\u0259r \u018fliyevin Az\u0259rbaycan xalq\u0131n\u0131n v\u0259 d\u00f6vl\u0259tinin taleyind\u0259ki unudulmaz rolundan, milli v\u0259 d\u00f6vl\u0259t\u00e7ilik maraqlar\u0131na xidm\u0259t ed\u0259n z\u0259ngin f\u0259aliyy\u0259tind\u0259n b\u0259hs edib. S\u0259dr bildirib ki, xalq\u0131m\u0131z h\u0259r zaman \u00fcmummilli lider Heyd\u0259r \u018fliyev m\u0259kt\u0259bind\u0259n, z\u0259ngin irsind\u0259n b\u0259hr\u0259l\u0259n\u0259c\u0259k v\u0259 dahi r\u0259hb\u0259rin ideyalar\u0131 \u0259sas\u0131nda onun yolunu u\u011furla davam etdir\u0259n Az\u0259rbaycan Respublikas\u0131n\u0131n Prezidenti c\u0259nab \u0130lham \u018fliyevin ba\u015f\u00e7\u0131l\u0131\u011f\u0131 alt\u0131nda daha b\u00f6y\u00fck z\u0259f\u0259rl\u0259r qazanacaqd\u0131r. Eldar Quliyev Birinci vitse-prezident \u00a0Mehriban xan\u0131m \u018fliyevan\u0131n r\u0259hb\u0259rliyi il\u0259 Heyd\u0259r \u018fliyev Fondunun geni\u015f diapazonlu f\u0259aliyy\u0259tind\u0259n d\u0259 dan\u0131\u015faraq, h\u0259min t\u0259\u015fkilat t\u0259r\u0259find\u0259n bir \u00e7ox sosialy\u00f6n\u00fcml\u00fc\u00a0 proqram v\u0259 layih\u0259l\u0259rin u\u011furla h\u0259yata ke\u00e7irildiyini vur\u011fulay\u0131b.<\/p>\n","protected":false},"excerpt":{"rendered":"<p>Az\u0259rbaycan A\u011fsaqqallar \u015euras\u0131n\u0131n \u00fczvl\u0259ri An\u0131m g\u00fcn\u00fc il\u0259 \u0259laq\u0259dar F\u0259xri Xiyabanda \u00fcmummilli lider Heyd\u0259r \u018fliyevin m\u0259zar\u0131n\u0131 ziyar\u0259t edibl\u0259r. Dekabr\u0131n 11-d\u0259 Az\u0259rbaycan<\/p>\n","protected":false},"author":1,"featured_media":580,"comment_status":"open","ping_status":"open","sticky":false,"template":"","format":"standard","meta":{"cybocfi_hide_featured_image":"yes"},"categories":[24],"tags":[],"_links":{"self":[{"href":"https:\/\/agsaqqallarsurasi.az\/en\/wp-json\/wp\/v2\/posts\/579"}],"collection":[{"href":"https:\/\/agsaqqallarsurasi.az\/en\/wp-json\/wp\/v2\/posts"}],"about":[{"href":"https:\/\/agsaqqallarsurasi.az\/en\/wp-json\/wp\/v2\/types\/post"}],"author":[{"embeddable":true,"href":"https:\/\/agsaqqallarsurasi.az\/en\/wp-json\/wp\/v2\/users\/1"}],"replies":[{"embeddable":true,"href":"https:\/\/agsaqqallarsurasi.az\/en\/wp-json\/wp\/v2\/comments?post=579"}],"version-history":[{"count":1,"href":"https:\/\/agsaqqallarsurasi.az\/en\/wp-json\/wp\/v2\/posts\/579\/revisions"}],"predecessor-version":[{"id":581,"href":"https:\/\/agsaqqallarsurasi.az\/en\/wp-json\/wp\/v2\/posts\/579\/revisions\/581"}],"wp:featuredmedia":[{"embeddable":true,"href":"https:\/\/agsaqqallarsurasi.az\/en\/wp-json\/wp\/v2\/media\/580"}],"wp:attachment":[{"href":"https:\/\/agsaqqallarsurasi.az\/en\/wp-json\/wp\/v2\/media?parent=579"}],"wp:term":[{"taxonomy":"category","embeddable":true,"href":"https:\/\/agsaqqallarsurasi.az\/en\/wp-json\/wp\/v2\/categories?post=579"},{"taxonomy":"post_tag","embeddable":true,"href":"https:\/\/agsaqqallarsurasi.az\/en\/wp-json\/wp\/v2\/tags?post=579"}],"curies":[{"name":"wp","href":"https:\/\/api.w.org\/{rel}","templated":true}]}}