{"id":606,"date":"2022-02-11T14:00:44","date_gmt":"2022-02-11T10:00:44","guid":{"rendered":"https:\/\/agsaqqallarsurasi.az\/?p=606"},"modified":"2022-04-11T03:51:58","modified_gmt":"2022-04-10T23:51:58","slug":"az%c9%99rbaycan-agsaqqallar-surasinda-n%c9%99sill%c9%99rin-dialoqu-adli-gorus-kecirilib","status":"publish","type":"post","link":"https:\/\/agsaqqallarsurasi.az\/en\/az%c9%99rbaycan-agsaqqallar-surasinda-n%c9%99sill%c9%99rin-dialoqu-adli-gorus-kecirilib\/","title":{"rendered":"Az\u0259rbaycan A\u011fsaqqallar \u015euras\u0131nda \u201cN\u0259sill\u0259rin dialoqu\u201d adl\u0131 g\u00f6r\u00fc\u015f ke\u00e7irilib"},"content":{"rendered":"<p><img loading=\"lazy\" class=\"alignleft wp-image-607\" src=\"https:\/\/agsaqqallarsurasi.az\/wp-content\/uploads\/2022\/04\/thumbnail_1ef64b453cf79a2b7a892bc4fc2b0619.jpg\" alt=\"\" width=\"400\" height=\"258\" srcset=\"https:\/\/agsaqqallarsurasi.az\/wp-content\/uploads\/2022\/04\/thumbnail_1ef64b453cf79a2b7a892bc4fc2b0619.jpg 800w, https:\/\/agsaqqallarsurasi.az\/wp-content\/uploads\/2022\/04\/thumbnail_1ef64b453cf79a2b7a892bc4fc2b0619-300x194.jpg 300w, https:\/\/agsaqqallarsurasi.az\/wp-content\/uploads\/2022\/04\/thumbnail_1ef64b453cf79a2b7a892bc4fc2b0619-768x495.jpg 768w, https:\/\/agsaqqallarsurasi.az\/wp-content\/uploads\/2022\/04\/thumbnail_1ef64b453cf79a2b7a892bc4fc2b0619-600x387.jpg 600w, https:\/\/agsaqqallarsurasi.az\/wp-content\/uploads\/2022\/04\/thumbnail_1ef64b453cf79a2b7a892bc4fc2b0619-150x97.jpg 150w\" sizes=\"(max-width: 400px) 100vw, 400px\" \/>Fevral\u0131n 11-d\u0259 Az\u0259rbaycan A\u011fsaqqallar \u015euras\u0131n\u0131n t\u0259\u015f\u0259bb\u00fcs\u00fc il\u0259 g\u0259ncl\u0259rl\u0259 \u201cN\u0259sill\u0259rin dialoqu\u201d adl\u0131 g\u00f6r\u00fc\u015f ke\u00e7irilib.<\/p>\n<p>\u018fvv\u0259lc\u0259 t\u0259dbir i\u015ftirak\u00e7\u0131lar\u0131 Az\u0259rbaycan\u0131n \u0259razi b\u00fct\u00f6vl\u00fcy\u00fc u\u011frunda m\u00fcbariz\u0259d\u0259 canlar\u0131n\u0131 qurban vermi\u015f q\u0259hr\u0259man V\u0259t\u0259n \u00f6vladlar\u0131n\u0131n \u0259ziz xatir\u0259sini bir d\u0259qiq\u0259lik s\u00fckutla yad edibl\u0259r.<\/p>\n<p>T\u0259dbird\u0259 \u00e7\u0131x\u0131\u015f ed\u0259n Az\u0259rbaycan A\u011fsaqqallar \u015euras\u0131n\u0131n s\u0259dri, Milli M\u0259clisin deputat\u0131, professor Eldar Quliyev ulu \u00f6nd\u0259r Heyd\u0259r \u018fliyevin g\u0259nc n\u0259sl\u0259 g\u00f6st\u0259rdiyi y\u00fcks\u0259k diqq\u0259t v\u0259 qay\u011f\u0131n\u0131n bu g\u00fcn Prezident \u0130lham \u018fliyev t\u0259r\u0259find\u0259n u\u011furla davam etdirildiyini bildirib. Diqq\u0259t\u0259 \u00e7atd\u0131r\u0131l\u0131b ki, M\u00fcz\u0259ff\u0259r Ali Ba\u015f Komandanla r\u0259\u015fad\u0259tli Ordumuzun v\u0259 xalq\u0131m\u0131z\u0131n birliyi say\u0259sind\u0259 V\u0259t\u0259n m\u00fcharib\u0259sind\u0259 m\u00f6ht\u0259\u015f\u0259m Z\u0259f\u0259r qazan\u0131l\u0131b. \u0130kinci Qaraba\u011f m\u00fcharib\u0259sind\u0259 igidlik g\u00f6st\u0259rib tarix yazan, m\u00f6ht\u0259\u015f\u0259m Q\u0259l\u0259b\u0259 qazanan m\u0259rd \u00f6vladlar\u0131m\u0131z respublikam\u0131zda apar\u0131lan u\u011furlu g\u0259ncl\u0259r siyas\u0259tinin bariz t\u0259c\u0259ss\u00fcm\u00fcd\u00fcr. G\u0259ncl\u0259rimizi milli-m\u0259n\u0259vi d\u0259y\u0259rl\u0259rimiz\u0259 h\u00f6rm\u0259t v\u0259 v\u0259t\u0259np\u0259rv\u0259rlik ruhunda yeti\u015fdirm\u0259yin vacib oldu\u011funu diqq\u0259t\u0259 \u00e7atd\u0131ran \u015eura s\u0259dri bildirib ki, x\u00fcsusil\u0259 g\u0259nc n\u0259sli sosial \u015f\u0259b\u0259k\u0259l\u0259rd\u0259ki m\u0259nfi t\u0259sirl\u0259rd\u0259n qorumaq \u00fc\u00e7\u00fcn a\u011fsaqqallar\u0131n f\u0259aliyy\u0259tini daha da g\u00fccl\u0259ndirm\u0259k laz\u0131md\u0131r. T\u0259dris m\u00fc\u0259ssis\u0259l\u0259rind\u0259 ba\u015f ver\u0259n m\u0259nfi hallara, g\u0259nc n\u0259slin alkoqolizm\u0259, narkomaniyaya, siqaret v\u0259 dig\u0259r z\u0259r\u0259rli v\u0259rdi\u015fl\u0259r\u0259 alud\u0259\u00e7iliyin\u0259 qar\u015f\u0131 maarifl\u0259ndirici t\u0259dbirl\u0259rin art\u0131r\u0131lmas\u0131n\u0131n, sa\u011flam h\u0259yat t\u0259rzinin t\u0259bli\u011f olunmas\u0131n\u0131n, bu sah\u0259d\u0259 T\u0259hsil Nazirliyi, g\u0259ncl\u0259r t\u0259\u015fkilatlar\u0131 v\u0259 dig\u0259r aidiyy\u0259ti qurumlarla s\u0131x \u0259m\u0259kda\u015fl\u0131\u011f\u0131n h\u0259yata ke\u00e7irilm\u0259sinin vacibliyind\u0259n b\u0259hs edilib.<\/p>\n<p>A\u011fsaqqallar \u015euras\u0131n\u0131n s\u0259dr m\u00fcavini, Milli M\u0259clisin deputat\u0131, professor Eldar \u0130brahimov \u00e7\u0131x\u0131\u015f\u0131nda bildirib ki, bu g\u00fcn Az\u0259rbaycan g\u0259ncl\u0259rinin ictimai-siyasi h\u0259yat\u0131n b\u00fct\u00fcn sah\u0259l\u0259rind\u0259 aktiv f\u0259aliyy\u0259ti il\u0259 se\u00e7ilm\u0259si \u0259sas\u0131 ulu \u00f6nd\u0259r Heyd\u0259r \u018fliyev t\u0259r\u0259find\u0259n qoyulmu\u015f d\u00f6vl\u0259t g\u0259ncl\u0259r siyas\u0259tinin Prezident \u0130lham \u018fliyev t\u0259r\u0259find\u0259n u\u011furla davam etdirilm\u0259sinin n\u0259tic\u0259sidir. \u00d6lk\u0259mizd\u0259 g\u0259ncl\u0259r siyas\u0259tinin art\u0131q d\u00f6vl\u0259t siyas\u0259tinin m\u00fch\u00fcm t\u0259rkib hiss\u0259sin\u0259 \u00e7evrildiyi diqq\u0259t\u0259 \u00e7atd\u0131r\u0131l\u0131b. Qeyd edilib ki, etnik-dini m\u0259nsubiyy\u0259tind\u0259n as\u0131l\u0131 olmayaraq, \u00f6lk\u0259nin h\u0259r bir v\u0259t\u0259nda\u015f\u0131n\u0131n torpaqlar\u0131m\u0131z \u00fc\u00e7\u00fcn sahiblik v\u0259 m\u0259suliyy\u0259t hissi il\u0259 ya\u015famas\u0131 milli v\u0259 v\u0259t\u0259nda\u015f h\u0259mr\u0259yliyinin g\u00f6st\u0259ricisidir. 2020-ci il sentyabr\u0131n 27-d\u0259n noyabr\u0131n 10-d\u0259k davam ed\u0259n 44 g\u00fcnl\u00fck V\u0259t\u0259n m\u00fcharib\u0259sind\u0259 bu g\u00fccl\u00fc h\u0259mr\u0259yliyin, yenilm\u0259z ruhun bir daha \u015fahidi olduq.<\/p>\n<p>T\u0259dbird\u0259 \u00e7\u0131x\u0131\u015f ed\u0259n A\u011fsaqqallar \u015euras\u0131n\u0131n s\u0259dr m\u00fcavini, professor Elmira S\u00fcleymanova \u00fcmummilli lider Heyd\u0259r \u018fliyevin g\u0259ncl\u0259r\u0259 olan diqq\u0259t v\u0259 qay\u011f\u0131s\u0131n\u0131n bu g\u00fcn Prezident \u0130lham \u018fliyev t\u0259r\u0259find\u0259n layiqinc\u0259 davam etdirildiyini deyib. E.S\u00fcleymanova 44 g\u00fcnl\u00fck V\u0259t\u0259n m\u00fcharib\u0259sind\u0259n, Az\u0259rbaycan Ordusunun Ali Ba\u015f Komandan, Prezident \u0130lham \u018fliyevin r\u0259hb\u0259rliyi il\u0259 qazand\u0131\u011f\u0131 \u015fanl\u0131 Q\u0259l\u0259b\u0259d\u0259n, \u0259sg\u0259r v\u0259 zabitl\u0259rimizin d\u00f6y\u00fc\u015fl\u0259rd\u0259 g\u00f6st\u0259rdiyi q\u0259hr\u0259manl\u0131qlardan, \u00f6lk\u0259mizd\u0259 h\u0259yata ke\u00e7iril\u0259n d\u00f6vl\u0259t-g\u0259ncl\u0259r siyas\u0259tind\u0259n, g\u0259ncl\u0259r\u0259 g\u00f6st\u0259ril\u0259n diqq\u0259t v\u0259 qay\u011f\u0131dan \u0259trafl\u0131 b\u0259hs edib. Bildirilib ki, Az\u0259rbaycan g\u0259ncl\u0259ri d\u00f6y\u00fc\u015fl\u0259rd\u0259 b\u00f6y\u00fck q\u0259hr\u0259manl\u0131q v\u0259 v\u0259t\u0259np\u0259rv\u0259rlik n\u00fcmun\u0259si g\u00f6st\u0259r\u0259r\u0259k d\u00fc\u015fm\u0259n \u00fcz\u0259rind\u0259 Z\u0259f\u0259r qazan\u0131b, 30 il\u0259 yax\u0131n i\u015f\u011fal alt\u0131nda olan torpaqlar\u0131m\u0131z\u0131 azad edib. D\u00f6y\u00fc\u015fl\u0259rd\u0259 i\u015ftirak ed\u0259n h\u0259r bir g\u0259nc Prezidentin s\u0259r\u0259ncamlar\u0131 il\u0259 m\u00fcxt\u0259lif orden v\u0259 medallara layiq g\u00f6r\u00fcl\u00fcb.<\/p>\n<p>A\u011fsaqqallar \u015euras\u0131n\u0131n s\u0259dr m\u00fcavinl\u0259ri Bayram Yusifov, Vahid Novruzov, \u0130dar\u0259 Hey\u0259tinin \u00fczv\u00fc, Milli M\u0259clisin deputat\u0131 Ziyad S\u0259m\u0259dzad\u0259 v\u0259 dig\u0259rl\u0259ri g\u0259ncl\u0259rin \u00f6lk\u0259mizd\u0259 bir \u00e7ox sah\u0259d\u0259 m\u00fch\u00fcm yer tutdu\u011funu bildiribl\u0259r. Qeyd edilib ki, Ulu \u00d6nd\u0259rin \u00f6lk\u0259mizd\u0259 \u0259sas\u0131n\u0131 qoydu\u011fu g\u0259ncl\u0259r siyas\u0259ti Prezident \u0130lham \u018fliyev t\u0259r\u0259find\u0259n u\u011furla davam etdirilir. 44 g\u00fcnl\u00fck V\u0259t\u0259n m\u00fcharib\u0259sind\u0259 tarix yazan igidl\u0259rimiz bu siyas\u0259tin bariz n\u00fcmun\u0259sidir.<\/p>\n<p>G\u00f6r\u00fc\u015fd\u0259, eyni zamanda, g\u0259ncl\u0259rin sa\u011flam h\u0259yat t\u0259rzi ke\u00e7irm\u0259sinin vacibliyind\u0259n dan\u0131\u015f\u0131l\u0131b, z\u0259r\u0259rli v\u0259rdi\u015fl\u0259rin insan h\u0259yat\u0131n\u0131 u\u00e7uruma apard\u0131\u011f\u0131 bildirilib.<\/p>\n<p>\u00c7\u0131x\u0131\u015f ed\u0259n Prezident m\u00fckafat\u00e7\u0131lar\u0131 Co\u015fqun Hiday\u0259tov, Emiliya Bayramova, h\u0259m\u00e7inin f\u0259al g\u0259ncl\u0259r \u00dclviyy\u0259 Axundova v\u0259 dig\u0259rl\u0259ri g\u00f6st\u0259ril\u0259n diqq\u0259t v\u0259 qay\u011f\u0131ya g\u00f6r\u0259 minn\u0259tdarl\u0131qlar\u0131n\u0131 bildirib, \u00fcz\u0259ril\u0259rin\u0259 d\u00fc\u015f\u0259n v\u0259zif\u0259l\u0259rin layiqinc\u0259 yerin\u0259 yetirilm\u0259si \u00fc\u00e7\u00fcn bundan sonra da s\u0259yl\u0259 \u00e7al\u0131\u015facaqlar\u0131n\u0131 diqq\u0259t\u0259 \u00e7atd\u0131r\u0131blar.<\/p>\n<p>Daha sonra t\u0259dbird\u0259 i\u015ftirak ed\u0259n g\u0259ncl\u0259rin suallar\u0131 cavabland\u0131r\u0131l\u0131b. Sonda xatir\u0259 \u015f\u0259kli \u00e7\u0259kilib, g\u0259ncl\u0259r\u0259 h\u0259diyy\u0259l\u0259r t\u0259qdim edilib.<\/p>\n","protected":false},"excerpt":{"rendered":"<p>Fevral\u0131n 11-d\u0259 Az\u0259rbaycan A\u011fsaqqallar \u015euras\u0131n\u0131n t\u0259\u015f\u0259bb\u00fcs\u00fc il\u0259 g\u0259ncl\u0259rl\u0259 \u201cN\u0259sill\u0259rin dialoqu\u201d adl\u0131 g\u00f6r\u00fc\u015f ke\u00e7irilib. \u018fvv\u0259lc\u0259 t\u0259dbir i\u015ftirak\u00e7\u0131lar\u0131 Az\u0259rbaycan\u0131n \u0259razi b\u00fct\u00f6vl\u00fcy\u00fc u\u011frunda<\/p>\n","protected":false},"author":1,"featured_media":607,"comment_status":"open","ping_status":"open","sticky":false,"template":"","format":"standard","meta":{"cybocfi_hide_featured_image":"yes"},"categories":[24],"tags":[],"_links":{"self":[{"href":"https:\/\/agsaqqallarsurasi.az\/en\/wp-json\/wp\/v2\/posts\/606"}],"collection":[{"href":"https:\/\/agsaqqallarsurasi.az\/en\/wp-json\/wp\/v2\/posts"}],"about":[{"href":"https:\/\/agsaqqallarsurasi.az\/en\/wp-json\/wp\/v2\/types\/post"}],"author":[{"embeddable":true,"href":"https:\/\/agsaqqallarsurasi.az\/en\/wp-json\/wp\/v2\/users\/1"}],"replies":[{"embeddable":true,"href":"https:\/\/agsaqqallarsurasi.az\/en\/wp-json\/wp\/v2\/comments?post=606"}],"version-history":[{"count":1,"href":"https:\/\/agsaqqallarsurasi.az\/en\/wp-json\/wp\/v2\/posts\/606\/revisions"}],"predecessor-version":[{"id":608,"href":"https:\/\/agsaqqallarsurasi.az\/en\/wp-json\/wp\/v2\/posts\/606\/revisions\/608"}],"wp:featuredmedia":[{"embeddable":true,"href":"https:\/\/agsaqqallarsurasi.az\/en\/wp-json\/wp\/v2\/media\/607"}],"wp:attachment":[{"href":"https:\/\/agsaqqallarsurasi.az\/en\/wp-json\/wp\/v2\/media?parent=606"}],"wp:term":[{"taxonomy":"category","embeddable":true,"href":"https:\/\/agsaqqallarsurasi.az\/en\/wp-json\/wp\/v2\/categories?post=606"},{"taxonomy":"post_tag","embeddable":true,"href":"https:\/\/agsaqqallarsurasi.az\/en\/wp-json\/wp\/v2\/tags?post=606"}],"curies":[{"name":"wp","href":"https:\/\/api.w.org\/{rel}","templated":true}]}}