{"id":618,"date":"2022-02-17T15:57:06","date_gmt":"2022-02-17T11:57:06","guid":{"rendered":"https:\/\/agsaqqallarsurasi.az\/?p=618"},"modified":"2022-04-11T03:58:32","modified_gmt":"2022-04-10T23:58:32","slug":"x%c9%99z%c9%99r-rayonunda-agsaqqallarin-g%c9%99ncl%c9%99rl%c9%99-gorusu-kecirilib","status":"publish","type":"post","link":"https:\/\/agsaqqallarsurasi.az\/en\/x%c9%99z%c9%99r-rayonunda-agsaqqallarin-g%c9%99ncl%c9%99rl%c9%99-gorusu-kecirilib\/","title":{"rendered":"X\u0259z\u0259r rayonunda a\u011fsaqqallar\u0131n g\u0259ncl\u0259rl\u0259 g\u00f6r\u00fc\u015f\u00fc ke\u00e7irilib"},"content":{"rendered":"<p><img loading=\"lazy\" class=\"alignleft wp-image-619\" src=\"https:\/\/agsaqqallarsurasi.az\/wp-content\/uploads\/2022\/04\/thumbnail_3e2f05cf6ea59a63831f286596c32d91.jpeg\" alt=\"\" width=\"400\" height=\"258\" srcset=\"https:\/\/agsaqqallarsurasi.az\/wp-content\/uploads\/2022\/04\/thumbnail_3e2f05cf6ea59a63831f286596c32d91.jpeg 799w, https:\/\/agsaqqallarsurasi.az\/wp-content\/uploads\/2022\/04\/thumbnail_3e2f05cf6ea59a63831f286596c32d91-300x194.jpeg 300w, https:\/\/agsaqqallarsurasi.az\/wp-content\/uploads\/2022\/04\/thumbnail_3e2f05cf6ea59a63831f286596c32d91-768x496.jpeg 768w, https:\/\/agsaqqallarsurasi.az\/wp-content\/uploads\/2022\/04\/thumbnail_3e2f05cf6ea59a63831f286596c32d91-600x387.jpeg 600w, https:\/\/agsaqqallarsurasi.az\/wp-content\/uploads\/2022\/04\/thumbnail_3e2f05cf6ea59a63831f286596c32d91-150x97.jpeg 150w\" sizes=\"(max-width: 400px) 100vw, 400px\" \/>X\u0259z\u0259r Rayon A\u011fsaqqallar \u015euras\u0131n\u0131n Zir\u0259 q\u0259s\u0259b\u0259sind\u0259 rayon a\u011fsaqqallar\u0131 v\u0259 bir qrup g\u0259ncl\u0259rl\u0259 g\u00f6r\u00fc\u015f\u00fc ke\u00e7irilib. T\u0259dbir i\u015ftirak\u00e7\u0131lar\u0131 \u0259vv\u0259lc\u0259 q\u0259s\u0259b\u0259\u00a0 q\u0259birstanl\u0131\u011f\u0131nda uyuyan V\u0259t\u0259n m\u00fcharib\u0259si \u015f\u0259hidl\u0259rinin m\u0259zarlar\u0131n\u0131 ziyar\u0259t edib, \u015f\u0259hid m\u0259zarlar\u0131na g\u00fcl d\u0259st\u0259l\u0259ri d\u00fcz\u0259r\u0259k, ruhlar\u0131na dualar oxuyublar.<\/p>\n<p>Daha sonra Zir\u0259 b\u0259l\u0259diyy\u0259sinin inzibati binas\u0131nda t\u0259dbir ke\u00e7irilib. T\u0259dbird\u0259 X\u0259z\u0259r Rayon A\u011fsaqqallar \u015euras\u0131n\u0131n s\u0259dri R\u00f6v\u015f\u0259n Salahov, X\u0259z\u0259r R\u0130HB-n\u0131n Zir\u0259 q\u0259s\u0259b\u0259 inzibati \u0259razi dair\u0259si \u00fczr\u0259 n\u00fcmay\u0259nd\u0259si Rasim H\u00fcseynov, Zir\u0259 B\u0259l\u0259diyy\u0259sinin s\u0259dri Anar H\u00fcseynli, A\u011fsaqqallar \u015euras\u0131n\u0131n \u00fczvl\u0259ri v\u0259 \u201cZir\u0259 Yard\u0131mla\u015fma\u201d ad\u0131 alt\u0131nda f\u0259aliyy\u0259t g\u00f6st\u0259r\u0259n bir qrup g\u0259nc i\u015ftirak etmi\u015fdir.<\/p>\n<p>\u0130lk \u00f6nc\u0259 t\u0259dbir i\u015ftirak\u00e7\u0131lar\u0131 t\u0259r\u0259find\u0259n \u015e\u0259hidl\u0259rin \u0259ziz xatir\u0259si bir d\u0259qiq\u0259lik s\u00fckutla yad edilib. T\u0259dbiri X\u0259z\u0259r Rayon A\u011fsaqqallar \u015euras\u0131n\u0131n s\u0259dri R\u00f6v\u015f\u0259n Salahov a\u00e7araq, \u015eura t\u0259r\u0259find\u0259n rayon \u0259razisind\u0259 m\u00fct\u0259madi olaraq a\u011fsaqqallar v\u0259 g\u0259ncl\u0259rl\u0259 g\u00f6r\u00fc\u015fl\u0259rin ke\u00e7irilm\u0259sinin vacibliyind\u0259n s\u00f6z a\u00e7m\u0131\u015fd\u0131r. R.Salahov Ulu \u00f6nd\u0259r Heyd\u0259r \u018fliyevin g\u0259nc n\u0259sil\u0259 g\u00f6st\u0259rdiyi y\u00fcks\u0259k diqq\u0259t v\u0259 qay\u011f\u0131n\u0131n bu g\u00fcn Az\u0259rbaycan Respublikas\u0131n\u0131n Prezidenti c\u0259nab \u0130lham \u018fliyev t\u0259r\u0259find\u0259n u\u011furla davam etdirildiyini, M\u00fcz\u0259ff\u0259r Ali Ba\u015f Komandanla r\u0259\u015fad\u0259tli Ordumuzun v\u0259 xalq\u0131m\u0131z\u0131n birliyi say\u0259sind\u0259 V\u0259t\u0259n m\u00fcharib\u0259sind\u0259 m\u00f6ht\u0259\u015f\u0259m Z\u0259f\u0259r qazan\u0131ld\u0131\u011f\u0131n\u0131, V\u0259t\u0259n m\u00fcharib\u0259sind\u0259 igidlik g\u00f6st\u0259rib tarix yazan, \u015fanl\u0131 q\u0259l\u0259b\u0259 qazanan m\u0259rd \u00f6vladlar\u0131m\u0131z\u0131n respublikam\u0131zda apar\u0131lan u\u011furlu g\u0259ncl\u0259r siyas\u0259tinin bariz t\u0259c\u0259ss\u00fcm\u00fc oldu\u011funu vur\u011fulam\u0131\u015fd\u0131r.<\/p>\n<p>Daha sonra X\u0259z\u0259r R\u0130HB-in Zir\u0259 q\u0259s\u0259b\u0259 inzibati \u0259razi dair\u0259si \u00fczr\u0259 n\u00fcmay\u0259nd\u0259si Rasim H\u00fcseynov, Zir\u0259 q\u0259s\u0259b\u0259si \u00fczr\u0259 A\u011fsaqqallar \u015euras\u0131n\u0131n s\u0259dri Teymur \u0130smay\u0131lov, \u201c\u015e\u0259hidl\u0259r m\u0259scidinin\u201d axundu Arif Quliyev v\u0259 q\u0259s\u0259b\u0259 a\u011fsaqqal\u0131 Tahir Heyd\u0259rov \u00e7\u0131x\u0131\u015f ed\u0259r\u0259k a\u011fsaqqallarla g\u0259ncl\u0259r aras\u0131nda \u0259laq\u0259l\u0259rin yarad\u0131lmas\u0131, g\u0259ncl\u0259rimizin milli v\u0259t\u0259np\u0259rv\u0259rlik ruhunda yeti\u015fdirilm\u0259si bax\u0131m\u0131ndan t\u0259dbirin \u0259h\u0259miyy\u0259tini vur\u011fulam\u0131\u015flar. A\u011fsaqqallar\u0131n h\u0259mi\u015f\u0259 c\u0259miyy\u0259tin h\u0259yat\u0131nda m\u00fch\u00fcm rol oynad\u0131qlar\u0131n\u0131 diqq\u0259t\u0259 \u00e7atd\u0131ran natiql\u0259r onlar\u0131n respublikam\u0131z\u0131n m\u00fcst\u0259qilliyinin qazan\u0131lmas\u0131nda, \u00f6lk\u0259mizin dinamik inki\u015faf\u0131nda, g\u0259ncl\u0259rimizin \u0259sl v\u0259t\u0259nda\u015flar kimi yeti\u015fdirilm\u0259sind\u0259ki xidm\u0259tl\u0259rind\u0259n dan\u0131\u015f\u0131blar.<\/p>\n<p>Sonda \u201cZir\u0259 Yard\u0131mla\u015fma\u201d ad\u0131 alt\u0131nda f\u0259aliyy\u0259t g\u00f6st\u0259r\u0259n t\u0259\u015fkilat\u0131n \u00fczvl\u0259rind\u0259n P\u0259nahl\u0131 Cavid El\u015f\u0259n o\u011flu v\u0259 \u018fzimov Co\u015fqun Elxan o\u011flu X\u0259z\u0259r Rayon A\u011fsaqqallar \u015euras\u0131 t\u0259r\u0259find\u0259n F\u0259xri F\u0259rmanlarla t\u0259ltif olunublar.<\/p>\n","protected":false},"excerpt":{"rendered":"<p>X\u0259z\u0259r Rayon A\u011fsaqqallar \u015euras\u0131n\u0131n Zir\u0259 q\u0259s\u0259b\u0259sind\u0259 rayon a\u011fsaqqallar\u0131 v\u0259 bir qrup g\u0259ncl\u0259rl\u0259 g\u00f6r\u00fc\u015f\u00fc ke\u00e7irilib. T\u0259dbir i\u015ftirak\u00e7\u0131lar\u0131 \u0259vv\u0259lc\u0259 q\u0259s\u0259b\u0259\u00a0 q\u0259birstanl\u0131\u011f\u0131nda uyuyan<\/p>\n","protected":false},"author":1,"featured_media":619,"comment_status":"open","ping_status":"open","sticky":false,"template":"","format":"standard","meta":{"cybocfi_hide_featured_image":"yes"},"categories":[24],"tags":[],"_links":{"self":[{"href":"https:\/\/agsaqqallarsurasi.az\/en\/wp-json\/wp\/v2\/posts\/618"}],"collection":[{"href":"https:\/\/agsaqqallarsurasi.az\/en\/wp-json\/wp\/v2\/posts"}],"about":[{"href":"https:\/\/agsaqqallarsurasi.az\/en\/wp-json\/wp\/v2\/types\/post"}],"author":[{"embeddable":true,"href":"https:\/\/agsaqqallarsurasi.az\/en\/wp-json\/wp\/v2\/users\/1"}],"replies":[{"embeddable":true,"href":"https:\/\/agsaqqallarsurasi.az\/en\/wp-json\/wp\/v2\/comments?post=618"}],"version-history":[{"count":1,"href":"https:\/\/agsaqqallarsurasi.az\/en\/wp-json\/wp\/v2\/posts\/618\/revisions"}],"predecessor-version":[{"id":620,"href":"https:\/\/agsaqqallarsurasi.az\/en\/wp-json\/wp\/v2\/posts\/618\/revisions\/620"}],"wp:featuredmedia":[{"embeddable":true,"href":"https:\/\/agsaqqallarsurasi.az\/en\/wp-json\/wp\/v2\/media\/619"}],"wp:attachment":[{"href":"https:\/\/agsaqqallarsurasi.az\/en\/wp-json\/wp\/v2\/media?parent=618"}],"wp:term":[{"taxonomy":"category","embeddable":true,"href":"https:\/\/agsaqqallarsurasi.az\/en\/wp-json\/wp\/v2\/categories?post=618"},{"taxonomy":"post_tag","embeddable":true,"href":"https:\/\/agsaqqallarsurasi.az\/en\/wp-json\/wp\/v2\/tags?post=618"}],"curies":[{"name":"wp","href":"https:\/\/api.w.org\/{rel}","templated":true}]}}