{"id":624,"date":"2022-02-23T20:15:22","date_gmt":"2022-02-23T16:15:22","guid":{"rendered":"https:\/\/agsaqqallarsurasi.az\/?p=624"},"modified":"2022-04-11T04:01:40","modified_gmt":"2022-04-11T00:01:40","slug":"az%c9%99rbaycan-agsaqqallar-surasinin-s%c9%99dri-mill%c9%99t-v%c9%99kili-professor-eldar-quliyev-idmanci-g%c9%99ncl%c9%99rl%c9%99-gorusub","status":"publish","type":"post","link":"https:\/\/agsaqqallarsurasi.az\/en\/az%c9%99rbaycan-agsaqqallar-surasinin-s%c9%99dri-mill%c9%99t-v%c9%99kili-professor-eldar-quliyev-idmanci-g%c9%99ncl%c9%99rl%c9%99-gorusub\/","title":{"rendered":"Az\u0259rbaycan A\u011fsaqqallar \u015euras\u0131n\u0131n s\u0259dri, mill\u0259t v\u0259kili, professor Eldar Quliyev idman\u00e7\u0131 g\u0259ncl\u0259rl\u0259 g\u00f6r\u00fc\u015f\u00fcb"},"content":{"rendered":"<p><img loading=\"lazy\" class=\"alignleft wp-image-625\" src=\"https:\/\/agsaqqallarsurasi.az\/wp-content\/uploads\/2022\/04\/thumbnail_755d1aa29fc1714b2a4887d30c345878.jpeg\" alt=\"\" width=\"400\" height=\"258\" srcset=\"https:\/\/agsaqqallarsurasi.az\/wp-content\/uploads\/2022\/04\/thumbnail_755d1aa29fc1714b2a4887d30c345878.jpeg 799w, https:\/\/agsaqqallarsurasi.az\/wp-content\/uploads\/2022\/04\/thumbnail_755d1aa29fc1714b2a4887d30c345878-300x194.jpeg 300w, https:\/\/agsaqqallarsurasi.az\/wp-content\/uploads\/2022\/04\/thumbnail_755d1aa29fc1714b2a4887d30c345878-768x496.jpeg 768w, https:\/\/agsaqqallarsurasi.az\/wp-content\/uploads\/2022\/04\/thumbnail_755d1aa29fc1714b2a4887d30c345878-600x387.jpeg 600w, https:\/\/agsaqqallarsurasi.az\/wp-content\/uploads\/2022\/04\/thumbnail_755d1aa29fc1714b2a4887d30c345878-150x97.jpeg 150w\" sizes=\"(max-width: 400px) 100vw, 400px\" \/>H\u0259r zaman g\u0259nc n\u0259sl\u0259 x\u00fcsusi diqq\u0259t ay\u0131ran, onlar\u0131n fiziki v\u0259 m\u0259n\u0259vi sa\u011flaml\u0131qlar\u0131, o c\u00fcml\u0259d\u0259n probleml\u0259ri il\u0259 maraqlanan v\u0259 onlara d\u0259st\u0259k olan Az\u0259rbaycan A\u011fsaqqallar \u015euras\u0131n\u0131n s\u0259dri, 28 sayl\u0131 Sabun\u00e7u \u00fc\u00e7\u00fcnc\u00fc se\u00e7ki dair\u0259sind\u0259n\u00a0deputat se\u00e7ilmi\u015f professor Eldar Quliyev n\u00f6vb\u0259ti d\u0259f\u0259 \u00a0Ma\u015fta\u011fa q\u0259s\u0259b\u0259sinin c\u00fcdo idman n\u00f6v\u00fc \u00fczr\u0259 \u00a0y\u00fcks\u0259k nailiyy\u0259t \u0259ld\u0259 etmi\u015f u\u015faq v\u0259 yeniyetm\u0259 idman\u00e7\u0131lar\u0131 il\u0259 g\u00f6r\u00fc\u015f\u00fcb.<\/p>\n<p>G\u00f6r\u00fc\u015f zaman\u0131 Eldar Quliyev vur\u011fulay\u0131b ki, d\u00f6vl\u0259t ba\u015f\u00e7\u0131s\u0131 c\u0259nab \u0130lham \u018fliyev v\u0259 Az\u0259rbaycan Respublikas\u0131n\u0131n Birinci vitse-prezidenti Mehriban xan\u0131m \u018fliyeva idman\u0131m\u0131z\u0131n inki\u015faf\u0131na, x\u00fcsusil\u0259 d\u0259 g\u0259ncl\u0259rimizin sa\u011flam b\u00f6y\u00fcm\u0259sin\u0259 x\u00fcsusi diqq\u0259t v\u0259 qay\u011f\u0131 g\u00f6st\u0259rir. Sevindirici hald\u0131r ki, \u00f6lk\u0259mizd\u0259 m\u00fcbariz, v\u0259t\u0259np\u0259rv\u0259r g\u0259nc n\u0259sil yeti\u015fir. 44 g\u00fcnl\u00fck V\u0259t\u0259n m\u00fcharib\u0259si d\u00f6vr\u00fcnd\u0259 M\u00fcz\u0259ff\u0259r Ali Ba\u015f Komandan \u0130lham \u018fliyevin r\u0259hb\u0259rliyi alt\u0131nda b\u00f6y\u00fck \u015f\u00fcca\u0259tl\u0259r g\u00f6st\u0259r\u0259r\u0259k m\u00f6ht\u0259\u015f\u0259m Z\u0259f\u0259r qazanan q\u0259hr\u0259man \u0259sg\u0259r v\u0259 zabitl\u0259rimiz, m\u0259rd Az\u0259rbaycan g\u0259ncl\u0259ri buna bariz n\u00fcmun\u0259dir. G\u0259nc idman\u00e7\u0131lara b\u00fct\u00fcn z\u0259r\u0259rli v\u0259rdi\u015fl\u0259rd\u0259n uzaq olaraq xalq\u0131m\u0131z\u0131n bu q\u0259hr\u0259man \u00f6vladlar\u0131n\u0131 \u00f6zl\u0259rin\u0259 \u00f6rn\u0259k almalar\u0131n\u0131 t\u00f6vsiy\u0259 ed\u0259n Eldar Quliyev \u00fcmidvar oldu\u011funu bildirib ki, b\u00fcg\u00fcnk\u00fc yeniyetm\u0259 idman\u00e7\u0131lar\u0131m\u0131z g\u0259l\u0259c\u0259kd\u0259 daha y\u00fcks\u0259k nailiyy\u0259tl\u0259r qazanacaqlar.<\/p>\n<p>Sonda o, \u00a0yeniyetm\u0259 idman\u00e7\u0131lara v\u0259\u00a0 m\u0259\u015fq\u00e7il\u0259rin\u0259 pul m\u00fckafatlar\u0131 t\u0259qdim ed\u0259r\u0259k g\u0259l\u0259c\u0259k yar\u0131\u015flarda u\u011furlar dil\u0259yib, onlarla xatir\u0259 \u015f\u0259kli \u00e7\u0259kdirib.<\/p>\n","protected":false},"excerpt":{"rendered":"<p>H\u0259r zaman g\u0259nc n\u0259sl\u0259 x\u00fcsusi diqq\u0259t ay\u0131ran, onlar\u0131n fiziki v\u0259 m\u0259n\u0259vi sa\u011flaml\u0131qlar\u0131, o c\u00fcml\u0259d\u0259n probleml\u0259ri il\u0259 maraqlanan v\u0259 onlara d\u0259st\u0259k<\/p>\n","protected":false},"author":1,"featured_media":625,"comment_status":"open","ping_status":"open","sticky":false,"template":"","format":"standard","meta":{"cybocfi_hide_featured_image":"yes"},"categories":[24],"tags":[],"_links":{"self":[{"href":"https:\/\/agsaqqallarsurasi.az\/en\/wp-json\/wp\/v2\/posts\/624"}],"collection":[{"href":"https:\/\/agsaqqallarsurasi.az\/en\/wp-json\/wp\/v2\/posts"}],"about":[{"href":"https:\/\/agsaqqallarsurasi.az\/en\/wp-json\/wp\/v2\/types\/post"}],"author":[{"embeddable":true,"href":"https:\/\/agsaqqallarsurasi.az\/en\/wp-json\/wp\/v2\/users\/1"}],"replies":[{"embeddable":true,"href":"https:\/\/agsaqqallarsurasi.az\/en\/wp-json\/wp\/v2\/comments?post=624"}],"version-history":[{"count":1,"href":"https:\/\/agsaqqallarsurasi.az\/en\/wp-json\/wp\/v2\/posts\/624\/revisions"}],"predecessor-version":[{"id":626,"href":"https:\/\/agsaqqallarsurasi.az\/en\/wp-json\/wp\/v2\/posts\/624\/revisions\/626"}],"wp:featuredmedia":[{"embeddable":true,"href":"https:\/\/agsaqqallarsurasi.az\/en\/wp-json\/wp\/v2\/media\/625"}],"wp:attachment":[{"href":"https:\/\/agsaqqallarsurasi.az\/en\/wp-json\/wp\/v2\/media?parent=624"}],"wp:term":[{"taxonomy":"category","embeddable":true,"href":"https:\/\/agsaqqallarsurasi.az\/en\/wp-json\/wp\/v2\/categories?post=624"},{"taxonomy":"post_tag","embeddable":true,"href":"https:\/\/agsaqqallarsurasi.az\/en\/wp-json\/wp\/v2\/tags?post=624"}],"curies":[{"name":"wp","href":"https:\/\/api.w.org\/{rel}","templated":true}]}}