{"id":640,"date":"2022-03-31T12:13:08","date_gmt":"2022-03-31T08:13:08","guid":{"rendered":"https:\/\/agsaqqallarsurasi.az\/?p=640"},"modified":"2022-04-11T04:14:04","modified_gmt":"2022-04-11T00:14:04","slug":"31-mart-az%c9%99rbaycanlilarin-soyqirimi-gunu","status":"publish","type":"post","link":"https:\/\/agsaqqallarsurasi.az\/en\/31-mart-az%c9%99rbaycanlilarin-soyqirimi-gunu\/","title":{"rendered":"31 MART AZ\u018fRBAYCANLILARIN SOYQIRIMI G\u00dcN\u00dc"},"content":{"rendered":"<p><img loading=\"lazy\" class=\"size-full wp-image-642 aligncenter\" src=\"https:\/\/agsaqqallarsurasi.az\/wp-content\/uploads\/2022\/04\/thumbnail27d419cd6f327e3a76998e905a579fe2_a24eb118fe747344d264f219df5c5464.jpg\" alt=\"\" width=\"799\" height=\"163\" srcset=\"https:\/\/agsaqqallarsurasi.az\/wp-content\/uploads\/2022\/04\/thumbnail27d419cd6f327e3a76998e905a579fe2_a24eb118fe747344d264f219df5c5464.jpg 799w, https:\/\/agsaqqallarsurasi.az\/wp-content\/uploads\/2022\/04\/thumbnail27d419cd6f327e3a76998e905a579fe2_a24eb118fe747344d264f219df5c5464-300x61.jpg 300w, https:\/\/agsaqqallarsurasi.az\/wp-content\/uploads\/2022\/04\/thumbnail27d419cd6f327e3a76998e905a579fe2_a24eb118fe747344d264f219df5c5464-768x157.jpg 768w, https:\/\/agsaqqallarsurasi.az\/wp-content\/uploads\/2022\/04\/thumbnail27d419cd6f327e3a76998e905a579fe2_a24eb118fe747344d264f219df5c5464-600x122.jpg 600w, https:\/\/agsaqqallarsurasi.az\/wp-content\/uploads\/2022\/04\/thumbnail27d419cd6f327e3a76998e905a579fe2_a24eb118fe747344d264f219df5c5464-150x31.jpg 150w\" sizes=\"(max-width: 799px) 100vw, 799px\" \/><\/p>\n<p>1918-ci il mart ay\u0131n\u0131n 31-d\u0259n aprel ay\u0131n\u0131n 3-d\u0259k Bak\u0131 \u015f\u0259h\u0259rind\u0259 v\u0259 Bak\u0131 quberniyas\u0131n\u0131n m\u00fcxt\u0259lif b\u00f6lg\u0259l\u0259rind\u0259, h\u0259m\u00e7inin \u015eamax\u0131, Quba, Xa\u00e7maz, L\u0259nk\u0259ran, Hac\u0131qabul, Salyan, Z\u0259ng\u0259zur, Qaraba\u011f, Nax\u00e7\u0131van v\u0259 dig\u0259r \u0259razil\u0259rd\u0259 erm\u0259nil\u0259rin t\u00f6r\u0259tdikl\u0259ri soyq\u0131r\u0131m n\u0259tic\u0259sind\u0259 10 minl\u0259rl\u0259 g\u00fcnahs\u0131z soyda\u015f\u0131m\u0131z q\u0259tl\u0259 yetirilmi\u015fdir.<\/p>\n<p>Ulu \u00f6nd\u0259r\u00a0Heyd\u0259r \u018fliyevin\u00a026 mart 1998-ci il tarixli S\u0259r\u0259ncam\u0131 il\u0259 bu faci\u0259 31 Mart\u00a0Az\u0259rbaycanl\u0131lar\u0131n Soyq\u0131r\u0131m\u0131 G\u00fcn\u00fc\u00a0kimi qeyd olunur.<\/p>\n<p>31 Mart Az\u0259rbaycanl\u0131lar\u0131n Soyq\u0131r\u0131m\u0131 G\u00fcn\u00fcnd\u0259 bu faci\u0259nin qurbanlar\u0131n\u0131 d\u0259rin h\u00fcznl\u0259 v\u0259 r\u0259hm\u0259tl\u0259 anaraq xalq\u0131m\u0131za s\u0259br dil\u0259yirik!<\/p>\n<p>\u00d6t\u0259n d\u00f6vr \u0259rzind\u0259 apar\u0131lm\u0131\u015f ara\u015fd\u0131rmalar n\u0259tic\u0259sind\u0259 erm\u0259nil\u0259rin t\u00f6r\u0259tdiyi v\u0259h\u015filikl\u0259rl\u0259 ba\u011fl\u0131 bir \u00e7ox yeni faktlar v\u0259 s\u0259n\u0259dl\u0259r toplanm\u0131\u015f, Quba \u015f\u0259h\u0259rind\u0259 k\u00fctl\u0259vi m\u0259zarl\u0131q a\u015fkarlanm\u0131\u015fd\u0131r. Bu tarixi faktlar bir daha s\u00fcbut edir ki, 1918-ci ilin mart-aprel aylar\u0131nda v\u0259 sonrak\u0131 d\u00f6vrl\u0259rd\u0259 erm\u0259nil\u0259rin h\u0259yata ke\u00e7irdikl\u0259ri qanl\u0131 aksiyalar daha geni\u015f \u0259razil\u0259ri \u0259hat\u0259 etmi\u015f v\u0259 faci\u0259 qurbanlar\u0131n\u0131n say\u0131 d\u0259f\u0259l\u0259rl\u0259 \u00e7ox olmu\u015fdur.<\/p>\n<p>M\u00f6ht\u0259r\u0259m Prezidentimiz c\u0259nab \u0130lham \u018fliyevin 2018-ci il yanvar\u0131n 28-d\u0259 imzalad\u0131\u011f\u0131 S\u0259r\u0259ncama \u0259sas\u0259n Az\u0259rbaycanl\u0131lar\u0131n Soyq\u0131r\u0131m\u0131n\u0131n 100 illiyi respublikam\u0131zla yana\u015f\u0131, xarici \u00f6lk\u0259l\u0259rd\u0259 ya\u015fayan h\u0259mv\u0259t\u0259nl\u0259rimiz, diaspor t\u0259\u015fkilatlar\u0131,\u00a0 s\u0259firlikl\u0259rimiz t\u0259r\u0259find\u0259n d\u0259 geni\u015f \u015f\u0259kild\u0259 qeyd edilmi\u015fdir. Xalq\u0131m\u0131za qar\u015f\u0131 t\u00f6r\u0259tdil\u0259n b\u0259\u015f\u0259ri cinay\u0259tl\u0259r bar\u0259d\u0259 h\u0259qiq\u0259tl\u0259r d\u00fcnya ictimaiyy\u0259tin\u0259\u00a0 \u00e7atd\u0131r\u0131lm\u0131\u015fd\u0131r.<\/p>\n<p>Unutmamal\u0131y\u0131q ki, tariximizin daha d\u0259rind\u0259n \u00f6yr\u0259nilm\u0259si v\u0259 g\u0259l\u0259c\u0259k n\u0259sill\u0259r\u0259 \u00e7atd\u0131r\u0131lmas\u0131 bizim qar\u015f\u0131m\u0131zda duran \u0259sas v\u0259zif\u0259l\u0259rd\u0259n biridir. Milli ruhda t\u0259rbiy\u0259 olunan v\u0259t\u0259np\u0259rv\u0259r, m\u00fcbariz g\u0259ncl\u0259rimiz h\u0259r zaman \u00a0tariximizi yax\u015f\u0131 \u00f6yr\u0259nm\u0259lidirl\u0259r. \u00c7\u00fcnki tarixin\u0259 sahib \u00e7\u0131xan, ke\u00e7mi\u015fini unutmayan, bu g\u00fcn\u00fc il\u0259 f\u0259xr ed\u0259n v\u0259 g\u0259l\u0259c\u0259y\u0259 q\u00fcrurla add\u0131mlayan xalq yenilm\u0259zdir. Xalq\u0131m\u0131z bunu 44 g\u00fcnl\u00fck V\u0259t\u0259n m\u00fcharib\u0259sind\u0259 bir daha s\u00fcbut etdi.<\/p>\n<p>Az\u0259rbaycan A\u011fsaqqallar \u015euras\u0131<\/p>\n","protected":false},"excerpt":{"rendered":"<p>1918-ci il mart ay\u0131n\u0131n 31-d\u0259n aprel ay\u0131n\u0131n 3-d\u0259k Bak\u0131 \u015f\u0259h\u0259rind\u0259 v\u0259 Bak\u0131 quberniyas\u0131n\u0131n m\u00fcxt\u0259lif b\u00f6lg\u0259l\u0259rind\u0259, h\u0259m\u00e7inin \u015eamax\u0131, Quba, Xa\u00e7maz, L\u0259nk\u0259ran,<\/p>\n","protected":false},"author":1,"featured_media":641,"comment_status":"open","ping_status":"open","sticky":false,"template":"","format":"standard","meta":{"cybocfi_hide_featured_image":"yes"},"categories":[24],"tags":[],"_links":{"self":[{"href":"https:\/\/agsaqqallarsurasi.az\/en\/wp-json\/wp\/v2\/posts\/640"}],"collection":[{"href":"https:\/\/agsaqqallarsurasi.az\/en\/wp-json\/wp\/v2\/posts"}],"about":[{"href":"https:\/\/agsaqqallarsurasi.az\/en\/wp-json\/wp\/v2\/types\/post"}],"author":[{"embeddable":true,"href":"https:\/\/agsaqqallarsurasi.az\/en\/wp-json\/wp\/v2\/users\/1"}],"replies":[{"embeddable":true,"href":"https:\/\/agsaqqallarsurasi.az\/en\/wp-json\/wp\/v2\/comments?post=640"}],"version-history":[{"count":1,"href":"https:\/\/agsaqqallarsurasi.az\/en\/wp-json\/wp\/v2\/posts\/640\/revisions"}],"predecessor-version":[{"id":643,"href":"https:\/\/agsaqqallarsurasi.az\/en\/wp-json\/wp\/v2\/posts\/640\/revisions\/643"}],"wp:featuredmedia":[{"embeddable":true,"href":"https:\/\/agsaqqallarsurasi.az\/en\/wp-json\/wp\/v2\/media\/641"}],"wp:attachment":[{"href":"https:\/\/agsaqqallarsurasi.az\/en\/wp-json\/wp\/v2\/media?parent=640"}],"wp:term":[{"taxonomy":"category","embeddable":true,"href":"https:\/\/agsaqqallarsurasi.az\/en\/wp-json\/wp\/v2\/categories?post=640"},{"taxonomy":"post_tag","embeddable":true,"href":"https:\/\/agsaqqallarsurasi.az\/en\/wp-json\/wp\/v2\/tags?post=640"}],"curies":[{"name":"wp","href":"https:\/\/api.w.org\/{rel}","templated":true}]}}