{"id":652,"date":"2022-04-09T17:33:13","date_gmt":"2022-04-09T13:33:13","guid":{"rendered":"https:\/\/agsaqqallarsurasi.az\/?p=652"},"modified":"2022-04-13T05:52:08","modified_gmt":"2022-04-13T01:52:08","slug":"xalq-ordu-birliyi-movzusunda-d%c9%99yirmi-masa-kecirilib","status":"publish","type":"post","link":"https:\/\/agsaqqallarsurasi.az\/en\/xalq-ordu-birliyi-movzusunda-d%c9%99yirmi-masa-kecirilib\/","title":{"rendered":"\u201cXALQ-ORDU B\u0130RL\u0130Y\u0130\u201d M\u00d6VZUSUNDA D\u018fY\u0130RM\u0130 MASA KE\u00c7\u0130R\u0130L\u0130B"},"content":{"rendered":"<p>[vc_row][vc_column][vc_column_text]<img loading=\"lazy\" class=\"alignleft wp-image-653\" src=\"https:\/\/agsaqqallarsurasi.az\/wp-content\/uploads\/2022\/04\/thumbnail_efd6c96e9e2fcd47f4b093b800317839.jpg\" alt=\"\" width=\"400\" height=\"258\" srcset=\"https:\/\/agsaqqallarsurasi.az\/wp-content\/uploads\/2022\/04\/thumbnail_efd6c96e9e2fcd47f4b093b800317839.jpg 799w, https:\/\/agsaqqallarsurasi.az\/wp-content\/uploads\/2022\/04\/thumbnail_efd6c96e9e2fcd47f4b093b800317839-300x194.jpg 300w, https:\/\/agsaqqallarsurasi.az\/wp-content\/uploads\/2022\/04\/thumbnail_efd6c96e9e2fcd47f4b093b800317839-768x496.jpg 768w, https:\/\/agsaqqallarsurasi.az\/wp-content\/uploads\/2022\/04\/thumbnail_efd6c96e9e2fcd47f4b093b800317839-600x387.jpg 600w, https:\/\/agsaqqallarsurasi.az\/wp-content\/uploads\/2022\/04\/thumbnail_efd6c96e9e2fcd47f4b093b800317839-150x97.jpg 150w\" sizes=\"(max-width: 400px) 100vw, 400px\" \/>Aprel ay\u0131n\u0131n 8-d\u0259 Bak\u0131xanov q\u0259s\u0259b\u0259sind\u0259ki 271 sayl\u0131 tam orta m\u0259kt\u0259bd\u0259 Sabun\u00e7u Rayon A\u011fsaqqallar \u015euras\u0131n\u0131n t\u0259\u015fkilat\u00e7\u0131l\u0131\u011f\u0131 il\u0259 \u201cM\u00fcz\u0259ff\u0259r Ali Ba\u015f Komandan &#8211; Xalq-Ordu birliyi\u201d m\u00f6vzusunda d\u0259yirmi masa ke\u00e7irilib. M\u00fc\u0259lliml\u0259r v\u0259 yuxar\u0131 sinif \u015fagirdl\u0259ri il\u0259 yana\u015f\u0131 271 sayl\u0131 tam orta m\u0259kt\u0259bin m\u0259zunlar\u0131 olan Qaraba\u011f qazil\u0259ri \u2013 Sabun\u00e7u Rayon \u0130cra Hakimiyy\u0259tinin V\u0259t\u0259n m\u00fcharib\u0259si i\u015ftirak\u00e7\u0131lar\u0131 v\u0259 \u015f\u0259hid ail\u0259l\u0259ri il\u0259 i\u015fin t\u0259\u015fkili \u015f\u00f6b\u0259sinin ba\u015f m\u0259sl\u0259h\u0259t\u00e7isi F\u0259qan D\u00fcnyamal\u0131yev, El\u015f\u0259n Mehrabov v\u0259 Fuad R\u00fcst\u0259movun da \u00a0i\u015ftirak etdiyi t\u0259dbiri \u00a0m\u0259kt\u0259bin direktoru Fuad Mirz\u0259yev a\u00e7araq 2020-ci ild\u0259 torpaqlar\u0131m\u0131z\u0131n erm\u0259ni i\u015f\u011fal\u0131ndan azad edilm\u0259si u\u011frunda ged\u0259n 44 g\u00fcnl\u00fck m\u00fcharib\u0259d\u0259 M\u00fcz\u0259ff\u0259r Ali Ba\u015f Komandan\u00a0 \u0130lham \u018fliyevin r\u0259hb\u0259rliyi il\u0259 r\u0259\u015fad\u0259tli Az\u0259rbaycan Ordusunun \u0259ld\u0259 etdiyi m\u00f6ht\u0259\u015f\u0259m q\u0259l\u0259b\u0259d\u0259n v\u0259 bu q\u0259l\u0259b\u0259nin qazan\u0131lmas\u0131nda Xalq-Ordu birliyinin \u0259h\u0259miyy\u0259tind\u0259n dan\u0131\u015f\u0131b. Sabaun\u00e7u Rayon A\u011fsaqqallar \u015euras\u0131n\u0131n s\u0259dri S\u0259m\u0259nd\u0259r M\u0259mm\u0259dov \u00e7\u0131x\u0131\u015f\u0131nda d\u00f6vl\u0259t\u00e7iliyin qorunmas\u0131, 44 g\u00fcnl\u00fck m\u00fcharib\u0259d\u0259 q\u0259l\u0259b\u0259mizin t\u0259min olunmas\u0131nda xalq\u0131n \u00f6lk\u0259 ba\u015f\u00e7\u0131s\u0131, Ali Ba\u015f Komandan \u0130lham \u018fliyevin \u0259traf\u0131nda s\u0131x birl\u0259\u015fm\u0259si v\u0259 Xalq-Ordu birliyinin b\u00f6y\u00fck rol oynad\u0131\u011f\u0131n\u0131 vur\u011fulay\u0131b. Sabun\u00e7u Rayon A\u011fsaqqallar \u015euras\u0131 s\u0259drinin m\u00fcavini, \u018fm\u0259kdar m\u0259d\u0259niyy\u0259t i\u015f\u00e7isi Musa N\u0259bio\u011flu, 271 sayl\u0131 tam orta m\u0259kt\u0259bin direktor m\u00fcavinl\u0259ri R\u00fcxsar\u0259 \u018flizad\u0259 v\u0259 Ofeyliya Arazova da \u00f6z \u00e7\u0131x\u0131\u015flar\u0131nda Xalq-Ordu birliyind\u0259n, II Qaraba\u011f m\u00fcharib\u0259sind\u0259 Ordumuzun \u015fanl\u0131 q\u0259lb\u0259sind\u0259n s\u00f6z a\u00e7\u0131blar. M\u0259kt\u0259bin yuxar\u0131 sinif \u015fagirdl\u0259ri \u0130lah\u0259 R\u0259sulova, T\u00fcrkan K\u0259rimova, Nuray \u018fliyeva v\u0259 ba\u015fqalar\u0131 v\u0259t\u0259np\u0259rv\u0259rlikl\u0259 ba\u011fl\u0131 d\u00fc\u015f\u00fcnc\u0259l\u0259rini b\u00f6l\u00fc\u015f\u00fcb, bu m\u00f6vzuda \u015feirl\u0259r s\u0259sl\u0259ndiribl\u0259r.<\/p>\n<p>Sonda t\u0259dbir i\u015ftirak\u00e7\u0131lar\u0131na Xalq \u015fairi Z\u0259limxan Yaqubun \u201cQaraba\u011f \u015fik\u0259st\u0259si\u201d v\u0259 \u018fm\u0259kdar m\u0259d\u0259niyy\u0259t i\u015f\u00e7isi Musa N\u0259bio\u011flunun II Qarba\u011f m\u00fcharib\u0259si \u015f\u0259hidl\u0259ri v\u0259 qazil\u0259rind\u0259n b\u0259hs ed\u0259n \u201cBor\u00e7al\u0131dan \u015eu\u015faya ged\u0259n yol\u201d adl\u0131 kitab\u0131 h\u0259diyy\u0259 olunub.[\/vc_column_text][\/vc_column][\/vc_row][vc_row][vc_column]\t\t\t<link rel=\"stylesheet\" id=\"wd-section-title-css\" href=\"https:\/\/agsaqqallarsurasi.az\/wp-content\/themes\/agsaqqallarsurasi\/css\/parts\/el-section-title.min.css?ver=6.2.4\" type=\"text\/css\" media=\"all\" \/> \t\t\t\t\t\n\t\t<div id=\"wd-62562cb3d001e\" class=\"title-wrapper wd-wpb set-mb-s reset-last-child  wd-rs-62562cb3d001e wd-title-color-primary wd-underline-colored wd-title-style-underlined wd-width-100 text-left \">\n\t\t\t\n\t\t\t<div class=\"liner-continer\">\n\t\t\t\t<h4 class=\"woodmart-title-container title  wd-font-weight- wd-fontsize-l\" >Fotoqalereya<\/h4>\n\t\t\t\t\t\t\t<\/div>\n\t\t\t\n\t\t\t\n\t\t\t\n\t\t<\/div>\n\t\t\n\t\t[\/vc_column][\/vc_row]<\/p>\n","protected":false},"excerpt":{"rendered":"<p>[vc_row][vc_column][vc_column_text]Aprel ay\u0131n\u0131n 8-d\u0259 Bak\u0131xanov q\u0259s\u0259b\u0259sind\u0259ki 271 sayl\u0131 tam orta m\u0259kt\u0259bd\u0259 Sabun\u00e7u Rayon A\u011fsaqqallar \u015euras\u0131n\u0131n t\u0259\u015fkilat\u00e7\u0131l\u0131\u011f\u0131 il\u0259 \u201cM\u00fcz\u0259ff\u0259r Ali Ba\u015f Komandan<\/p>\n","protected":false},"author":1,"featured_media":653,"comment_status":"open","ping_status":"open","sticky":false,"template":"","format":"standard","meta":{"cybocfi_hide_featured_image":"yes"},"categories":[24],"tags":[],"_links":{"self":[{"href":"https:\/\/agsaqqallarsurasi.az\/en\/wp-json\/wp\/v2\/posts\/652"}],"collection":[{"href":"https:\/\/agsaqqallarsurasi.az\/en\/wp-json\/wp\/v2\/posts"}],"about":[{"href":"https:\/\/agsaqqallarsurasi.az\/en\/wp-json\/wp\/v2\/types\/post"}],"author":[{"embeddable":true,"href":"https:\/\/agsaqqallarsurasi.az\/en\/wp-json\/wp\/v2\/users\/1"}],"replies":[{"embeddable":true,"href":"https:\/\/agsaqqallarsurasi.az\/en\/wp-json\/wp\/v2\/comments?post=652"}],"version-history":[{"count":5,"href":"https:\/\/agsaqqallarsurasi.az\/en\/wp-json\/wp\/v2\/posts\/652\/revisions"}],"predecessor-version":[{"id":817,"href":"https:\/\/agsaqqallarsurasi.az\/en\/wp-json\/wp\/v2\/posts\/652\/revisions\/817"}],"wp:featuredmedia":[{"embeddable":true,"href":"https:\/\/agsaqqallarsurasi.az\/en\/wp-json\/wp\/v2\/media\/653"}],"wp:attachment":[{"href":"https:\/\/agsaqqallarsurasi.az\/en\/wp-json\/wp\/v2\/media?parent=652"}],"wp:term":[{"taxonomy":"category","embeddable":true,"href":"https:\/\/agsaqqallarsurasi.az\/en\/wp-json\/wp\/v2\/categories?post=652"},{"taxonomy":"post_tag","embeddable":true,"href":"https:\/\/agsaqqallarsurasi.az\/en\/wp-json\/wp\/v2\/tags?post=652"}],"curies":[{"name":"wp","href":"https:\/\/api.w.org\/{rel}","templated":true}]}}