{"id":882,"date":"2022-04-16T21:01:56","date_gmt":"2022-04-16T17:01:56","guid":{"rendered":"https:\/\/agsaqqallarsurasi.az\/?p=882"},"modified":"2022-04-26T23:19:24","modified_gmt":"2022-04-26T19:19:24","slug":"qurbanqulu-berdim%c9%99h%c9%99mm%c9%99dov-turk-dovl%c9%99tl%c9%99ri-t%c9%99skilatinin-agsaqqallar-surasina-uzv-olub","status":"publish","type":"post","link":"https:\/\/agsaqqallarsurasi.az\/en\/qurbanqulu-berdim%c9%99h%c9%99mm%c9%99dov-turk-dovl%c9%99tl%c9%99ri-t%c9%99skilatinin-agsaqqallar-surasina-uzv-olub\/","title":{"rendered":"Qurbanqulu Berdim\u0259h\u0259mm\u0259dov T\u00fcrk D\u00f6vl\u0259tl\u0259ri T\u0259\u015fkilat\u0131n\u0131n A\u011fsaqqallar \u015euras\u0131na \u00fczv olub"},"content":{"rendered":"<p><img loading=\"lazy\" class=\"alignleft wp-image-883\" src=\"https:\/\/agsaqqallarsurasi.az\/wp-content\/uploads\/2022\/04\/thumbnail_207b6a35fa32ba8545e4aa75981d355e.jpg\" alt=\"\" width=\"400\" height=\"258\" srcset=\"https:\/\/agsaqqallarsurasi.az\/wp-content\/uploads\/2022\/04\/thumbnail_207b6a35fa32ba8545e4aa75981d355e.jpg 799w, https:\/\/agsaqqallarsurasi.az\/wp-content\/uploads\/2022\/04\/thumbnail_207b6a35fa32ba8545e4aa75981d355e-300x194.jpg 300w, https:\/\/agsaqqallarsurasi.az\/wp-content\/uploads\/2022\/04\/thumbnail_207b6a35fa32ba8545e4aa75981d355e-768x496.jpg 768w\" sizes=\"(max-width: 400px) 100vw, 400px\" \/>T\u00fcrkm\u0259nistan\u0131n sabiq prezidenti v\u0259 T\u00fcrkm\u0259nistan Milli \u015euras\u0131n\u0131n Xalq M\u0259sl\u0259h\u0259tinin (T\u00fcrkm\u0259nistan Parlamentinin Yuxar\u0131 Palatas\u0131) s\u0259dri Qurbanqulu Berdim\u0259h\u0259mm\u0259dov T\u00fcrkm\u0259nistan a\u011fsaqqal\u0131 olaraq T\u00fcrk D\u00f6vl\u0259tl\u0259ri T\u0259\u015fkilat\u0131 (TDT) A\u011fsaqqallar \u015euras\u0131na \u00fczv olub.<\/p>\n<p>Bu bar\u0259d\u0259 T\u00fcrk D\u00f6vl\u0259tl\u0259ri T\u0259\u015fkilat\u0131 m\u0259lumat yay\u0131b. H\u0259m\u00e7inin qeyd olunub ki, Qurbanqulu Berdim\u0259h\u0259mm\u0259dovun T\u00fcrk D\u00f6vl\u0259tl\u0259ri T\u0259\u015fkilat\u0131n\u0131n daimi m\u0259\u015fv\u0259r\u0259t orqan\u0131 olan A\u011fsaqqallar \u015euras\u0131nda i\u015ftirak\u0131 T\u00fcrkm\u0259nistan\u0131n T\u00fcrk d\u00fcnyas\u0131nda siyasi, iqtisadi, m\u0259d\u0259ni, humanitar v\u0259 dig\u0259r sah\u0259l\u0259rd\u0259 \u00e7ox\u015fax\u0259li \u0259m\u0259kda\u015fl\u0131\u011f\u0131n d\u0259rinl\u0259\u015fm\u0259sin\u0259 verdiyi t\u00f6hf\u0259y\u0259 yeni t\u0259kan olacaqd\u0131r.<\/p>\n<p>Xat\u0131rladaq ki, T\u00fcrkm\u0259nistan 2021-ci ild\u0259n T\u00fcrk D\u00f6vl\u0259tl\u0259ri T\u0259\u015fkilat\u0131n\u0131n f\u0259aliyy\u0259tind\u0259 m\u00fc\u015fahid\u0259\u00e7i \u00fczv qismind\u0259 i\u015ftirak edirdi.<\/p>\n","protected":false},"excerpt":{"rendered":"<p>T\u00fcrkm\u0259nistan\u0131n sabiq prezidenti v\u0259 T\u00fcrkm\u0259nistan Milli \u015euras\u0131n\u0131n Xalq M\u0259sl\u0259h\u0259tinin (T\u00fcrkm\u0259nistan Parlamentinin Yuxar\u0131 Palatas\u0131) s\u0259dri Qurbanqulu Berdim\u0259h\u0259mm\u0259dov T\u00fcrkm\u0259nistan a\u011fsaqqal\u0131 olaraq T\u00fcrk<\/p>\n","protected":false},"author":1,"featured_media":883,"comment_status":"open","ping_status":"open","sticky":false,"template":"","format":"standard","meta":{"cybocfi_hide_featured_image":"yes"},"categories":[24],"tags":[],"_links":{"self":[{"href":"https:\/\/agsaqqallarsurasi.az\/en\/wp-json\/wp\/v2\/posts\/882"}],"collection":[{"href":"https:\/\/agsaqqallarsurasi.az\/en\/wp-json\/wp\/v2\/posts"}],"about":[{"href":"https:\/\/agsaqqallarsurasi.az\/en\/wp-json\/wp\/v2\/types\/post"}],"author":[{"embeddable":true,"href":"https:\/\/agsaqqallarsurasi.az\/en\/wp-json\/wp\/v2\/users\/1"}],"replies":[{"embeddable":true,"href":"https:\/\/agsaqqallarsurasi.az\/en\/wp-json\/wp\/v2\/comments?post=882"}],"version-history":[{"count":1,"href":"https:\/\/agsaqqallarsurasi.az\/en\/wp-json\/wp\/v2\/posts\/882\/revisions"}],"predecessor-version":[{"id":884,"href":"https:\/\/agsaqqallarsurasi.az\/en\/wp-json\/wp\/v2\/posts\/882\/revisions\/884"}],"wp:featuredmedia":[{"embeddable":true,"href":"https:\/\/agsaqqallarsurasi.az\/en\/wp-json\/wp\/v2\/media\/883"}],"wp:attachment":[{"href":"https:\/\/agsaqqallarsurasi.az\/en\/wp-json\/wp\/v2\/media?parent=882"}],"wp:term":[{"taxonomy":"category","embeddable":true,"href":"https:\/\/agsaqqallarsurasi.az\/en\/wp-json\/wp\/v2\/categories?post=882"},{"taxonomy":"post_tag","embeddable":true,"href":"https:\/\/agsaqqallarsurasi.az\/en\/wp-json\/wp\/v2\/tags?post=882"}],"curies":[{"name":"wp","href":"https:\/\/api.w.org\/{rel}","templated":true}]}}