{"id":888,"date":"2022-04-20T21:27:04","date_gmt":"2022-04-20T17:27:04","guid":{"rendered":"https:\/\/agsaqqallarsurasi.az\/?p=888"},"modified":"2022-04-26T23:28:14","modified_gmt":"2022-04-26T19:28:14","slug":"g%c9%99nc%c9%99-seher-agsaqqallar-surasina-yeni-s%c9%99dr-secilib","status":"publish","type":"post","link":"https:\/\/agsaqqallarsurasi.az\/en\/g%c9%99nc%c9%99-seher-agsaqqallar-surasina-yeni-s%c9%99dr-secilib\/","title":{"rendered":"G\u0259nc\u0259 \u015e\u0259h\u0259r A\u011fsaqqallar \u015euras\u0131na yeni s\u0259dr se\u00e7ilib"},"content":{"rendered":"<p><img loading=\"lazy\" class=\"alignleft wp-image-889\" src=\"https:\/\/agsaqqallarsurasi.az\/wp-content\/uploads\/2022\/04\/thumbnail_5ded1c134a704a2efe1e5bf8849f046d.jpeg\" alt=\"\" width=\"400\" height=\"258\" srcset=\"https:\/\/agsaqqallarsurasi.az\/wp-content\/uploads\/2022\/04\/thumbnail_5ded1c134a704a2efe1e5bf8849f046d.jpeg 799w, https:\/\/agsaqqallarsurasi.az\/wp-content\/uploads\/2022\/04\/thumbnail_5ded1c134a704a2efe1e5bf8849f046d-300x194.jpeg 300w, https:\/\/agsaqqallarsurasi.az\/wp-content\/uploads\/2022\/04\/thumbnail_5ded1c134a704a2efe1e5bf8849f046d-768x496.jpeg 768w\" sizes=\"(max-width: 400px) 100vw, 400px\" \/>Aprel ay\u0131n\u0131n 20-d\u0259 G\u0259nc\u0259 \u015e\u0259h\u0259r A\u011fsaqqallar \u015euras\u0131n\u0131n konfrans\u0131 ke\u00e7irilib. Konfransda G\u0259nc\u0259 \u015e\u0259h\u0259r \u0130cra Hakimiyy\u0259tinin ba\u015f\u00e7\u0131s\u0131 Niyazi Bayramov, Az\u0259rbaycan A\u011fsaqqallar \u015euras\u0131 s\u0259drinin m\u00fcavini Bayram Yusifov, Az\u0259rbaycan A\u011fsaqqallar \u015euras\u0131n\u0131n \u0130dar\u0259 Hey\u0259tinin \u00fczv\u00fc, AMEA-n\u0131n G\u0259nc\u0259 B\u00f6lm\u0259sinin s\u0259dri, akademik Fuad \u018fliyev, Az\u0259rbaycan A\u011fsaqqallar \u015euras\u0131n\u0131n M\u0259tbuat katibi Rafiq Rzayev v\u0259 G\u0259nc\u0259 \u015e\u0259h\u0259r A\u011fsaqqallar \u015euras\u0131n\u0131n \u0130dar\u0259 Hey\u0259tinin \u00fczvl\u0259ri i\u015ftirak edibl\u0259r.<\/p>\n<p>\u018fvv\u0259lc\u0259 t\u0259dbir i\u015ftirak\u00e7\u0131lar\u0131 \u00fcmummilli lider Heyd\u0259r \u018fliyevin abid\u0259sini ziyar\u0259t ed\u0259r\u0259k \u00f6n\u00fcn\u0259 g\u00fcl d\u0259st\u0259l\u0259ri d\u00fcz\u00fcbl\u0259r.<\/p>\n<p>Toplant\u0131da Az\u0259rbaycan\u0131n suverenliyi v\u0259 \u0259razi b\u00fct\u00f6vl\u00fcy\u00fc u\u011frunda \u015f\u0259hid olanlar\u0131n v\u0259 G\u0259nc\u0259 \u015e\u0259h\u0259r A\u011fsaqqallar \u015euras\u0131n\u0131n m\u0259rhum s\u0259dri Xalid Qurbanovun xatir\u0259si bir d\u0259qiq\u0259lik s\u00fckutla yad olunub.<\/p>\n<p>Daha sonra konfrans\u0131n g\u00fcnd\u0259liyi m\u00fczakir\u0259 edilib v\u0259 orada \u00f6z \u0259ksini tapan m\u0259s\u0259l\u0259l\u0259r s\u0259s\u0259 qoyulub. G\u0259nc\u0259 \u015e\u0259h\u0259r A\u011fsaqqallar \u015euras\u0131 s\u0259drinin birinci m\u00fcavini, professor Nur\u0259ddin M\u0259mm\u0259dov a\u00e7\u0131q s\u0259sverm\u0259 yolu il\u0259 \u015euran\u0131n s\u0259dri se\u00e7ilib. Bununla yana\u015f\u0131, \u015euran\u0131n \u0130dar\u0259 Hey\u0259tinin t\u0259rkibi yenid\u0259n formala\u015fd\u0131r\u0131l\u0131b, yeni \u00fczvl\u0259r se\u00e7ilib. H\u0259m\u00e7inin G\u0259nc\u0259 \u015e\u0259h\u0259r A\u011fsaqqallar \u015euras\u0131n\u0131n 2022-ci il \u00fc\u00e7\u00fcn \u0130\u015f Plan\u0131 m\u00fczakir\u0259 olunub v\u0259 t\u0259sdiql\u0259nib.<\/p>\n<p>Az\u0259rbaycan A\u011fsaqqallar \u015euras\u0131 s\u0259drinin m\u00fcavini Bayram Yusifov \u015euran\u0131n s\u0259dri, mill\u0259t v\u0259kili, professor Eldar Quliyevin s\u0259mimi salamlar\u0131n\u0131 t\u0259dbir i\u015ftirak\u00e7\u0131lar\u0131na \u00e7atd\u0131raraq G\u0259nc\u0259 \u015e\u0259h\u0259r A\u011fsaqqallar \u015euras\u0131n\u0131n yeni se\u00e7il\u0259n s\u0259drini v\u0259 \u0130dar\u0259 Hey\u0259tinin \u00fczvl\u0259rini t\u0259brik edib, g\u0259l\u0259c\u0259k f\u0259aliyy\u0259tl\u0259rind\u0259 onlara u\u011furlar dil\u0259yib. Daha sonra natiq a\u011fsaqqallar\u0131n \u00f6lk\u0259mizin ictimai-m\u0259d\u0259ni h\u0259yat\u0131ndak\u0131 \u0259h\u0259miyy\u0259tli rolundan, ya\u015fl\u0131 n\u0259slin n\u00fcmay\u0259nd\u0259l\u0259rin\u0259 g\u00f6st\u0259ril\u0259n d\u00f6vl\u0259t qay\u011f\u0131s\u0131ndan dan\u0131\u015f\u0131b. O, g\u0259ncl\u0259rin d\u00f6vl\u0259t\u0259, xalqa s\u0259daq\u0259t ruhunda, z\u0259r\u0259rli t\u0259sirl\u0259rd\u0259n uzaq v\u0259 sa\u011flam \u0259saslar \u00fcz\u0259rind\u0259 t\u0259rbiy\u0259si i\u015find\u0259 a\u011fsaqqallara h\u0259r zaman b\u00f6y\u00fck ehtiyac\u0131n oldu\u011funu diqq\u0259t\u0259 \u00e7atd\u0131r\u0131b. A\u011fsaqqal s\u00f6z\u00fcn\u00fcn \u00e7ox uca v\u0259 d\u0259y\u0259rli s\u00f6z oldu\u011funu qeyd ed\u0259n Bayram Yusifov ulu \u00f6nd\u0259r Heyd\u0259r \u018fliyevin Az\u0259rbaycan\u0131n \u00fcmummilli lideri, unudulmaz a\u011fsaqqal\u0131 olaraq \u00f6lk\u0259miz \u00fc\u00e7\u00fcn g\u00f6rd\u00fcy\u00fc m\u00f6ht\u0259\u015f\u0259m i\u015fl\u0259rd\u0259n b\u0259hs edib. M\u00fcz\u0259ff\u0259r Ali Ba\u015f Komandan, Az\u0259rbaycan Respublikas\u0131n\u0131n Prezidenti c\u0259nab \u0130lham \u018fliyevin Ulu \u00d6nd\u0259rin yolunu h\u0259r bir sah\u0259d\u0259 b\u00f6y\u00fck u\u011furla davam etdirdiyini vur\u011fulayaraq \u0259lav\u0259 edib ki, biz a\u011fsaqqallar da h\u0259r zaman d\u00f6vl\u0259t ba\u015f\u00e7\u0131m\u0131z\u0131 d\u0259st\u0259kl\u0259m\u0259li v\u0259 onun \u0259traf\u0131nda daha s\u0131x birl\u0259\u015fm\u0259liyik.<\/p>\n<p>G\u0259nc\u0259 \u015e\u0259h\u0259r \u0130cra Hakimiyy\u0259tinin ba\u015f\u00e7\u0131s\u0131 Niyazi Bayramov \u00f6z \u00e7\u0131x\u0131\u015f\u0131nda qeyd edib ki, xalq\u0131m\u0131z\u0131n m\u0259n\u0259vi d\u00fcnyas\u0131nda, milli mentalitetind\u0259 a\u011fsaqqal, a\u011fbir\u00e7\u0259k s\u00f6z\u00fc, xeyir-duas\u0131 h\u0259mi\u015f\u0259 ali h\u0259yat m\u0259ram\u0131 olub. O bildirib ki, G\u0259nc\u0259nin a\u011fsaqqallar\u0131 ist\u0259r V\u0259t\u0259n m\u00fcharib\u0259sind\u0259, ist\u0259rs\u0259 d\u0259 pandemiya d\u00f6vr\u00fcnd\u0259 \u015f\u0259h\u0259r \u0259halisin\u0259 daim m\u0259n\u0259vi d\u0259st\u0259k olublar. \u00c7\u0131x\u0131\u015f\u0131n\u0131n sonunda Niyazi Bayramov A\u011fsaqqallar \u015euras\u0131n\u0131n yeni se\u00e7ilmi\u015f s\u0259drini v\u0259 \u00fczvl\u0259rini t\u0259brik edib, onlara m\u00fcv\u0259ff\u0259qiyy\u0259tl\u0259r arzulay\u0131b.<\/p>\n<p>Daha sonra \u00e7\u0131x\u0131\u015f ed\u0259n Az\u0259rbaycan A\u011fsaqqallar \u015euras\u0131n\u0131n \u0130dar\u0259 Hey\u0259tinin \u00fczv\u00fc, AMEA-n\u0131n G\u0259nc\u0259 B\u00f6lm\u0259sinin s\u0259dri, akademik Fuad \u018fliyev, G\u0259nc\u0259 \u015e\u0259h\u0259r A\u011fsaqqallar \u015euras\u0131n\u0131n \u0130dar\u0259 Hey\u0259tinin \u00fczv\u00fc, Az\u0259rbaycan Yaz\u0131\u00e7\u0131lar Birliyinin G\u0259nc\u0259 b\u00f6lm\u0259sinin s\u0259dri X\u0259z\u0259ng\u00fcl H\u00fcseynova v\u0259 dig\u0259r natiql\u0259r \u00f6z \u00e7\u0131x\u0131\u015flar\u0131nda a\u011fsaqqallar\u0131n c\u0259miyy\u0259td\u0259ki y\u00fcks\u0259k m\u00f6vqeyind\u0259n b\u0259hs ed\u0259r\u0259k g\u0259l\u0259c\u0259kd\u0259 onlar\u0131n qar\u015f\u0131s\u0131nda duran \u0259sas v\u0259zif\u0259l\u0259rd\u0259n s\u00f6z a\u00e7\u0131blar, yeni se\u00e7il\u0259n \u015eura s\u0259drin\u0259 v\u0259 \u0130dar\u0259 Hey\u0259tinin \u00fczvl\u0259rin\u0259 u\u011furlar dil\u0259yibl\u0259r.<\/p>\n<p>G\u0259nc\u0259 \u015e\u0259h\u0259r A\u011fsaqqallar \u015euras\u0131n\u0131n yeni s\u0259dri, professor Nur\u0259ddin M\u0259mm\u0259dov g\u00f6st\u0259ril\u0259n etimada g\u00f6r\u0259 \u00f6z minn\u0259tdarl\u0131\u011f\u0131n\u0131 ifad\u0259 edib. O, bundan sonra da \u015euran\u0131n u\u011furlu f\u0259aliyy\u0259ti \u00fc\u00e7\u00fcn \u0259lind\u0259n g\u0259l\u0259ni \u0259sirg\u0259m\u0259y\u0259c\u0259yini bildirib.<\/p>\n<p>Sonda xatir\u0259 \u015f\u0259kli \u00e7\u0259kdirilib.<\/p>\n","protected":false},"excerpt":{"rendered":"<p>Aprel ay\u0131n\u0131n 20-d\u0259 G\u0259nc\u0259 \u015e\u0259h\u0259r A\u011fsaqqallar \u015euras\u0131n\u0131n konfrans\u0131 ke\u00e7irilib. Konfransda G\u0259nc\u0259 \u015e\u0259h\u0259r \u0130cra Hakimiyy\u0259tinin ba\u015f\u00e7\u0131s\u0131 Niyazi Bayramov, Az\u0259rbaycan A\u011fsaqqallar \u015euras\u0131<\/p>\n","protected":false},"author":1,"featured_media":889,"comment_status":"open","ping_status":"open","sticky":false,"template":"","format":"standard","meta":{"cybocfi_hide_featured_image":"yes"},"categories":[24],"tags":[],"_links":{"self":[{"href":"https:\/\/agsaqqallarsurasi.az\/en\/wp-json\/wp\/v2\/posts\/888"}],"collection":[{"href":"https:\/\/agsaqqallarsurasi.az\/en\/wp-json\/wp\/v2\/posts"}],"about":[{"href":"https:\/\/agsaqqallarsurasi.az\/en\/wp-json\/wp\/v2\/types\/post"}],"author":[{"embeddable":true,"href":"https:\/\/agsaqqallarsurasi.az\/en\/wp-json\/wp\/v2\/users\/1"}],"replies":[{"embeddable":true,"href":"https:\/\/agsaqqallarsurasi.az\/en\/wp-json\/wp\/v2\/comments?post=888"}],"version-history":[{"count":3,"href":"https:\/\/agsaqqallarsurasi.az\/en\/wp-json\/wp\/v2\/posts\/888\/revisions"}],"predecessor-version":[{"id":897,"href":"https:\/\/agsaqqallarsurasi.az\/en\/wp-json\/wp\/v2\/posts\/888\/revisions\/897"}],"wp:featuredmedia":[{"embeddable":true,"href":"https:\/\/agsaqqallarsurasi.az\/en\/wp-json\/wp\/v2\/media\/889"}],"wp:attachment":[{"href":"https:\/\/agsaqqallarsurasi.az\/en\/wp-json\/wp\/v2\/media?parent=888"}],"wp:term":[{"taxonomy":"category","embeddable":true,"href":"https:\/\/agsaqqallarsurasi.az\/en\/wp-json\/wp\/v2\/categories?post=888"},{"taxonomy":"post_tag","embeddable":true,"href":"https:\/\/agsaqqallarsurasi.az\/en\/wp-json\/wp\/v2\/tags?post=888"}],"curies":[{"name":"wp","href":"https:\/\/api.w.org\/{rel}","templated":true}]}}