{"id":910,"date":"2022-04-26T13:19:46","date_gmt":"2022-04-26T09:19:46","guid":{"rendered":"https:\/\/agsaqqallarsurasi.az\/?p=910"},"modified":"2022-04-26T23:39:08","modified_gmt":"2022-04-26T19:39:08","slug":"masalli-rayon-agsaqqallar-surasinin-hesabati-dinl%c9%99nilib","status":"publish","type":"post","link":"https:\/\/agsaqqallarsurasi.az\/en\/masalli-rayon-agsaqqallar-surasinin-hesabati-dinl%c9%99nilib\/","title":{"rendered":"Masall\u0131 Rayon A\u011fsaqqallar \u015euras\u0131n\u0131n hesabat\u0131 dinl\u0259nilib"},"content":{"rendered":"<p><img loading=\"lazy\" class=\"alignleft wp-image-911\" src=\"https:\/\/agsaqqallarsurasi.az\/wp-content\/uploads\/2022\/04\/thumbnail_74992679c85e244955da312506dc0cce.jpg\" alt=\"\" width=\"400\" height=\"259\" srcset=\"https:\/\/agsaqqallarsurasi.az\/wp-content\/uploads\/2022\/04\/thumbnail_74992679c85e244955da312506dc0cce.jpg 799w, https:\/\/agsaqqallarsurasi.az\/wp-content\/uploads\/2022\/04\/thumbnail_74992679c85e244955da312506dc0cce-300x194.jpg 300w, https:\/\/agsaqqallarsurasi.az\/wp-content\/uploads\/2022\/04\/thumbnail_74992679c85e244955da312506dc0cce-768x497.jpg 768w\" sizes=\"(max-width: 400px) 100vw, 400px\" \/>Masall\u0131 Rayon A\u011fsaqqallar \u015euras\u0131n\u0131n hesabat y\u0131\u011f\u0131nca\u011f\u0131 ke\u00e7irilib. Masall\u0131 \u015f\u0259h\u0259rind\u0259 yerl\u0259\u015f\u0259n A\u011fsaqqallar klubundak\u0131 y\u0131\u011f\u0131ncaqda Rayon A\u011fsaqqallar \u015euras\u0131n\u0131n s\u0259dri v\u0259 \u015fura \u00fczvl\u0259ri, K\u0130V n\u00fcmay\u0259nd\u0259l\u0259ri i\u015ftirak edibl\u0259r.<\/p>\n<p>\u018fvv\u0259lc\u0259 \u015f\u0259hidl\u0259rimizin xatir\u0259si bir d\u0259qiq\u0259lik s\u00fckutla yad olunub. Sonra<br \/>\nMasall\u0131 Rayon A\u011fsaqqallar \u015euras\u0131n\u0131n s\u0259dri,\u00a0 III d\u0259r\u0259c\u0259li \u00abV\u0259t\u0259n\u0259 xidm\u0259t\u0259 g\u00f6r\u0259\u00bb ordenli \u018fl\u0259\u015fr\u0259f Niftiyevin\u00a0\u015euran\u0131n 2021-ci ild\u0259 apar\u0131lan i\u015fl\u0259r\u0259 v\u0259 qar\u015f\u0131da duran v\u0259zif\u0259l\u0259r\u0259 dair hesabat m\u0259ruz\u0259si dinl\u0259nilib. \u00d6lk\u0259d\u0259 a\u011fsaqqallara g\u00f6st\u0259ril\u0259n qay\u011f\u0131dan, onlar\u0131n \u00f6lk\u0259nin ictimai-siyasi h\u0259yat\u0131ndak\u0131 rolundan s\u00f6z a\u00e7an natiq deyib ki, d\u00f6vl\u0259timizin ba\u015f\u00e7\u0131s\u0131 c\u0259nab \u0130lham \u018fliyevin regionlar\u0131n sosial-iqtisadi inki\u015faf\u0131 il\u0259 ba\u011fl\u0131 q\u0259bul etdiyi q\u0259rar v\u0259 s\u0259r\u0259ncamlar\u0131n\u0131n Masall\u0131da da konkret n\u0259tic\u0259l\u0259rinin olmas\u0131 sevindiricidir. O, rayon a\u011fsaqqallar\u0131n\u0131n d\u00f6vl\u0259t \u0259h\u0259miyy\u0259tli t\u0259dbirl\u0259rd\u0259 f\u0259al i\u015ftirak\u0131n\u0131, m\u0259kt\u0259b v\u0259 dig\u0259r m\u00fc\u0259ssis\u0259l\u0259rd\u0259 g\u00f6r\u00fc\u015fl\u0259rini, h\u0259m\u00e7inin g\u0259ncl\u0259rin h\u0259rbi-v\u0259t\u0259np\u0259rv\u0259rlik ruhunda t\u0259rbiy\u0259sind\u0259, multikulturalizm v\u0259 tolerantl\u0131q, milli-m\u0259n\u0259vi d\u0259y\u0259rl\u0259rimizin qorunmas\u0131nda zidd h\u0259r\u0259k\u0259tl\u0259r\u0259 qar\u015f\u0131 m\u00fcbariz\u0259d\u0259 \u00f6z xidm\u0259tl\u0259rini \u0259sirg\u0259m\u0259dikl\u0259rini bildirib,\u00a044 g\u00fcnl\u00fck V\u0259t\u0259n m\u00fcharib\u0259sind\u0259ki Q\u0259l\u0259b\u0259mizin tarixi \u0259h\u0259miyy\u0259tind\u0259n dan\u0131\u015f\u0131b.<\/p>\n<p>Sonra t\u0259\u015fkilati m\u0259s\u0259l\u0259l\u0259r m\u00fczakir\u0259 olunub.<\/p>\n<p>\u00c7\u0131x\u0131\u015flarda m\u00fcst\u0259qil d\u00f6vl\u0259timizin inki\u015faf edib m\u00f6hk\u0259ml\u0259nm\u0259sin\u0259 Masall\u0131 a\u011fsaqqallar\u0131n\u0131n h\u0259r zaman t\u00f6hf\u0259 ver\u0259c\u0259kl\u0259rin\u0259 \u0259minlik ifad\u0259 olunub, t\u0259klifl\u0259r s\u0259sl\u0259ndirilib.<\/p>\n<p>\u015eura \u00fczvl\u0259rind\u0259n \u018fyyub Mehdiyev, \u018fdal\u0259t Nem\u0259tov, M\u0259mm\u0259d\u0259li \u018flina\u011f\u0131yev, Meysaba Aslanova, \u018fl\u00f6vs\u0259t Sad\u0131qov, \u015f\u0259hid atas\u0131 Rauf H\u0259s\u0259nov, Masall\u0131 \u015f\u0259h\u0259r \u201cC\u00fcm\u0259\u201d m\u0259scidinin imam\u0131 M\u0259ftun H\u00fcseynov v\u0259 ba\u015fqalar\u0131 Ali Ba\u015f Komandan c\u0259nab \u0130lham \u018fliyevin q\u0259tiyy\u0259tli r\u0259hb\u0259rliyi il\u0259 r\u0259\u015fad\u0259tli Ordumuz t\u0259r\u0259find\u0259n 44 g\u00fcnl\u00fck V\u0259t\u0259n m\u00fcharib\u0259sind\u0259 torpaqlar\u0131m\u0131z\u0131n i\u015f\u011faldan azad edilm\u0259sind\u0259n, xalq\u0131m\u0131z\u0131n bu q\u0259l\u0259b\u0259d\u0259n nec\u0259 q\u00fcrur duymas\u0131ndan s\u00f6z a\u00e7\u0131blar. Natiql\u0259r bildiribl\u0259r ki, Masall\u0131 a\u011fsaqqallar\u0131 ilk g\u00fcnl\u0259rd\u0259n \u015f\u0259hid ail\u0259l\u0259rinin yanlar\u0131nda olublar, onlara h\u0259r c\u00fcr m\u0259n\u0259vi d\u0259st\u0259k g\u00f6st\u0259ribl\u0259r. Qeyd edilib ki, xalq\u0131m\u0131z\u0131n milli-m\u0259n\u0259vi d\u0259y\u0259rl\u0259rind\u0259 a\u011fsaqqal s\u00f6z\u00fc, xeyir-duas\u0131 h\u0259mi\u015f\u0259 \u00fcst\u00fcn olub.<\/p>\n<p>T\u0259dbir zaman\u0131 \u015eura \u00fczv\u00fc, veteran t\u0259hsil i\u015f\u00e7isi \u018fdal\u0259t Nem\u0259tov t\u0259\u015fkilat\u0131n i\u015find\u0259 f\u0259al i\u015ftirak\u0131na g\u00f6r\u0259 v\u0259 70 illik yubileyi m\u00fcnasib\u0259til\u0259 Rayon A\u011fsaqqallar \u015euras\u0131n\u0131n, M\u00fcharib\u0259, \u018fm\u0259k v\u0259 Silahl\u0131 Q\u00fcvv\u0259l\u0259r Veteranlar T\u0259\u015fkilat\u0131n\u0131n F\u0259xri f\u0259rmanlar\u0131 il\u0259 t\u0259ltif edilib.<\/p>\n<p>\u0130clas\u0131 yekunla\u015fd\u0131ran \u015eura s\u0259dri \u018fl\u0259\u015fr\u0259f Niftiyev diqq\u0259t\u0259 \u00e7atd\u0131r\u0131b ki, bundan sonra da f\u0259aliyy\u0259timizi daha da geni\u015fl\u0259ndir\u0259c\u0259k, i\u015fimizi qabaqc\u0131l t\u0259cr\u00fcb\u0259 s\u0259viyy\u0259sind\u0259 qurma\u011fa \u00e7al\u0131\u015faca\u011f\u0131q.<\/p>\n","protected":false},"excerpt":{"rendered":"<p>Masall\u0131 Rayon A\u011fsaqqallar \u015euras\u0131n\u0131n hesabat y\u0131\u011f\u0131nca\u011f\u0131 ke\u00e7irilib. Masall\u0131 \u015f\u0259h\u0259rind\u0259 yerl\u0259\u015f\u0259n A\u011fsaqqallar klubundak\u0131 y\u0131\u011f\u0131ncaqda Rayon A\u011fsaqqallar \u015euras\u0131n\u0131n s\u0259dri v\u0259 \u015fura \u00fczvl\u0259ri,<\/p>\n","protected":false},"author":1,"featured_media":911,"comment_status":"open","ping_status":"open","sticky":false,"template":"","format":"standard","meta":{"cybocfi_hide_featured_image":"yes"},"categories":[24],"tags":[],"_links":{"self":[{"href":"https:\/\/agsaqqallarsurasi.az\/en\/wp-json\/wp\/v2\/posts\/910"}],"collection":[{"href":"https:\/\/agsaqqallarsurasi.az\/en\/wp-json\/wp\/v2\/posts"}],"about":[{"href":"https:\/\/agsaqqallarsurasi.az\/en\/wp-json\/wp\/v2\/types\/post"}],"author":[{"embeddable":true,"href":"https:\/\/agsaqqallarsurasi.az\/en\/wp-json\/wp\/v2\/users\/1"}],"replies":[{"embeddable":true,"href":"https:\/\/agsaqqallarsurasi.az\/en\/wp-json\/wp\/v2\/comments?post=910"}],"version-history":[{"count":1,"href":"https:\/\/agsaqqallarsurasi.az\/en\/wp-json\/wp\/v2\/posts\/910\/revisions"}],"predecessor-version":[{"id":917,"href":"https:\/\/agsaqqallarsurasi.az\/en\/wp-json\/wp\/v2\/posts\/910\/revisions\/917"}],"wp:featuredmedia":[{"embeddable":true,"href":"https:\/\/agsaqqallarsurasi.az\/en\/wp-json\/wp\/v2\/media\/911"}],"wp:attachment":[{"href":"https:\/\/agsaqqallarsurasi.az\/en\/wp-json\/wp\/v2\/media?parent=910"}],"wp:term":[{"taxonomy":"category","embeddable":true,"href":"https:\/\/agsaqqallarsurasi.az\/en\/wp-json\/wp\/v2\/categories?post=910"},{"taxonomy":"post_tag","embeddable":true,"href":"https:\/\/agsaqqallarsurasi.az\/en\/wp-json\/wp\/v2\/tags?post=910"}],"curies":[{"name":"wp","href":"https:\/\/api.w.org\/{rel}","templated":true}]}}