{"id":944,"date":"2022-05-04T17:45:17","date_gmt":"2022-05-04T13:45:17","guid":{"rendered":"https:\/\/agsaqqallarsurasi.az\/?p=944"},"modified":"2022-05-10T13:19:48","modified_gmt":"2022-05-10T09:19:48","slug":"az%c9%99rbaycan-agsaqqallar-surasi-xalqimiza-xas-xeyirxahliq-%c9%99n%c9%99n%c9%99l%c9%99rini-v%c9%99-n%c9%99cib-%c9%99m%c9%99ll%c9%99ri-yasatmaqda-davam-edir","status":"publish","type":"post","link":"https:\/\/agsaqqallarsurasi.az\/en\/az%c9%99rbaycan-agsaqqallar-surasi-xalqimiza-xas-xeyirxahliq-%c9%99n%c9%99n%c9%99l%c9%99rini-v%c9%99-n%c9%99cib-%c9%99m%c9%99ll%c9%99ri-yasatmaqda-davam-edir\/","title":{"rendered":"Az\u0259rbaycan A\u011fsaqqallar \u015euras\u0131 xalq\u0131m\u0131za xas xeyirxahl\u0131q \u0259n\u0259n\u0259l\u0259rini v\u0259 n\u0259cib \u0259m\u0259ll\u0259ri ya\u015fatmaqda davam edir"},"content":{"rendered":"<p>Az\u0259rbaycan A\u011fsaqqallar \u015euras\u0131 t\u0259\u015fkilat\u0131n \u00a0s\u0259dri, mill\u0259t v\u0259kili, professor Eldar Quliyevin t\u0259\u015f\u0259bb\u00fcs\u00fc il\u0259 Ramazan bayram\u0131 m\u00fcnasib\u0259til\u0259 Sabun\u00e7u rayonunun Nardaran, Ma\u015fta\u011fa, Bilg\u0259h v\u0259 Zabrat q\u0259s\u0259b\u0259l\u0259rind\u0259 ya\u015fayan sakinl\u0259r, o c\u00fcml\u0259d\u0259n a\u011fsaqqallar, \u015f\u0259hid ail\u0259l\u0259ri, qazil\u0259r, azt\u0259minatl\u0131 ail\u0259l\u0259r \u00fc\u00e7\u00fcn bayram s\u00fcfr\u0259si t\u0259\u015fkil edib.<\/p>\n<p>\u018fn\u0259n\u0259vi olaraq ke\u00e7iril\u0259n bayram m\u0259rasimind\u0259 Eldar Quliyevl\u0259 yana\u015f\u0131 Az\u0259rbaycan A\u011fsaqqallar \u015euras\u0131n\u0131n Aparat r\u0259hb\u0259ri Ramin H\u0259s\u0259nli, b\u00f6y\u00fck m\u0259sl\u0259h\u0259t\u00e7i-h\u00fcquq\u015f\u00fcnas Kamal \u018fliyev, m\u0259tbuat katibi Rafiq Rzayev v\u0259 dig\u0259r m\u0259sul \u015f\u0259xsl\u0259r i\u015ftirak edibl\u0259r.<\/p>\n<p>1000-\u0259 yax\u0131n sakinin i\u015ftirak\u0131 il\u0259 ke\u00e7iril\u0259n bayram m\u0259rasimi qad\u0131nlar \u00fc\u00e7\u00fcn Ma\u015fta\u011fa C\u00fcm\u0259 m\u0259scidind\u0259, ki\u015fil\u0259r \u00fc\u00e7\u00fcn is\u0259 \u201cG\u00f6r\u00fc\u015f\u201d sadl\u0131q saray\u0131nda haz\u0131rlan\u0131b.<\/p>\n<p>Din xadiml\u0259ri t\u0259r\u0259find\u0259n \u201cQurani-K\u0259rim\u201dd\u0259n ay\u0259l\u0259r oxunduqdan sonra m\u0259rasimd\u0259 \u00e7\u0131x\u0131\u015f ed\u0259n Az\u0259rbaycan A\u011fsaqqallar \u015euras\u0131n\u0131n s\u0259dri, mill\u0259t v\u0259kili, professor Eldar Quliyev h\u0259r k\u0259si m\u00fcq\u0259dd\u0259s Ramazan bayram\u0131 m\u00fcnasib\u0259til\u0259 t\u0259brik edib. Pandemiya s\u0259b\u0259bind\u0259n son 2 ild\u0259 bu c\u00fcr bayram m\u0259rasiml\u0259rinin ke\u00e7irilm\u0259diyini t\u0259\u0259ss\u00fcfl\u0259 qeyd ed\u0259n natiq uzun ill\u0259rdir ya\u015fad\u0131lan bu g\u00f6z\u0259l \u0259n\u0259n\u0259nin bundan sonra da davam etdiril\u0259c\u0259yini vur\u011fulay\u0131b. H\u0259r zamank\u0131 kimi \u015f\u0259hid ail\u0259l\u0259rin\u0259 v\u0259 qazil\u0259rimiz\u0259 d\u0259rin h\u00f6rm\u0259t v\u0259 ehtiram\u0131n\u0131 ifad\u0259 ed\u0259n Eldar Quliyev bildirib ki, M\u00fcz\u0259ff\u0259r Ali Ba\u015f Komandan c\u0259nab \u0130lham \u018fliyevin ba\u015f\u00e7\u0131l\u0131\u011f\u0131 alt\u0131nda r\u0259\u015fad\u0259tli Ordumuzun qazand\u0131\u011f\u0131 b\u00f6y\u00fck Z\u0259f\u0259r say\u0259sind\u0259 biz bu g\u00fcn bu m\u0259rasimd\u0259 \u0259vv\u0259lki t\u0259dbirl\u0259rd\u0259n f\u0259rqli olaraq\u00a0 qalib \u00f6lk\u0259nin q\u00fcrurlu v\u0259t\u0259nda\u015flar\u0131 kimi i\u015ftirak edirik.<\/p>\n<p>M\u0259rasimd\u0259 i\u015ftirak ed\u0259nl\u0259r xalq\u0131m\u0131z\u0131n b\u00fct\u00fcn t\u0259b\u0259q\u0259l\u0259rinin b\u00f6y\u00fck r\u0259\u011fb\u0259tini v\u0259 sevgisini qazanan Az\u0259rbaycan Respublikas\u0131n\u0131n Prezidenti c\u0259nab \u0130lham \u018fliyev\u0259, \u00a0Birinci vitse-prezident Mehriban xan\u0131m \u018fliyevaya, h\u0259m\u00e7inin Eldar Quliyev ba\u015fda olmaqla Respublika A\u011fsaqqallar \u015euras\u0131na v\u0259 m\u0259rasimin t\u0259\u015fkil edilm\u0259sind\u0259 \u0259ziyy\u0259ti olan h\u0259r bir k\u0259s\u0259 \u00f6z t\u0259\u015f\u0259kk\u00fcrl\u0259rini bildiribl\u0259r.<\/p>\n<p>Bayram g\u00fcn\u00fcnd\u0259 g\u0259l\u0259c\u0259yimiz olan u\u015faqlar da unudulmay\u0131b. Heyd\u0259r \u018fliyev Fondunun prezidenti Mehriban xan\u0131m \u018fliyevan\u0131n t\u0259\u015f\u0259bb\u00fcs\u00fc il\u0259 b\u0259rpa v\u0259 yenid\u0259nqurma i\u015fl\u0259ri apar\u0131lm\u0131\u015f 1 sayl\u0131 u\u015faq somatik sanatoriyas\u0131nda m\u00fcalic\u0259 alan u\u015faqlara bayram h\u0259diyy\u0259l\u0259ri, yem\u0259k, \u0259rzaq v\u0259 oyuncaqlar g\u00f6nd\u0259rilib.<\/p>\n","protected":false},"excerpt":{"rendered":"<p>Az\u0259rbaycan A\u011fsaqqallar \u015euras\u0131 t\u0259\u015fkilat\u0131n \u00a0s\u0259dri, mill\u0259t v\u0259kili, professor Eldar Quliyevin t\u0259\u015f\u0259bb\u00fcs\u00fc il\u0259 Ramazan bayram\u0131 m\u00fcnasib\u0259til\u0259 Sabun\u00e7u rayonunun Nardaran, Ma\u015fta\u011fa, Bilg\u0259h<\/p>\n","protected":false},"author":1,"featured_media":946,"comment_status":"open","ping_status":"open","sticky":false,"template":"","format":"standard","meta":{"cybocfi_hide_featured_image":""},"categories":[24],"tags":[],"_links":{"self":[{"href":"https:\/\/agsaqqallarsurasi.az\/en\/wp-json\/wp\/v2\/posts\/944"}],"collection":[{"href":"https:\/\/agsaqqallarsurasi.az\/en\/wp-json\/wp\/v2\/posts"}],"about":[{"href":"https:\/\/agsaqqallarsurasi.az\/en\/wp-json\/wp\/v2\/types\/post"}],"author":[{"embeddable":true,"href":"https:\/\/agsaqqallarsurasi.az\/en\/wp-json\/wp\/v2\/users\/1"}],"replies":[{"embeddable":true,"href":"https:\/\/agsaqqallarsurasi.az\/en\/wp-json\/wp\/v2\/comments?post=944"}],"version-history":[{"count":4,"href":"https:\/\/agsaqqallarsurasi.az\/en\/wp-json\/wp\/v2\/posts\/944\/revisions"}],"predecessor-version":[{"id":965,"href":"https:\/\/agsaqqallarsurasi.az\/en\/wp-json\/wp\/v2\/posts\/944\/revisions\/965"}],"wp:featuredmedia":[{"embeddable":true,"href":"https:\/\/agsaqqallarsurasi.az\/en\/wp-json\/wp\/v2\/media\/946"}],"wp:attachment":[{"href":"https:\/\/agsaqqallarsurasi.az\/en\/wp-json\/wp\/v2\/media?parent=944"}],"wp:term":[{"taxonomy":"category","embeddable":true,"href":"https:\/\/agsaqqallarsurasi.az\/en\/wp-json\/wp\/v2\/categories?post=944"},{"taxonomy":"post_tag","embeddable":true,"href":"https:\/\/agsaqqallarsurasi.az\/en\/wp-json\/wp\/v2\/tags?post=944"}],"curies":[{"name":"wp","href":"https:\/\/api.w.org\/{rel}","templated":true}]}}