{"id":983,"date":"2022-05-10T13:50:29","date_gmt":"2022-05-10T09:50:29","guid":{"rendered":"https:\/\/agsaqqallarsurasi.az\/?p=983"},"modified":"2022-05-11T11:01:45","modified_gmt":"2022-05-11T07:01:45","slug":"dovl%c9%99t%c9%99-v%c9%99-xalqa-h%c9%99sr-olunan-omur","status":"publish","type":"post","link":"https:\/\/agsaqqallarsurasi.az\/en\/dovl%c9%99t%c9%99-v%c9%99-xalqa-h%c9%99sr-olunan-omur\/","title":{"rendered":"D\u00f6vl\u0259t\u0259 v\u0259 xalqa h\u0259sr olunan \u00f6m\u00fcr"},"content":{"rendered":"<p><span style=\"font-weight: 400;\">D\u00f6vl\u0259tl\u0259rin v\u0259 xalqlar\u0131n tarixind\u0259 siyasi liderl\u0259rin, b\u00f6y\u00fck \u015f\u0259xsiyy\u0259tl\u0259rin \u0259v\u0259zolunmaz xidm\u0259tl\u0259ri var. M\u0259hz g\u00fccl\u00fc liderl\u0259rin say\u0259sind\u0259 h\u0259r bir xalq \u00f6z\u00fcn\u00fcn\u00a0 d\u00fczg\u00fcn inki\u015faf yolunu se\u00e7mi\u015f, d\u00f6vl\u0259t\u00e7iliyini qoruyub g\u00fccl\u0259ndirmi\u015fdir. \u00dcmummilli lider Heyd\u0259r \u018fliyev XX \u0259srd\u0259 xalq\u0131m\u0131z\u0131n taleyind\u0259 m\u00fcst\u0259sna rolu olan bel\u0259 tarixi \u015f\u0259xsiyy\u0259tdir. Anadan olmas\u0131n\u0131n 99-cu ild\u00f6n\u00fcm\u00fc \u0259r\u0259f\u0259sind\u0259 bir daha Ulu \u00d6nd\u0259ri ehtiramla an\u0131r\u0131q. Aradan ill\u0259r, onillikl\u0259r ke\u00e7dikc\u0259 Heyd\u0259r \u018fliyevin Az\u0259rbaycan d\u00f6vl\u0259ti v\u0259 xalq\u0131 qar\u015f\u0131s\u0131ndak\u0131 tarixi xidm\u0259tl\u0259rinin n\u0259tic\u0259l\u0259rini daha yax\u0131ndan g\u00f6r\u00fcr, mahiyy\u0259tini daha d\u0259rind\u0259n anlay\u0131r\u0131q.<\/span><\/p>\n<p><span style=\"font-weight: 400;\">Heyd\u0259r \u018fliyev h\u0259m sovet hakimiyy\u0259ti ill\u0259rind\u0259, h\u0259m m\u00fcst\u0259qillik d\u00f6vr\u00fcnd\u0259 Az\u0259rbaycan d\u00f6vl\u0259ti qar\u015f\u0131s\u0131nda olduqca b\u00f6y\u00fck v\u0259 tarixi xidm\u0259tl\u0259r g\u00f6st\u0259rmi\u015fdir. Ulu \u00d6nd\u0259rin respublikam\u0131za ilk r\u0259hb\u0259rliyi 1969-cu ild\u0259n ba\u015flay\u0131r. H\u0259min d\u00f6vr\u00fc xat\u0131rlayanlar yax\u015f\u0131 bilirl\u0259r ki, Heyd\u0259r \u018fliyevin Az\u0259rbaycana r\u0259hb\u0259rliy\u0259 g\u0259li\u015fi il\u0259 c\u0259miyy\u0259t h\u0259yat\u0131n\u0131n b\u00fct\u00fcn sah\u0259l\u0259rind\u0259 yenilikl\u0259r ba\u015f verdi. Onda m\u0259n g\u0259nc idim, 1969-cu ild\u0259 yenic\u0259 ali m\u0259kt\u0259b\u0259 daxil olmu\u015fdum. C\u0259miyy\u0259t h\u0259yat\u0131n\u0131n b\u00fct\u00fcn sah\u0259l\u0259rind\u0259ki d\u0259yi\u015fiklikl\u0259r m\u0259nim d\u0259 g\u00f6zl\u0259rim \u00f6n\u00fcnd\u0259 ba\u015f verirdi. &#8220;Qoy \u0259dal\u0259t z\u0259f\u0259r \u00e7als\u0131n!&#8221; dey\u0259n Ulu \u00d6nd\u0259r n\u00f6qsanlara, \u00e7at\u0131\u015fmazl\u0131qlara qar\u015f\u0131 bar\u0131\u015fmaz idi.<\/span><\/p>\n<p><span style=\"font-weight: 400;\">M\u0259lum oldu\u011fu kimi, h\u0259min ill\u0259rd\u0259 Az\u0259rbaycan ittifaq miqyas\u0131nda inki\u015faf\u0131na g\u00f6r\u0259 \u00e7ox gerid\u0259 idi, m\u00fctt\u0259fiq respublikalar aras\u0131nda sonuncu yerl\u0259ri tuturdu. Lakin Ulu \u00d6nd\u0259rin t\u0259\u015f\u0259bb\u00fcsl\u0259ri v\u0259 t\u0259l\u0259bkarl\u0131\u011f\u0131 il\u0259 h\u0259yata ke\u00e7iril\u0259n islahatlar n\u0259tic\u0259sind\u0259 iqtisadiyyatda v\u00fcs\u0259tli d\u0259yi\u015fiklikl\u0259r ba\u015f verdi. Ma\u015f\u0131nqay\u0131rma, kimya, neft-kimya, elektron s\u0259nayesi, \u0259lvan v\u0259 qara metallurgiya, y\u00fcng\u00fcl s\u0259naye, yeyinti, emal m\u00fc\u0259ssis\u0259l\u0259ri in\u015fa olundu. O c\u00fcml\u0259d\u0259n bir s\u0131ra strateji \u0259h\u0259miyy\u0259tli m\u00fc\u0259ssis\u0259l\u0259r yarad\u0131ld\u0131. M\u0259hz Heyd\u0259r \u018fliyevin q\u0259tiyy\u0259ti, irad\u0259si v\u0259 t\u0259\u015f\u0259bb\u00fcskarl\u0131\u011f\u0131 il\u0259 ke\u00e7mi\u015f SSR\u0130-nin bir s\u0131ra strateji \u0259h\u0259miyy\u0259tli m\u00fc\u0259ssis\u0259l\u0259ri Az\u0259rbaycanda in\u015fa olundu. Bununla h\u0259m d\u0259 respublikam\u0131z\u0131n g\u0259l\u0259c\u0259k m\u00fcst\u0259qilliyinin iqtisadi \u0259sas\u0131 da formala\u015fd\u0131r\u0131ld\u0131. Bel\u0259 ki, m\u00fcst\u0259qil Az\u0259rbaycan\u0131n sosial-iqtisadi b\u00fcn\u00f6vr\u0259si m\u0259hz \u00f6t\u0259n \u0259srin 70-80-ci ill\u0259rind\u0259 qoyuldu v\u0259 \u00f6lk\u0259mizin g\u0259l\u0259c\u0259yi \u00fc\u00e7\u00fcn m\u00f6hk\u0259m t\u0259m\u0259l yarad\u0131ld\u0131.<\/span><\/p>\n<p><span style=\"font-weight: 400;\">Milli kadrlar\u0131n yeti\u015fm\u0259si istiqam\u0259tind\u0259 d\u0259 m\u00fch\u00fcm u\u011furlar \u0259ld\u0259 olundu. H\u0259min ill\u0259rd\u0259 respublikam\u0131zda ali t\u0259hsil m\u00fc\u0259ssis\u0259l\u0259rinin inki\u015faf\u0131 sah\u0259sind\u0259 m\u00fch\u00fcm q\u0259rarlar\u0131n q\u0259bulu il\u0259 yana\u015f\u0131, Ulu \u00d6nd\u0259rin t\u0259\u015f\u0259bb\u00fcs\u00fc il\u0259 h\u0259r il 2500 n\u0259f\u0259r az\u0259rbaycanl\u0131 g\u0259nc oxumaq \u00fc\u00e7\u00fcn sovet ittifaq\u0131n\u0131n \u0259n n\u00fcfuzlu ali m\u0259kt\u0259bl\u0259rin\u0259 g\u00f6nd\u0259rilirdil\u0259r. Bak\u0131da C.Nax\u00e7\u0131vanski ad\u0131na h\u0259rbi m\u0259kt\u0259bin yarad\u0131lmas\u0131 is\u0259 az\u0259rbaycanl\u0131 zabitl\u0259rin yeti\u015fm\u0259si \u00fc\u00e7\u00fcn at\u0131lan m\u00fch\u00fcm add\u0131m idi.<\/span><\/p>\n<p><span style=\"font-weight: 400;\">Az\u0259rbaycan \u00f6t\u0259n \u0259srin 70-80-ci ill\u0259rind\u0259 Heyd\u0259r \u018fliyev\u0259 g\u00f6r\u0259 tan\u0131nma\u011fa ba\u015flad\u0131. Ke\u00e7mi\u015f ittifaqda hara gets\u0259ydin, h\u0259r k\u0259s Heyd\u0259r \u018fliyevin g\u00f6rd\u00fcy\u00fc i\u015fl\u0259rd\u0259n dan\u0131\u015f\u0131rd\u0131. Heyd\u0259r \u018fliyev xalq\u0131m\u0131z\u0131n n\u00fcfuzunu y\u00fcks\u0259ltmi\u015fdi, biz\u0259 y\u00fcks\u0259k ehtiramla yana\u015f\u0131rd\u0131lar. Onu da qeyd edim ki, Sov.\u0130KP MK-n\u0131n Ba\u015f katibi L.Brejnev sovet respublikalar\u0131 aras\u0131nda yaln\u0131z Az\u0259rbaycanda d\u00f6rd d\u0259f\u0259 s\u0259f\u0259rd\u0259 olmu\u015fdu. Bu, ilk n\u00f6vb\u0259d\u0259 Heyd\u0259r \u018fliyev\u0259 olan m\u00fcnasib\u0259tin g\u00f6st\u0259ricisi idi. O c\u00fcml\u0259d\u0259n Az\u0259rbaycan \u00f6z inki\u015faf\u0131na g\u00f6r\u0259 14 d\u0259f\u0259 ke\u00e7ici bayraq alm\u0131\u015fd\u0131.<\/span><\/p>\n<p><span style=\"font-weight: 400;\">Tarixi hadis\u0259l\u0259rin sonrak\u0131 gedi\u015fi d\u0259 s\u00fcbut etdi ki, Heyd\u0259r \u018fliyevin 1969-1982-ci ill\u0259rd\u0259 g\u00f6rd\u00fcy\u00fc i\u015fl\u0259r g\u0259l\u0259c\u0259kd\u0259 milli d\u00f6vl\u0259t\u00e7ilik ideyalar\u0131n\u0131n h\u0259r\u0259k\u0259tverici q\u00fcvv\u0259y\u0259 \u00e7evrilm\u0259si v\u0259 c\u0259miyy\u0259tin bu ideya \u0259traf\u0131nda s\u0259f\u0259rb\u0259r olmas\u0131 \u00fc\u00e7\u00fcn \u015f\u0259rait yaratd\u0131. H\u0259min d\u00f6vrd\u0259 respublikada b\u0259rq\u0259rar edil\u0259n \u0259sl i\u015fg\u00fczarl\u0131q m\u00fchiti, sosial \u0259dal\u0259t\u0259 \u0259saslanan sa\u011flam m\u0259n\u0259vi-psixoloji ab-hava iqtisadi t\u0259r\u0259qqinin y\u00fcks\u0259k h\u0259dd\u0259 \u00e7atmas\u0131na, Az\u0259rbaycan\u0131n ke\u00e7mi\u015f ittifaq miqyas\u0131nda n\u00fcfuz qazanmas\u0131na, h\u0259tta beyn\u0259lxalq s\u0259viyy\u0259d\u0259 tan\u0131nmas\u0131na imkan verdi.<\/span><\/p>\n<p><span style=\"font-weight: 400;\">Heyd\u0259r \u018fliyev 1982-ci ild\u0259 SSR\u0130 Nazirl\u0259r Soveti S\u0259drinin birinci m\u00fcavini v\u0259zif\u0259sin\u0259 ir\u0259li \u00e7\u0259kildi. Ulu \u00d6nd\u0259rin bu v\u0259zif\u0259y\u0259 t\u0259yin olunmas\u0131 Az\u0259rbaycan\u0131n b\u00f6y\u00fck u\u011furu idi. T\u0259sad\u00fcfi deyil ki, h\u0259l\u0259 o d\u00f6vrd\u0259 T\u00fcrkiy\u0259 q\u0259zetl\u0259ri \u00f6z s\u0259hif\u0259l\u0259rind\u0259 Heyd\u0259r \u018fliyevin SSR\u0130 Nazirl\u0259r Soveti S\u0259drinin birinci m\u00fcavini v\u0259zif\u0259sin\u0259 t\u0259yin olunmas\u0131 il\u0259 ba\u011fl\u0131 x\u0259b\u0259ri &#8220;T\u00fcrk o\u011flu Kremld\u0259&#8221; ba\u015fl\u0131\u011f\u0131 il\u0259 d\u0259rc etmi\u015fdil\u0259r.<\/span><\/p>\n<p><span style=\"font-weight: 400;\">Moskvada i\u015fl\u0259diyi d\u00f6vrd\u0259 Heyd\u0259r \u018fliyev d\u00f6vl\u0259tin olduqca vacib sah\u0259l\u0259rin\u0259 m\u0259sul idi.\u00a0 Heyd\u0259r \u018fliyev olan yerd\u0259 inki\u015faf v\u0259 y\u00fcks\u0259li\u015f vard\u0131.\u00a0 R\u0259hb\u0259rlik etdiyi b\u00fct\u00fcn sah\u0259l\u0259rd\u0259 ir\u0259liy\u0259 do\u011fru d\u00f6n\u00fc\u015f yaratm\u0131\u015fd\u0131. Ona g\u00f6r\u0259 Heyd\u0259r \u018fliyev b\u00fct\u00fcn ke\u00e7mi\u015f ittifaq miqyas\u0131nda ad\u0131 ehtiramla \u00e7\u0259kil\u0259n d\u00f6vl\u0259t xadimi idi. \u018flb\u0259tt\u0259, Heyd\u0259r \u018fliyev\u0259 olan y\u00fcks\u0259k ehtiram h\u0259m d\u0259 Az\u0259rbaycan\u0131n n\u00fcfuzunun y\u00fcks\u0259lm\u0259si dem\u0259k idi. T\u0259sad\u00fcfi deyil ki, Moskvada bizim az\u0259rbaycanl\u0131 oldu\u011fumuzu bil\u0259nd\u0259 deyirdil\u0259r ki, siz Heyd\u0259r \u018fliyevin yerlil\u0259risiz. Heyd\u0259r \u018fliyev SSR\u0130 r\u0259hb\u0259rliyind\u0259 t\u0259msil olunark\u0259n h\u0259m d\u0259 Az\u0259rbaycan\u0131 d\u00fcnyada tan\u0131td\u0131.<\/span><\/p>\n<p><span style=\"font-weight: 400;\">\u018flb\u0259tt\u0259, Heyd\u0259r \u018fliyev n\u0259h\u0259ng \u015f\u0259xsiyy\u0259t idi, xalq onu sevirdi. Sov.\u0130KP MK-n\u0131n ba\u015f katibi olan M.Qorba\u00e7ov is\u0259 Heyd\u0259r \u018fliyevin b\u00f6y\u00fckl\u00fcy\u00fcn\u00fcn qar\u015f\u0131s\u0131nda \u00f6z\u00fcn\u00fcn c\u0131l\u0131zl\u0131\u011f\u0131n\u0131, z\u0259ifliyini g\u00f6r\u00fcrd\u00fc. Heyd\u0259r \u018fliyev h\u0259m d\u0259 erm\u0259nil\u0259rin Az\u0259rbaycana qar\u015f\u0131 \u0259razi iddialar\u0131n\u0131n qar\u015f\u0131s\u0131n\u0131 q\u0259tiyy\u0259tl\u0259 al\u0131rd\u0131.\u00a0 N\u0259 q\u0259d\u0259r ki, Heyd\u0259r \u018fliyev v\u0259zif\u0259d\u0259 idi, Qorba\u00e7ov da Az\u0259rbaycana qar\u015f\u0131 m\u0259krli planlar\u0131n\u0131 h\u0259yata ke\u00e7ir\u0259 bilmirdi. Ulu \u00d6nd\u0259r bu v\u0259zif\u0259d\u0259 vacib v\u0259 \u00e7\u0259tin sah\u0259l\u0259r\u0259 n\u0259zar\u0259t ets\u0259 d\u0259, respublikam\u0131za diqq\u0259t v\u0259 qay\u011f\u0131s\u0131n\u0131 \u0259sirg\u0259mirdi. Yaln\u0131z Ulu \u00d6nd\u0259r 1987-ci ild\u0259 Sov.\u0130KP MK Siyasi B\u00fcrosunun \u00fczvl\u00fcy\u00fcnd\u0259n v\u0259 SSR\u0130 Nazirl\u0259r Soveti S\u0259drinin birinci m\u00fcavini v\u0259zif\u0259sind\u0259n istefa verdikd\u0259n sonra xalq\u0131m\u0131za qar\u015f\u0131 \u0259razi iddialar\u0131 ba\u015f qald\u0131rd\u0131. T\u0259\u0259ss\u00fcf ki, o d\u00f6vrd\u0259 Az\u0259rbaycan r\u0259hb\u0259rliyi bu m\u0259s\u0259l\u0259d\u0259 q\u0259tiyy\u0259tsizlik n\u00fcmayi\u015f etdirdi, erm\u0259ni iddialar\u0131n\u0131n, Da\u011fl\u0131q Qaraba\u011fdak\u0131 separatizmin qar\u015f\u0131s\u0131n\u0131n al\u0131nmas\u0131 \u00fc\u00e7\u00fcn c\u0259sar\u0259tli m\u00f6vqe ortaya qoya bilm\u0259di. Bu da Erm\u0259nistan\u0131n Az\u0259rbaycana qar\u015f\u0131 \u0259razi iddialar\u0131n\u0131n g\u00fccl\u0259nm\u0259sin\u0259 g\u0259tirib \u00e7\u0131xard\u0131, daha sonra 20 Yanvar faci\u0259si ba\u015f verdi. H\u0259min a\u011f\u0131r g\u00fcnl\u0259rd\u0259 d\u0259 Heyd\u0259r \u018fliyev he\u00e7 n\u0259d\u0259n qorxmadan, b\u00f6y\u00fck c\u0259sar\u0259tl\u0259 haqq s\u0259sini ucaltd\u0131. C\u0259nab \u0130lham \u018fliyevl\u0259 birlikd\u0259 Moskvada Az\u0259rbaycan n\u00fcmay\u0259nd\u0259liyin\u0259 g\u0259l\u0259r\u0259k sovet r\u0259hb\u0259rliyin\u0259, \u015f\u0259xs\u0259n M.Qorba\u00e7ova etiraz\u0131n\u0131 bildirdi.<\/span><\/p>\n<p><span style=\"font-weight: 400;\">Heyd\u0259r \u018fliyevin \u0259zmkarl\u0131\u011f\u0131, v\u0259t\u0259np\u0259rv\u0259rliyi Az\u0259rbaycan\u0131n ovaxtk\u0131 r\u0259hb\u0259rliyinin q\u0131sqancl\u0131\u011f\u0131 il\u0259 m\u00fc\u015fayi\u0259t olunurdu. Onu t\u0259qibl\u0259r\u0259 m\u0259ruz qoyur, Az\u0259rbaycana qay\u0131d\u0131\u015f\u0131n\u0131 \u0259ng\u0259ll\u0259m\u0259y\u0259 \u00e7al\u0131\u015f\u0131rd\u0131lar. Lakin Heyd\u0259r \u018fliyevin 1990-c\u0131 ilin yay\u0131nda Bak\u0131ya v\u0259 daha sonra Nax\u00e7\u0131vana qay\u0131d\u0131\u015f\u0131 respublikam\u0131z\u0131n siyasi h\u0259yat\u0131nda m\u00fch\u00fcm hadis\u0259l\u0259rl\u0259 \u0259lam\u0259tdar oldu.\u00a0 1990-c\u0131 ild\u0259 Az\u0259rbaycan Ali Sovetin\u0259 v\u0259 Nax\u00e7\u0131van MSSR Ali Sovetin\u0259 deputat se\u00e7il\u0259n Heyd\u0259r \u018fliyev b\u00fct\u00fcn f\u0259aliyy\u0259tini Az\u0259rbaycan\u0131n istiqlal m\u00fccadil\u0259sin\u0259 v\u0259 Nax\u00e7\u0131van\u0131n m\u00fcdafi\u0259sin\u0259 h\u0259sr etdi. O d\u00f6vrd\u0259 Heyd\u0259r \u018fliyevin T\u00fcrkiy\u0259 v\u0259 \u0130ranla yaratd\u0131\u011f\u0131 m\u00fcnasib\u0259tl\u0259r blokada v\u0259ziyy\u0259tind\u0259 ya\u015fayan Nax\u00e7\u0131van\u0131n sosial-iqtisadi v\u0259ziyy\u0259tin\u0259 m\u00fcsb\u0259t t\u0259sir etdi. M\u0259hz Heyd\u0259r \u018fliyevin t\u0259\u015f\u0259bb\u00fcs\u00fc il\u0259 ilk d\u0259f\u0259 \u00fc\u00e7r\u0259ngli bayra\u011f\u0131m\u0131z D\u00f6vl\u0259t bayra\u011f\u0131 kimi t\u0259sbit olundu.<\/span><\/p>\n<p><span style=\"font-weight: 400;\">Heyd\u0259r \u018fliyevin xalq\u0131m\u0131z v\u0259 d\u00f6vl\u0259timiz qar\u015f\u0131s\u0131nda tarixi xidm\u0259tinin \u0259n m\u00fch\u00fcm m\u0259rh\u0259l\u0259si is\u0259 m\u00fcst\u0259qilliyimizin ilk ill\u0259rind\u0259 u\u011furla h\u0259yata ke\u00e7irdiyi xilaskarl\u0131q missiyas\u0131d\u0131r.\u00a0 O d\u00f6vr\u00fcn a\u011fr\u0131-ac\u0131lar\u0131 yax\u015f\u0131 xatirimizd\u0259dir. Bir t\u0259r\u0259fd\u0259n torpaqlar\u0131m\u0131z i\u015f\u011fal olunur, bir t\u0259r\u0259fd\u0259n separatizm ba\u015f qald\u0131r\u0131rd\u0131. Siyasi s\u0259ri\u015ft\u0259sizliyi il\u0259 \u00f6lk\u0259ni u\u00e7uruma aparan hakimiyy\u0259t is\u0259 b\u00f6hranlar\u0131n qar\u015f\u0131s\u0131nda aciz idi.<\/span><\/p>\n<p><span style=\"font-weight: 400;\">O vaxt ham\u0131 inan\u0131rd\u0131 ki, \u00f6lk\u0259mizi d\u00fc\u015fd\u00fcy\u00fc b\u00f6hranl\u0131 v\u0259ziyy\u0259td\u0259n yaln\u0131z Heyd\u0259r \u018fliyev xilas ed\u0259 bil\u0259r. Bel\u0259 bir vaxtda Bak\u0131ya g\u0259l\u0259n Heyd\u0259r \u018fliyev \u00f6z xilaskarl\u0131q missiyas\u0131n\u0131 layiqinc\u0259 yerin\u0259 yetirdi, \u00f6lk\u0259d\u0259 qarda\u015f q\u0131r\u011f\u0131n\u0131n\u0131n qar\u015f\u0131s\u0131n\u0131 ald\u0131. Heyd\u0259r \u018fliyevin 1993-c\u00fc il iyun ay\u0131n\u0131n 15-d\u0259 Ali Sovetin S\u0259dri se\u00e7ilm\u0259si Ulu \u00d6nd\u0259r\u0259 olan b\u00f6y\u00fck inam\u0131n bariz t\u0259sdiqi idi. \u0130nsanlar bundan sonra rahat oldular. \u018fg\u0259r h\u0259min m\u0259qamda Heyd\u0259r \u018fliyev hakimiyy\u0259t\u0259 g\u0259lm\u0259s\u0259ydi, Az\u0259rbaycan par\u00e7alana, m\u00fcst\u0259qilliyimiz itiril\u0259 bil\u0259rdi.<\/span><\/p>\n<p><span style=\"font-weight: 400;\">Xalq\u0131n s\u0259sin\u0259 s\u0259s ver\u0259n Heyd\u0259r \u018fliyevin 1993-c\u00fc ild\u0259 siyasi r\u0259hb\u0259rliy\u0259 g\u0259li\u015fi Az\u0259rbaycan\u0131n d\u00f6vl\u0259t m\u00fcst\u0259qilliyinin qorunub saxlanmas\u0131na v\u0259 m\u00f6hk\u0259ml\u0259ndirilm\u0259sin\u0259 xidm\u0259t ed\u0259n ba\u015fl\u0131ca amil oldu. Heyd\u0259r \u018fliyev \u00f6lk\u0259ni g\u00f6zl\u0259y\u0259n b\u00fct\u00fcn t\u0259hl\u00fck\u0259l\u0259ri d\u0259f etm\u0259kl\u0259 m\u00fcst\u0259qilliyimizin \u0259b\u0259di olmas\u0131n\u0131 t\u0259min etdi, m\u00fcasir Az\u0259rbaycan d\u00f6vl\u0259tinin banisin\u0259 \u00e7evrildi. \u00dcmummilli lider q\u0131sa vaxt i\u00e7\u0259risind\u0259 \u00f6lk\u0259d\u0259 sabitliyi v\u0259 \u0259min-amanl\u0131\u011f\u0131 b\u0259rpa etdi. Bu bax\u0131mdan v\u0259t\u0259nimizin par\u00e7alanmaqdan xilas\u0131, m\u00fcst\u0259qil d\u00f6vl\u0259t\u00e7iliyimizin ya\u015fad\u0131lmas\u0131 Heyd\u0259r \u018fliyevin d\u00f6vl\u0259timiz v\u0259 xalq\u0131m\u0131z qar\u015f\u0131s\u0131nda \u0259n b\u00f6y\u00fck tarixi xidm\u0259tidir. Ona g\u00f6r\u0259 m\u00fcasir tariximiz\u0259 Heyd\u0259r \u018fliyevin ad\u0131 \u00e7ox d\u00fczg\u00fcn olaraq m\u00fcasir v\u0259 m\u00fcst\u0259qil Az\u0259rbaycan d\u00f6vl\u0259tinin memar\u0131 kimi h\u0259kk olunub.<\/span><\/p>\n<p><span style=\"font-weight: 400;\">B\u00fct\u00fcn bu \u00e7\u0259tinlikl\u0259r\u0259 baxmayaraq Heyd\u0259r \u018fliyev Az\u0259rbaycan\u0131n inki\u015faf\u0131 \u00fc\u00e7\u00fcn tarixi u\u011furlara nail oldu, &#8220;\u018fsrin m\u00fcqavil\u0259si&#8221; imzaland\u0131, b\u00fct\u00fcn MDB m\u0259kan\u0131nda \u0259n m\u00fct\u0259r\u0259qqi torpaq islahatlar\u0131 Az\u0259rbaycanda h\u0259yata ke\u00e7irildi. Heyd\u0259r \u018fliyev h\u00fcquqi d\u00f6vl\u0259t quruculu\u011funu da\u00a0 u\u011furla t\u0259min etdi.<\/span><\/p>\n<p><span style=\"font-weight: 400;\">F\u0259xar\u0259t hissi il\u0259 qeyd etm\u0259k ist\u0259yir\u0259m ki, Heyd\u0259r \u018fliyev ikinci d\u0259f\u0259 \u00f6lk\u0259miz\u0259 r\u0259hb\u0259rliy\u0259 ba\u015flad\u0131qdan sonra m\u0259n\u0259 d\u0259 Ulu \u00d6nd\u0259rl\u0259 g\u00f6r\u00fc\u015fm\u0259k qism\u0259t olub. M\u0259lum oldu\u011fu kimi,\u00a0 1994-c\u00fc ild\u0259 respublikan\u0131n unla t\u0259chizat\u0131nda \u00e7\u0259tinlikl\u0259r yaranm\u0131\u015fd\u0131. H\u0259min vaxtlar bu m\u0259s\u0259l\u0259l\u0259rl\u0259 ba\u011fl\u0131 Heyd\u0259r \u018fliyevin yan\u0131nda ke\u00e7iril\u0259n toplant\u0131larda m\u0259n bir daha Ulu \u00d6nd\u0259rin V\u0259t\u0259n v\u0259 xalq sevgisinin \u015fahidi oldum. \u00dcst\u0259lik h\u0259min toplant\u0131lar\u0131n gec\u0259 saatlar\u0131na t\u0259sad\u00fcf etm\u0259si Heyd\u0259r \u018fliyevin enerjisini, yorulmazl\u0131\u011f\u0131n\u0131 g\u00f6st\u0259rirdi. M\u0259nim \u00fc\u00e7\u00fcn olduqca q\u00fcrurvericidir ki, h\u0259min vaxt Ulu \u00d6nd\u0259rd\u0259n ald\u0131\u011f\u0131m\u0131z tap\u015f\u0131r\u0131qlar\u0131 q\u0131sa m\u00fcdd\u0259td\u0259 yerin\u0259 yetirdik v\u0259 unla t\u0259chizatda olan \u00e7\u0259tinlikl\u0259r tam aradan qald\u0131r\u0131ld\u0131.<\/span><\/p>\n<p><span style=\"font-weight: 400;\">1995-ci ild\u0259 is\u0259 Ulu \u00d6nd\u0259r Heyd\u0259r \u018fliyevin Fransaya s\u0259f\u0259ri zaman\u0131 m\u0259n d\u0259 n\u00fcmay\u0259nd\u0259 hey\u0259tinin t\u0259rkibind\u0259 idim. Bu s\u0259f\u0259r zaman\u0131 Fransan\u0131n ovaxtk\u0131 Prezidenti Fransua Mitteranla ke\u00e7iril\u0259n g\u00f6r\u00fc\u015fd\u0259 Heyd\u0259r \u018fliyevin Az\u0259rbaycan\u0131n milli maraqlar\u0131n\u0131 n\u0259 q\u0259d\u0259r q\u0259tiyy\u0259tl\u0259 m\u00fcdafi\u0259 etm\u0259sinin \u015fahidi oldum.<\/span><\/p>\n<p><span style=\"font-weight: 400;\">Ulu \u00d6nd\u0259rin m\u00fcst\u0259qil Az\u0259rbaycana r\u0259hb\u0259rlik etdiyi 10 ild\u0259 xalq\u0131m\u0131z\u0131n intizar\u0131nda oldu\u011fu arzular, niyy\u0259tl\u0259r, m\u0259ramlar ger\u00e7\u0259y\u0259 \u00e7evrildi. Bu zaman k\u0259siyi Az\u0259rbaycanda m\u00fcst\u0259qilliyin \u0259b\u0259di, daimi v\u0259 d\u00f6nm\u0259z xarakter almas\u0131, sabit d\u00f6vl\u0259t qurulu\u015funun yaranmas\u0131, xalq\u0131m\u0131z\u0131n t\u0259bii v\u0259 konstitusion haqlar\u0131na sahib \u00e7\u0131xmas\u0131, milli-m\u0259n\u0259vi v\u0259 sosial-iqtisadi y\u00fcks\u0259li\u015f\u0259 nail olmas\u0131 kimi misilsiz tarixi prosesi \u0259hat\u0259l\u0259yir. Bu d\u00f6vrd\u0259 Az\u0259rbaycan d\u00fcnyada tan\u0131nd\u0131, beyn\u0259lxalq birliyin f\u0259al \u00fczv\u00fc kimi yerini m\u00f6hk\u0259ml\u0259ndirdi, n\u00fcfuz sahibin\u0259 \u00e7evrildi.<\/span><\/p>\n<p><span style=\"font-weight: 400;\">Heyd\u0259r \u018fliyev siyas\u0259ti haz\u0131rda c\u0259nab Prezidentimiz \u0130lham \u018fliyev t\u0259r\u0259find\u0259n layiqinc\u0259 davam etdirilir. \u00d6t\u0259n 19 ild\u0259 Az\u0259rbaycan d\u00f6vl\u0259tinin qazand\u0131\u011f\u0131 b\u00fct\u00fcn u\u011furlar\u0131n t\u0259m\u0259lind\u0259 Heyd\u0259r \u018fliyevin m\u00fc\u0259yy\u0259n etdiyi siyasi kursun u\u011furla h\u0259yata ke\u00e7irilm\u0259si dayan\u0131r. Prezident \u0130lham \u018fliyev bu siyas\u0259ti inamla davam etdir\u0259r\u0259k Az\u0259rbaycan\u0131 C\u0259nubi Qafqaz regionunun \u0259n s\u00fcr\u0259tl\u0259 inki\u015faf ed\u0259n v\u0259 q\u00fcdr\u0259tli d\u00f6vl\u0259tin\u0259 \u00e7evirib.\u00a0 2003-c\u00fc ild\u0259n ba\u015flayaraq g\u00f6r\u00fcl\u0259n i\u015fl\u0259rin miqyas\u0131, Az\u0259rbaycan\u0131n dinamik v\u0259 h\u0259rt\u0259r\u0259fli t\u0259r\u0259qqisi namin\u0259 q\u0259bul edil\u0259n v\u0259 u\u011furla h\u0259yata ke\u00e7iril\u0259n qlobal d\u00f6vl\u0259t proqramlar\u0131, onlar\u0131n real n\u0259tic\u0259l\u0259ri, \u00f6lk\u0259mizin d\u00fcnya birliyind\u0259 \u00f6z m\u00f6vqel\u0259rini m\u00f6hk\u0259ml\u0259ndirm\u0259si bu h\u0259qiq\u0259tl\u0259ri t\u0259sdiq edir. \u00d6t\u0259n 19 ild\u0259 iqtisadiyyat\u0131m\u0131z 3 d\u0259f\u0259 art\u0131b, v\u0259t\u0259nda\u015flar\u0131n sosial rifah\u0131 y\u00fcks\u0259lib. Bu ill\u0259rd\u0259 in\u015fas\u0131 ba\u015fa \u00e7atd\u0131r\u0131lan Bak\u0131-Tbilisi-Ceyhan neft, Bak\u0131-Tbilisi-\u018frzurum qaz k\u0259m\u0259ri, Bak\u0131-Tbilisi-Qars d\u0259mir yolu x\u0259tti, &#8220;C\u0259nub qaz d\u0259hlizi&#8221; Az\u0259rbaycan\u0131n d\u00fcnyada n\u00fcfuzunu art\u0131ran m\u00f6ht\u0259\u015f\u0259m infrastruktur qur\u011fular\u0131 olaraq \u00f6lk\u0259mizin inki\u015faf\u0131na, xalq\u0131n sosial rifah\u0131n\u0131n y\u00fcks\u0259lm\u0259sin\u0259 xidm\u0259t edir.<\/span><\/p>\n<p><span style=\"font-weight: 400;\">Heyd\u0259r \u018fliyevin \u0259n b\u00f6y\u00fck arzusu torpaqlar\u0131m\u0131z\u0131n i\u015f\u011faldan azad olunmas\u0131 idi. Bu h\u0259m d\u0259 Ulu \u00d6nd\u0259rin m\u00f6ht\u0259r\u0259m \u0130lham \u018fliyev\u0259 ata v\u0259siyy\u0259ti idi. Prezident \u0130lham \u018fliyev bu v\u0259siyy\u0259ti layiqinc\u0259, \u0259sl Az\u0259rbaycan o\u011fluna m\u0259xsus \u015f\u0259kild\u0259 yerin\u0259 yetirdi. \u0130ndi Ulu \u00d6nd\u0259r Heyd\u0259r \u018fliyevin ruhu \u015fadd\u0131r. \u00c7\u00fcnki bu q\u0259l\u0259b\u0259 il\u0259 Prezident, Ali Ba\u015f Komandan \u0130lham \u018fliyev Ulu \u00d6nd\u0259rin v\u0259siyy\u0259tini, xalq\u0131m\u0131z\u0131n arzusunu yerin\u0259 yetirdi.<\/span><\/p>\n<p><span style=\"font-weight: 400;\">44 g\u00fcnl\u00fck V\u0259t\u0259n m\u00fcharib\u0259si g\u00fcnl\u0259rind\u0259 xalq\u0131m\u0131z Prezident \u0130lham \u018fliyevin nec\u0259 bir q\u0259tiyy\u0259tli, c\u0259sar\u0259tli lider oldu\u011funu g\u00f6rd\u00fc.\u00a0 D\u00f6vl\u0259t ba\u015f\u00e7\u0131s\u0131n\u0131n m\u00fcdrikliyi, n\u00fcfuzu, xarizmas\u0131 n\u0259tic\u0259sind\u0259 beyn\u0259lxalq ictimaiyy\u0259t Az\u0259rbaycan\u0131n haqq i\u015fin\u0259 ehtiramla yana\u015fd\u0131. T\u0259sad\u00fcfi deyil ki, beyn\u0259lxalq ictimaiyy\u0259t \u0130kinci Qaraba\u011f m\u00fcharib\u0259sinin n\u0259tic\u0259l\u0259rini tam q\u0259bul edir. Eyni zamanda b\u00fct\u00fcn d\u00fcnya Az\u0259rbaycan\u0131 q\u00fcdr\u0259tli v\u0259 h\u0259m d\u0259 g\u00fccl\u00fc lideri olan d\u00f6vl\u0259ti kimi tan\u0131y\u0131r.<\/span><\/p>\n<p><span style=\"font-weight: 400;\">M\u00f6ht\u0259r\u0259m \u0130lham \u018fliyevin r\u0259hb\u0259rliyi il\u0259 Az\u0259rbaycan bundan sonra da b\u00f6y\u00fck u\u011furlara imza atacaq v\u0259 Heyd\u0259r \u018fliyev ideyalar\u0131 d\u00f6vl\u0259timizin y\u00fcks\u0259li\u015fin\u0259 xidm\u0259t ed\u0259c\u0259k. \u018fminik ki, g\u0259l\u0259n il Heyd\u0259r \u018fliyevin 100 illik yubileyini daha b\u00f6y\u00fck nailiyy\u0259tl\u0259rl\u0259 qar\u015f\u0131layaca\u011f\u0131q.<\/span><\/p>\n<p>&nbsp;<\/p>\n<p><span style=\"font-weight: 400;\">\u00a0<\/span><\/p>\n<p><b>Eldar QUL\u0130YEV\u00a0 <\/b><\/p>\n<p><span style=\"font-weight: 400;\">Az\u0259rbaycan A\u011fsaqqallar \u015euras\u0131n\u0131n s\u0259dri,\u00a0<\/span><\/p>\n<p><span style=\"font-weight: 400;\">Milli M\u0259clisin deputat\u0131,<\/span><\/p>\n<p><span style=\"font-weight: 400;\">professor<\/span><\/p>\n","protected":false},"excerpt":{"rendered":"<p>D\u00f6vl\u0259tl\u0259rin v\u0259 xalqlar\u0131n tarixind\u0259 siyasi liderl\u0259rin, b\u00f6y\u00fck \u015f\u0259xsiyy\u0259tl\u0259rin \u0259v\u0259zolunmaz xidm\u0259tl\u0259ri var. M\u0259hz g\u00fccl\u00fc liderl\u0259rin say\u0259sind\u0259 h\u0259r bir xalq \u00f6z\u00fcn\u00fcn\u00a0 d\u00fczg\u00fcn<\/p>\n","protected":false},"author":1,"featured_media":986,"comment_status":"open","ping_status":"open","sticky":false,"template":"","format":"standard","meta":{"cybocfi_hide_featured_image":""},"categories":[24],"tags":[],"_links":{"self":[{"href":"https:\/\/agsaqqallarsurasi.az\/en\/wp-json\/wp\/v2\/posts\/983"}],"collection":[{"href":"https:\/\/agsaqqallarsurasi.az\/en\/wp-json\/wp\/v2\/posts"}],"about":[{"href":"https:\/\/agsaqqallarsurasi.az\/en\/wp-json\/wp\/v2\/types\/post"}],"author":[{"embeddable":true,"href":"https:\/\/agsaqqallarsurasi.az\/en\/wp-json\/wp\/v2\/users\/1"}],"replies":[{"embeddable":true,"href":"https:\/\/agsaqqallarsurasi.az\/en\/wp-json\/wp\/v2\/comments?post=983"}],"version-history":[{"count":3,"href":"https:\/\/agsaqqallarsurasi.az\/en\/wp-json\/wp\/v2\/posts\/983\/revisions"}],"predecessor-version":[{"id":987,"href":"https:\/\/agsaqqallarsurasi.az\/en\/wp-json\/wp\/v2\/posts\/983\/revisions\/987"}],"wp:featuredmedia":[{"embeddable":true,"href":"https:\/\/agsaqqallarsurasi.az\/en\/wp-json\/wp\/v2\/media\/986"}],"wp:attachment":[{"href":"https:\/\/agsaqqallarsurasi.az\/en\/wp-json\/wp\/v2\/media?parent=983"}],"wp:term":[{"taxonomy":"category","embeddable":true,"href":"https:\/\/agsaqqallarsurasi.az\/en\/wp-json\/wp\/v2\/categories?post=983"},{"taxonomy":"post_tag","embeddable":true,"href":"https:\/\/agsaqqallarsurasi.az\/en\/wp-json\/wp\/v2\/tags?post=983"}],"curies":[{"name":"wp","href":"https:\/\/api.w.org\/{rel}","templated":true}]}}