{"id":5293,"date":"2022-07-07T10:39:57","date_gmt":"2022-07-07T06:39:57","guid":{"rendered":"https:\/\/agsaqqallarsurasi.az\/elmira-suleymanova-92-il-%c9%99vv%c9%99l-susada-toxunan-xalcani-muzey%c9%99-h%c9%99diyy%c9%99-edib\/"},"modified":"2022-07-07T10:39:57","modified_gmt":"2022-07-07T06:39:57","slug":"elmira-suleymanova-92-il-%c9%99vv%c9%99l-susada-toxunan-xalcani-muzey%c9%99-h%c9%99diyy%c9%99-edib","status":"publish","type":"post","link":"https:\/\/agsaqqallarsurasi.az\/ru\/elmira-suleymanova-92-il-%c9%99vv%c9%99l-susada-toxunan-xalcani-muzey%c9%99-h%c9%99diyy%c9%99-edib\/","title":{"rendered":"Elmira S\u00fcleymanova 92 il \u0259vv\u0259l \u015eu\u015fada toxunan xal\u00e7an\u0131 muzey\u0259 h\u0259diyy\u0259 edib"},"content":{"rendered":"<p>\u0130yul ay\u0131n\u0131n 6-da Az\u0259rbaycan Milli Xal\u00e7a Muzeyind\u0259 Respublika A\u011fsaqqallar \u015euras\u0131n\u0131n s\u0259dr m\u00fcavini, ilk ombudsman, professor Elmira S\u00fcleymanovan\u0131n muzeyin \u015eu\u015fa filial\u0131na h\u0259diyy\u0259 etdiyi \u201cL\u01ddmp\u01dd\u201d xal\u00e7as\u0131n\u0131n t\u0259qdimat\u0131 ke\u00e7irilib.<br \/>\nT\u0259dbiri giri\u015f s\u00f6z\u00fc il\u0259 a\u00e7araq Elmira xan\u0131ma bu g\u00f6z\u0259l h\u0259diyy\u0259y\u0259 g\u00f6r\u0259 minn\u0259tdarl\u0131\u011f\u0131n\u0131 bildir\u0259n muzeyin direktoru \u015eirin M\u0259likova s\u00f6z\u00fcged\u0259n qiym\u0259tli h\u0259diyy\u0259nin mahiyy\u0259tind\u0259n \u0259trafl\u0131 dan\u0131\u015f\u0131b. H\u0259m\u00e7inin qeyd edib ki, son d\u00f6vrl\u0259r muzey\u0259 olduqca unikal eksponatlar t\u0259qdim olunur v\u0259 b\u00fct\u00fcn bunlar muzeyin fondunu z\u0259nginl\u0259\u015fdirir. B\u0259z\u0259n insanlar\u0131n \u00f6z \u015f\u0259xsi kolleksiyalar\u0131ndan da muzey\u0259 h\u0259diyy\u0259 etdiyini s\u00f6yl\u0259y\u0259n natiq t\u0259qdim edil\u0259n h\u0259r bir eksponat\u0131n bizim \u00fc\u00e7\u00fcn \u00e7ox \u0259h\u0259miyy\u0259tli oldu\u011funu vur\u011fulay\u0131b.<br \/>\nAz\u0259rbaycan Respublikas\u0131 M\u0259d\u0259niyy\u0259t nazirinin m\u00fcavini, AMEA-n\u0131n m\u00fcxbir \u00fczv\u00fc Sevda M\u0259mm\u0259d\u0259liyeva is\u0259 t\u0259qdimat\u0131n x\u00fcsusiliyin\u0259 diqq\u0259t \u00e7\u0259k\u0259r\u0259k d\u0259y\u0259rli h\u0259diyy\u0259y\u0259 g\u00f6r\u0259 Elmira xan\u0131ma h\u0259m \u00f6z ad\u0131mdan, h\u0259m d\u0259 m\u0259d\u0259niyy\u0259t cami\u0259si ad\u0131ndan t\u0259\u015f\u0259kk\u00fcr edib. Bildirib ki, Qaraba\u011f v\u0259 onun m\u0259d\u0259niyy\u0259ti bizl\u0259r \u00fc\u00e7\u00fcn olduqca d\u0259y\u0259rlidir v\u0259 bu m\u0259d\u0259ni n\u00fcmun\u0259l\u0259r bizim milli s\u0259rv\u0259timizdir.<br \/>\nT\u0259dbird\u0259 \u015eu\u015fa Rayon \u0130cra Hakimiyy\u0259ti ba\u015f\u00e7\u0131s\u0131n\u0131n m\u00fcavini V\u00fcsal\u0259 F\u0259t\u0259liyeva, Az\u0259rbaycan Respublikas\u0131n\u0131n \u0130nsan H\u00fcquqlar\u0131 \u00fczr\u0259 m\u00fcv\u0259kkili (Ombudsman) S\u0259bin\u0259 \u018fliyeva, Ail\u0259, Qad\u0131n v\u0259 U\u015faq Probleml\u0259ri \u00fczr\u0259 D\u00f6vl\u0259t Komit\u0259sinin s\u0259dri Bahar Muradova, AMEA-n\u0131n Neft-Kimya Prosesl\u0259ri \u0130nstitutunun direktoru, akademik Vaqif Abbasov, AMEA-n\u0131n A\u015fkarlar Kimyas\u0131 \u0130nstitutunun direktoru, akademik Vaqif F\u0259rz\u0259liyev, Az\u0259rbaycan Sahibkar Qad\u0131nlar \u0130ctimai Birliyinin s\u0259dri Zemfira A\u011fayeva v\u0259 dig\u0259r d\u00f6vl\u0259t, elm xadiml\u0259ri \u00f6z \u00e7\u0131x\u0131\u015flar\u0131nda Elmira S\u00fcleymanovan\u0131n xalq m\u0259nafeyini \u00f6z \u015f\u0259xsi m\u0259nafeind\u0259n \u00fcst\u00fcn tutaraq, ail\u0259y\u0259 m\u0259xsus qiym\u0259tli \u201cL\u0259mp\u0259\u201d xal\u00e7as\u0131n\u0131 muzey\u0259 h\u0259diyy\u0259 etm\u0259sini n\u0259cib x\u00fcsusiyy\u0259tl\u0259r\u0259 malik h\u0259r\u0259k\u0259t olaraq y\u00fcks\u0259k d\u0259y\u0259rl\u0259ndiribl\u0259r.<\/p>\n<p>Sonda onun \u00fcnvan\u0131na s\u00f6yl\u0259n\u0259n xo\u015f s\u00f6zl\u0259r\u0259 g\u00f6r\u0259 t\u0259\u015f\u0259kk\u00fcr\u00fcn\u00fc bildir\u0259n Az\u0259rbaycan A\u011fsaqqallar \u015euras\u0131n\u0131n s\u0259dr m\u00fcavini, ilk ombudsman, professor Elmira S\u00fcleymanova \u00f6z sevincini ifad\u0259 ed\u0259r\u0259k bildirib ki, m\u0259n \u00e7ox xo\u015fb\u0259xt\u0259m, \u00e7\u00fcnki bu eksponat bizim m\u0259d\u0259niyy\u0259t paytaxt\u0131 olan \u015eu\u015fan\u0131n xal\u00e7a muzeyini b\u0259z\u0259y\u0259c\u0259k v\u0259 o, t\u0259kc\u0259 \u015eu\u015fan\u0131n deyil, b\u00fct\u00fcn Az\u0259rbaycan\u0131n tarixini t\u0259r\u0259nn\u00fcm ed\u0259c\u0259k. Bu eksponat xal\u00e7an\u0131 g\u00f6z\u0259l duy\u011fularla, m\u0259h\u0259bb\u0259tl\u0259 toxuyan Az\u0259rbaycan qad\u0131n\u0131n\u0131, Az\u0259rbaycan xalq\u0131n\u0131 \u015f\u0259r\u0259fl\u0259ndir\u0259c\u0259k v\u0259 bir daha g\u00f6st\u0259r\u0259c\u0259k ki, xalq\u0131m\u0131z s\u00fclhsev\u0259r, yaradan, quran xalqd\u0131r.<br \/>\nQeyd ed\u0259k ki, \u201cL\u0259mp\u0259\u201d adlanan bu xal\u00e7a 1930-cu ill\u0259rd\u0259 \u015eu\u015fada toxunub. Bel\u0259 xal\u00e7alar\u0131n ilk n\u00fcmun\u0259l\u0259ri XIX \u0259srin \u0259vv\u0259ll\u0259rind\u0259n \u015eu\u015fa \u015f\u0259h\u0259rind\u0259 toxunma\u011fa ba\u015flan\u0131l\u0131b. \u201c\u015eu\u015fa\u201d ad\u0131 il\u0259 d\u0259 tan\u0131nan bu c\u00fcr xal\u00e7alar imar\u0259t v\u0259 saraylar\u0131n b\u0259z\u0259nm\u0259sind\u0259 istifad\u0259 olunub. \u201cL\u0259mp\u0259\u201d xal\u00e7as\u0131 sonralar Qaraba\u011fda d\u0259st xal\u0131-g\u0259b\u0259 kimi geni\u015f yay\u0131l\u0131b. Bu xal\u00e7a d\u0259stl\u0259ri iki yan (k\u0259nar\u0259) v\u0259 bir orta xal\u0131dan ibar\u0259tdir. T\u0259qdim olunan xal\u00e7a is\u0259 d\u0259st xal\u0131-g\u0259b\u0259nin k\u0259nar\u0259sidir. \u201cL\u0259mp\u0259\u201d xal\u00e7as\u0131n\u0131 b\u0259z\u0259y\u0259n stiliz\u0259 olunmu\u015f g\u00fcl-\u00e7i\u00e7\u0259k, xar\u0131b\u00fclb\u00fcl, yarpaq nax\u0131\u015flar\u0131 Qaraba\u011f\u0131n t\u0259bi\u0259tin\u0259 xas olan ecazkar g\u00f6z\u0259llikl\u0259rl\u0259 yana\u015f\u0131, burada ya\u015fayan insanlar\u0131n estetik z\u00f6vq\u00fcn\u00fc d\u0259 ifad\u0259 edir. D\u00fcnya muzeyl\u0259rind\u0259 v\u0259 m\u00fcxt\u0259lif kolleksiyalarda qorunan bu c\u00fcr unikal xal\u00e7alar indiy\u0259d\u0259k \u00f6z \u015f\u00f6hr\u0259tini qoruyub saxlay\u0131r.<br \/>\nT\u0259dbird\u0259 Az\u0259rbaycan A\u011fsaqqallar \u015euras\u0131n\u0131n s\u0259dr m\u00fcavinl\u0259ri, professor Vahid Novruzov, Bayram Yusifov v\u0259 m\u0259tbuat katibi Rafiq Rzayev d\u0259 i\u015ftirak edibl\u0259r.<\/p>\n","protected":false},"excerpt":{"rendered":"<p>\u0130yul ay\u0131n\u0131n 6-da Az\u0259rbaycan Milli Xal\u00e7a Muzeyind\u0259 Respublika A\u011fsaqqallar \u015euras\u0131n\u0131n s\u0259dr m\u00fcavini, ilk ombudsman, professor Elmira S\u00fcleymanovan\u0131n muzeyin \u015eu\u015fa filial\u0131na<\/p>\n","protected":false},"author":1,"featured_media":3517,"comment_status":"open","ping_status":"open","sticky":false,"template":"","format":"standard","meta":{"cybocfi_hide_featured_image":""},"categories":[26],"tags":[],"_links":{"self":[{"href":"https:\/\/agsaqqallarsurasi.az\/ru\/wp-json\/wp\/v2\/posts\/5293"}],"collection":[{"href":"https:\/\/agsaqqallarsurasi.az\/ru\/wp-json\/wp\/v2\/posts"}],"about":[{"href":"https:\/\/agsaqqallarsurasi.az\/ru\/wp-json\/wp\/v2\/types\/post"}],"author":[{"embeddable":true,"href":"https:\/\/agsaqqallarsurasi.az\/ru\/wp-json\/wp\/v2\/users\/1"}],"replies":[{"embeddable":true,"href":"https:\/\/agsaqqallarsurasi.az\/ru\/wp-json\/wp\/v2\/comments?post=5293"}],"version-history":[{"count":0,"href":"https:\/\/agsaqqallarsurasi.az\/ru\/wp-json\/wp\/v2\/posts\/5293\/revisions"}],"wp:featuredmedia":[{"embeddable":true,"href":"https:\/\/agsaqqallarsurasi.az\/ru\/wp-json\/wp\/v2\/media\/3517"}],"wp:attachment":[{"href":"https:\/\/agsaqqallarsurasi.az\/ru\/wp-json\/wp\/v2\/media?parent=5293"}],"wp:term":[{"taxonomy":"category","embeddable":true,"href":"https:\/\/agsaqqallarsurasi.az\/ru\/wp-json\/wp\/v2\/categories?post=5293"},{"taxonomy":"post_tag","embeddable":true,"href":"https:\/\/agsaqqallarsurasi.az\/ru\/wp-json\/wp\/v2\/tags?post=5293"}],"curies":[{"name":"wp","href":"https:\/\/api.w.org\/{rel}","templated":true}]}}