{"id":5300,"date":"2022-07-04T14:12:32","date_gmt":"2022-07-04T10:12:32","guid":{"rendered":"https:\/\/agsaqqallarsurasi.az\/n%c9%99rimanov-rayon-agsaqqallar-surasinda-s%c9%99hid-ail%c9%99l%c9%99ri-il%c9%99-gorus-kecirilib\/"},"modified":"2022-07-04T14:12:32","modified_gmt":"2022-07-04T10:12:32","slug":"n%c9%99rimanov-rayon-agsaqqallar-surasinda-s%c9%99hid-ail%c9%99l%c9%99ri-il%c9%99-gorus-kecirilib","status":"publish","type":"post","link":"https:\/\/agsaqqallarsurasi.az\/ru\/n%c9%99rimanov-rayon-agsaqqallar-surasinda-s%c9%99hid-ail%c9%99l%c9%99ri-il%c9%99-gorus-kecirilib\/","title":{"rendered":"N\u0259rimanov Rayon A\u011fsaqqallar \u015euras\u0131nda \u015f\u0259hid ail\u0259l\u0259ri il\u0259 g\u00f6r\u00fc\u015f ke\u00e7irilib"},"content":{"rendered":"<p style=\"text-align: left;\">N\u0259rimanov Rayon A\u011fsaqqallar \u015euras\u0131n\u0131n t\u0259mir olunaraq yeni istifad\u0259y\u0259 verilmi\u015f ofisind\u0259 \u015f\u0259hid ail\u0259l\u0259ri il\u0259 g\u00f6r\u00fc\u015f ke\u00e7irilib. T\u0259dbiri giri\u015f s\u00f6z\u00fc il\u0259 Rayon A\u011fsaqqallar \u015euras\u0131n\u0131n s\u0259dri, V\u0259t\u0259n M\u00fcharib\u0259si Q\u0259hr\u0259man\u0131 Azad H\u00fcmb\u0259tovun atas\u0131 Arif H\u00fcmb\u0259tov a\u00e7araq II Qaraba\u011f m\u00fcharib\u0259sind\u0259 qazand\u0131\u011f\u0131m\u0131z \u015fanl\u0131 q\u0259l\u0259b\u0259d\u0259n, Az\u0259rbaycan xalq\u0131n\u0131n m\u00fcz\u0259ff\u0259r Ali Ba\u015f Komandan \u0130lham \u018fliyevin \u0259traf\u0131nda s\u0131x birl\u0259\u015fm\u0259sinin d\u00fc\u015fm\u0259n\u0259 g\u00f6z da\u011f\u0131 olmas\u0131ndan, \u015f\u0259hid v\u0259 qazil\u0259rimizin r\u0259\u015fad\u0259tinin q\u0259l\u0259b\u0259mizd\u0259ki rolundan dan\u0131\u015f\u0131b.<\/p>\n<p>Sonra \u015f\u0259hid Faiq Yusifovun atas\u0131, Qaraba\u011f M\u00fcharib\u0259si \u018flill\u0259ri, Veteranlar\u0131 v\u0259 \u015e\u0259hid Ail\u0259l\u0259ri \u0130ctimai Birliyinin N\u0259rimanov rayon \u015f\u00f6b\u0259sinin s\u0259dri \u0130r\u015fad Yusifov \u00e7\u0131x\u0131\u015f ed\u0259r\u0259k \u015f\u0259hid ail\u0259l\u0259rin\u0259 y\u00fcks\u0259k d\u00f6vl\u0259t qay\u011f\u0131s\u0131n\u0131n oldu\u011funu, bu qay\u011f\u0131n\u0131n daim artd\u0131\u011f\u0131n\u0131 bildirib. Natiq \u00e7\u0131x\u0131\u015f\u0131nda vur\u011fulay\u0131b ki, \u015f\u0259hidl\u0259rin q\u0259hr\u0259mancas\u0131na ke\u00e7diyi d\u00f6y\u00fc\u015f yolu g\u0259nc n\u0259sl\u0259 \u00e7atd\u0131r\u0131lmal\u0131, onlar\u0131n milli ruhda b\u00f6y\u00fcm\u0259si \u00fc\u00e7\u00fcn g\u00f6r\u00fcl\u0259n i\u015fl\u0259r davam etdirilm\u0259lidir.<br \/>\nT\u0259dbird\u0259 Azad Humb\u0259tov ad\u0131na 291 n\u00f6mr\u0259li Ekologiya liseyinin direktoru, filologiya \u00fczr\u0259 f\u0259ls\u0259f\u0259 doktoru Arif \u018fs\u0259dov \u00e7\u0131x\u0131\u015f ed\u0259r\u0259k bildirib ki, h\u0259r bir d\u00f6y\u00fc\u015f\u00e7\u00fcn\u00fcn h\u0259yat yolu bir m\u0259kt\u0259bdir, onlar\u0131n \u015f\u0259r\u0259fli m\u00fcbariz\u0259 yolu b\u00f6y\u00fcm\u0259kd\u0259 olan g\u0259nc n\u0259sl\u0259 t\u0259bli\u011f edilm\u0259lidir. Bunun \u00fc\u00e7\u00fcn yaz\u0131\u00e7\u0131lar, \u015fairl\u0259r yaz\u0131b yaratmal\u0131, xalq\u0131m\u0131z\u0131n m\u00fcbariz\u0259 salnam\u0259si g\u0259l\u0259c\u0259k n\u0259sill\u0259r\u0259 laz\u0131m oldu\u011fu kimi \u00e7atd\u0131r\u0131lmal\u0131d\u0131r.<br \/>\n\u00c7\u0131x\u0131\u015f ed\u0259n dig\u0259r natiql\u0259r \u015f\u0259hidl\u0259rin, m\u00fcharib\u0259 i\u015ftirak\u00e7\u0131lar\u0131n\u0131n h\u0259yat v\u0259 d\u00f6y\u00fc\u015f yolu haqq\u0131ndak\u0131 kitablar\u0131n, m\u00fcxt\u0259lif v\u0259saitl\u0259rin yaz\u0131lmas\u0131 fikrini alq\u0131\u015flay\u0131blar.<br \/>\nSonda N\u0259rimanov rayonunda m\u00fcxt\u0259lif ictimai v\u0259 maarifl\u0259ndirici i\u015fl\u0259rd\u0259 yax\u0131ndan i\u015ftirak ed\u0259n \u015f\u0259hid ail\u0259si \u00fczvl\u0259rin\u0259 F\u0259xri f\u0259rmanlar t\u0259qdim edilib.<br \/>\nQeyd ed\u0259k ki, bir ne\u00e7\u0259 g\u00fcn qabaq a\u00e7\u0131l\u0131\u015f\u0131 olan N\u0259rimanov Rayon A\u011fsaqqallar \u015euras\u0131n\u0131n ofisi \u0259sasl\u0131 t\u0259mir olunaraq a\u011fsaqqallar\u0131n ixtiyar\u0131na verilib. A\u00e7\u0131l\u0131\u015fda N\u0259rimanov Rayon \u0130cra Hakimiyy\u0259tinin ba\u015f\u00e7\u0131s\u0131 Elgin H\u0259bibullayev v\u0259 dig\u0259r r\u0259smi \u015f\u0259xsl\u0259r, o c\u00fcml\u0259d\u0259n rayon a\u011fsaqqallar\u0131 v\u0259 ziyal\u0131lar i\u015ftirak edibl\u0259r.<\/p>\n","protected":false},"excerpt":{"rendered":"<p>N\u0259rimanov Rayon A\u011fsaqqallar \u015euras\u0131n\u0131n t\u0259mir olunaraq yeni istifad\u0259y\u0259 verilmi\u015f ofisind\u0259 \u015f\u0259hid ail\u0259l\u0259ri il\u0259 g\u00f6r\u00fc\u015f ke\u00e7irilib. T\u0259dbiri giri\u015f s\u00f6z\u00fc il\u0259 Rayon<\/p>\n","protected":false},"author":1,"featured_media":3483,"comment_status":"open","ping_status":"open","sticky":false,"template":"","format":"standard","meta":{"cybocfi_hide_featured_image":""},"categories":[26],"tags":[],"_links":{"self":[{"href":"https:\/\/agsaqqallarsurasi.az\/ru\/wp-json\/wp\/v2\/posts\/5300"}],"collection":[{"href":"https:\/\/agsaqqallarsurasi.az\/ru\/wp-json\/wp\/v2\/posts"}],"about":[{"href":"https:\/\/agsaqqallarsurasi.az\/ru\/wp-json\/wp\/v2\/types\/post"}],"author":[{"embeddable":true,"href":"https:\/\/agsaqqallarsurasi.az\/ru\/wp-json\/wp\/v2\/users\/1"}],"replies":[{"embeddable":true,"href":"https:\/\/agsaqqallarsurasi.az\/ru\/wp-json\/wp\/v2\/comments?post=5300"}],"version-history":[{"count":0,"href":"https:\/\/agsaqqallarsurasi.az\/ru\/wp-json\/wp\/v2\/posts\/5300\/revisions"}],"wp:featuredmedia":[{"embeddable":true,"href":"https:\/\/agsaqqallarsurasi.az\/ru\/wp-json\/wp\/v2\/media\/3483"}],"wp:attachment":[{"href":"https:\/\/agsaqqallarsurasi.az\/ru\/wp-json\/wp\/v2\/media?parent=5300"}],"wp:term":[{"taxonomy":"category","embeddable":true,"href":"https:\/\/agsaqqallarsurasi.az\/ru\/wp-json\/wp\/v2\/categories?post=5300"},{"taxonomy":"post_tag","embeddable":true,"href":"https:\/\/agsaqqallarsurasi.az\/ru\/wp-json\/wp\/v2\/tags?post=5300"}],"curies":[{"name":"wp","href":"https:\/\/api.w.org\/{rel}","templated":true}]}}