{"id":5302,"date":"2022-06-30T11:40:22","date_gmt":"2022-06-30T07:40:22","guid":{"rendered":"https:\/\/agsaqqallarsurasi.az\/balak%c9%99nd%c9%99-agsaqqallarla-g%c9%99ncl%c9%99rin-gorusu-kecirilib\/"},"modified":"2022-06-30T11:40:22","modified_gmt":"2022-06-30T07:40:22","slug":"balak%c9%99nd%c9%99-agsaqqallarla-g%c9%99ncl%c9%99rin-gorusu-kecirilib","status":"publish","type":"post","link":"https:\/\/agsaqqallarsurasi.az\/ru\/balak%c9%99nd%c9%99-agsaqqallarla-g%c9%99ncl%c9%99rin-gorusu-kecirilib\/","title":{"rendered":"Balak\u0259nd\u0259 a\u011fsaqqallarla g\u0259ncl\u0259rin g\u00f6r\u00fc\u015f\u00fc ke\u00e7irilib"},"content":{"rendered":"<p>29 iyul tarixind\u0259 Balak\u0259n Rayon A\u011fsaqqallar \u015euras\u0131n\u0131n v\u0259 Balak\u0259n G\u0259ncl\u0259r evinin birg\u0259 t\u0259\u015fkilat\u00e7\u0131l\u0131\u011f\u0131 il\u0259 g\u0259ncl\u0259rl\u0259 n\u00f6vb\u0259ti g\u00f6r\u00fc\u015f ke\u00e7irilib.<\/p>\n<p>Balak\u0259n G\u0259ncl\u0259r evi sosial xidm\u0259t m\u00fc\u0259ssis\u0259sinin inzibati binas\u0131nda ke\u00e7iril\u0259n g\u00f6r\u00fc\u015f\u00fcn \u0259vv\u0259lind\u0259 Az\u0259rbaycan\u0131n \u0259razi b\u00fct\u00f6vl\u00fcy\u00fc u\u011frunda \u015f\u0259hid olan q\u0259hr\u0259man V\u0259t\u0259n \u00f6vladlar\u0131n\u0131n, h\u0259m\u00e7inin hesabat d\u00f6vr\u00fcnd\u0259 v\u0259fat etmi\u015f a\u011fsaqqallar\u0131n xatir\u0259si bir d\u0259qiq\u0259lik s\u00fckutla yad olunduqdan sonra t\u0259dbir i\u015ftirak\u00e7\u0131lar\u0131n\u0131 salamlayan Balak\u0259n Rayon A\u011fsaqqallar \u015euras\u0131n\u0131n s\u0259dri X\u0259lif\u0259 Mir\u0259liyev milli-m\u0259n\u0259vi d\u0259y\u0259rl\u0259rimizin q\u0131z\u0131l fondu hesab edil\u0259n a\u011fsaqqallar\u0131n Balak\u0259nin ictimai-m\u0259d\u0259ni h\u0259yat\u0131nda oynad\u0131qlar\u0131 \u0259h\u0259miyy\u0259tli roldan, onlar\u0131n d\u0259y\u0259rli \u00f6y\u00fcd-n\u0259sih\u0259tl\u0259rin\u0259 h\u0259r bir k\u0259sin ehtiyac\u0131n\u0131n olmas\u0131ndan dan\u0131\u015f\u0131b. Qeyd olunub ki, a\u011fsaqqallar ulu \u00f6nd\u0259r Heyd\u0259r \u018fliyevin layiqli varisi Az\u0259rbaycan Respublikas\u0131n\u0131n Prezidenti c\u0259nab \u0130lham \u018fliyevin \u0259traf\u0131nda s\u0131x birl\u0259\u015f\u0259n rayon \u0259halisinin, g\u0259ncl\u0259rin V\u0259t\u0259n\u0259, d\u00f6vl\u0259t\u0259 v\u0259 xalqa ba\u011fl\u0131l\u011f\u0131 istiqam\u0259tind\u0259 \u00fcz\u0259rl\u0259rin\u0259 d\u00fc\u015f\u0259n v\u0259zif\u0259l\u0259ri b\u00f6y\u00fck m\u0259suliyy\u0259tl\u0259 yerin\u0259 yetirirl\u0259r.<\/p>\n<p>O c\u00fcml\u0259d\u0259n s\u0259dr m\u00f6ht\u0259r\u0259m Prezidentimiz c\u0259nab \u0130lham \u018fliyevin r\u0259hb\u0259rliyi il\u0259 m\u00fcst\u0259qil Az\u0259rbaycan\u0131n inki\u015faf\u0131 v\u0259 q\u00fcdr\u0259tl\u0259nm\u0259si istiqam\u0259tind\u0259 h\u0259yata ke\u00e7iril\u0259n geni\u015fmiqyasl\u0131 t\u0259dbirl\u0259rd\u0259n, x\u00fcsusil\u0259 d\u0259 ail\u0259 d\u0259y\u0259rl\u0259ri, m\u0259i\u015f\u0259t zorak\u0131l\u0131\u011f\u0131, narkomaniya v\u0259 insan alverin\u0259 qar\u015f\u0131 m\u00fcbariz\u0259 t\u0259dbirl\u0259rind\u0259 v\u0259 bir s\u0131ra bu kimi m\u0259s\u0259l\u0259l\u0259rd\u0259 a\u011fsaqqallar\u0131n \u0259h\u0259miyy\u0259tli rolundan, \u00f6lk\u0259mizd\u0259 ya\u015fl\u0131 n\u0259slin n\u00fcmay\u0259nd\u0259l\u0259rin\u0259 g\u00f6st\u0259ril\u0259n y\u00fcks\u0259k d\u00f6vl\u0259t qay\u011f\u0131s\u0131ndan dan\u0131\u015f\u0131b. G\u00f6r\u00fc\u015fd\u0259 \u00e7\u0131x\u0131\u015f\u00e7\u0131lar \u00a0M\u00fcz\u0259ff\u0259r Ali Ba\u015f Komandan \u0130lham \u018fliyevin r\u0259hb\u0259rliyi alt\u0131nda r\u0259\u015fad\u0259tli Az\u0259rbaycan Ordusunun 44 g\u00fcn davam ed\u0259n V\u0259t\u0259n m\u00fcharib\u0259sind\u0259 qazand\u0131\u011f\u0131 tarixi q\u0259l\u0259b\u0259d\u0259n b\u0259hs etmi\u015f, z\u0259f\u0259rl\u0259 ba\u015fa \u00e7atan V\u0259t\u0259n m\u00fcharib\u0259sinin d\u00f6vl\u0259t\u00e7ilik tariximizin \u0259n \u015fanl\u0131 s\u0259hif\u0259l\u0259rind\u0259n biri oldu\u011funu vur\u011fulam\u0131\u015flar.<\/p>\n<p>Sonda Balak\u0259n Rayon A\u011fsaqqallar \u015euras\u0131n\u0131n s\u0259dri X\u0259lif\u0259 Mir\u0259liyev \u00a0a\u011fsaqqallara g\u00f6st\u0259ril\u0259n diqq\u0259t v\u0259 qay\u011f\u0131ya g\u00f6r\u0259 rayon t\u0259\u015fkilat\u0131n\u0131n \u00fczvl\u0259ri ad\u0131ndan \u00a0Az\u0259rbaycan Respublikas\u0131n\u0131n Prezidenti c\u0259nab \u0130lham \u018fliyev\u0259 v\u0259 Birinci vitse-prezident Mehriban xan\u0131m \u018fliyevaya t\u0259\u015f\u0259kk\u00fcr edib.<\/p>\n<p>Sonda g\u0259ncl\u0259rl\u0259 xatir\u0259 \u015f\u0259kli \u00e7\u0259kdirilib.<\/p>\n","protected":false},"excerpt":{"rendered":"<p>29 iyul tarixind\u0259 Balak\u0259n Rayon A\u011fsaqqallar \u015euras\u0131n\u0131n v\u0259 Balak\u0259n G\u0259ncl\u0259r evinin birg\u0259 t\u0259\u015fkilat\u00e7\u0131l\u0131\u011f\u0131 il\u0259 g\u0259ncl\u0259rl\u0259 n\u00f6vb\u0259ti g\u00f6r\u00fc\u015f ke\u00e7irilib. Balak\u0259n G\u0259ncl\u0259r<\/p>\n","protected":false},"author":1,"featured_media":3473,"comment_status":"open","ping_status":"open","sticky":false,"template":"","format":"standard","meta":{"cybocfi_hide_featured_image":""},"categories":[26],"tags":[],"_links":{"self":[{"href":"https:\/\/agsaqqallarsurasi.az\/ru\/wp-json\/wp\/v2\/posts\/5302"}],"collection":[{"href":"https:\/\/agsaqqallarsurasi.az\/ru\/wp-json\/wp\/v2\/posts"}],"about":[{"href":"https:\/\/agsaqqallarsurasi.az\/ru\/wp-json\/wp\/v2\/types\/post"}],"author":[{"embeddable":true,"href":"https:\/\/agsaqqallarsurasi.az\/ru\/wp-json\/wp\/v2\/users\/1"}],"replies":[{"embeddable":true,"href":"https:\/\/agsaqqallarsurasi.az\/ru\/wp-json\/wp\/v2\/comments?post=5302"}],"version-history":[{"count":0,"href":"https:\/\/agsaqqallarsurasi.az\/ru\/wp-json\/wp\/v2\/posts\/5302\/revisions"}],"wp:featuredmedia":[{"embeddable":true,"href":"https:\/\/agsaqqallarsurasi.az\/ru\/wp-json\/wp\/v2\/media\/3473"}],"wp:attachment":[{"href":"https:\/\/agsaqqallarsurasi.az\/ru\/wp-json\/wp\/v2\/media?parent=5302"}],"wp:term":[{"taxonomy":"category","embeddable":true,"href":"https:\/\/agsaqqallarsurasi.az\/ru\/wp-json\/wp\/v2\/categories?post=5302"},{"taxonomy":"post_tag","embeddable":true,"href":"https:\/\/agsaqqallarsurasi.az\/ru\/wp-json\/wp\/v2\/tags?post=5302"}],"curies":[{"name":"wp","href":"https:\/\/api.w.org\/{rel}","templated":true}]}}