{"id":5307,"date":"2022-06-29T15:14:57","date_gmt":"2022-06-29T11:14:57","guid":{"rendered":"https:\/\/agsaqqallarsurasi.az\/az%c9%99rbaycan-agsaqqallar-surasinin-s%c9%99dri-eldar-quliyev-turkm%c9%99nistanin-sabiq-prezidenti-turkm%c9%99nistan-milli-surasinin-xalq-m%c9%99sl%c9%99h%c9%99tinin-s%c9%99dri-qurbanqulu-m%c9%99li\/"},"modified":"2022-06-29T15:14:57","modified_gmt":"2022-06-29T11:14:57","slug":"az%c9%99rbaycan-agsaqqallar-surasinin-s%c9%99dri-eldar-quliyev-turkm%c9%99nistanin-sabiq-prezidenti-turkm%c9%99nistan-milli-surasinin-xalq-m%c9%99sl%c9%99h%c9%99tinin-s%c9%99dri-qurbanqulu-m%c9%99li","status":"publish","type":"post","link":"https:\/\/agsaqqallarsurasi.az\/ru\/az%c9%99rbaycan-agsaqqallar-surasinin-s%c9%99dri-eldar-quliyev-turkm%c9%99nistanin-sabiq-prezidenti-turkm%c9%99nistan-milli-surasinin-xalq-m%c9%99sl%c9%99h%c9%99tinin-s%c9%99dri-qurbanqulu-m%c9%99li\/","title":{"rendered":"Az\u0259rbaycan A\u011fsaqqallar \u015euras\u0131n\u0131n s\u0259dri Eldar Quliyev T\u00fcrkm\u0259nistan\u0131n sabiq prezidenti,  T\u00fcrkm\u0259nistan Milli \u015euras\u0131n\u0131n Xalq M\u0259sl\u0259h\u0259tinin s\u0259dri Qurbanqulu M\u0259likquluyevi\u00e7 Berdim\u0259h\u0259mm\u0259dova t\u0259brik m\u0259ktubu \u00fcnvanlad\u0131"},"content":{"rendered":"<p>Az\u0259rbaycan A\u011fsaqqallar \u015euras\u0131n\u0131n s\u0259dri Eldar Quliyev T\u00fcrkm\u0259nistan\u0131n sabiq prezidenti, T\u00fcrkm\u0259nistan Milli \u015euras\u0131n\u0131n Xalq M\u0259sl\u0259h\u0259tinin s\u0259dri Qurbanqulu M\u0259likquluyevi\u00e7 Berdim\u0259h\u0259mm\u0259dova t\u0259brik m\u0259ktubu \u00fcnvanlay\u0131b:<\/p>\n<p>H\u00f6rm\u0259tli Qurbanqulu Berdim\u0259h\u0259mm\u0259dov!<\/p>\n<p>Sizi 65 \u0130llik Yubileyiniz m\u00fcnasib\u0259til\u0259 \u00fcr\u0259kd\u0259n t\u0259brik edir, Siz\u0259 m\u00f6hk\u0259m cansa\u011fl\u0131\u011f\u0131, xo\u015fb\u0259xtlik, qarda\u015f T\u00fcrkm\u0259nistan xalq\u0131n\u0131n \u0259min-amanl\u0131\u011f\u0131 v\u0259 firavanl\u0131\u011f\u0131 namin\u0259 d\u0259y\u0259rli f\u0259aliyy\u0259tinizd\u0259 u\u011furlar dil\u0259yir\u0259m!<\/p>\n<p>Sizin m\u00fcdrik v\u0259 uzaqg\u00f6r\u0259n r\u0259hb\u0259rliyiniz il\u0259 qarda\u015f T\u00fcrkm\u0259nistan \u00a0Respublikas\u0131 b\u00fct\u00fcn sah\u0259l\u0259rd\u0259 m\u00fch\u00fcm nailiyy\u0259tl\u0259r \u0259ld\u0259 etmi\u015f, beyn\u0259lxalq al\u0259md\u0259 s\u00f6z sahibi olmu\u015f v\u0259 b\u00f6y\u00fck n\u00fcfuz qazanaraq g\u00fccl\u00fc v\u0259 q\u00fcdr\u0259tli d\u00f6vl\u0259t\u0259 \u00e7evrilmi\u015fdir. Q\u0259tiyy\u0259tli liderliyiniz v\u0259 \u00e7ox\u015fax\u0259li f\u0259aliyy\u0259tiniz say\u0259sind\u0259 \u00f6lk\u0259nizin ke\u00e7diyi h\u0259rt\u0259r\u0259fli inki\u015faf yolu, imza atd\u0131\u011f\u0131n\u0131z \u00a0u\u011furlar bizi s\u0259mimi-q\u0259lbd\u0259n sevindirir. Az\u0259rbaycan-T\u00fcrkm\u0259nistan m\u00fcnasib\u0259tl\u0259rinin bug\u00fcnk\u00fc ali s\u0259viyy\u0259y\u0259 y\u00fcks\u0259lm\u0259sind\u0259 Sizin \u0259v\u0259zsiz rolunuz vard\u0131r. Birliyimizin v\u0259 m\u00fctt\u0259fiqliyimizin m\u00f6hk\u0259ml\u0259ndirilm\u0259si yolunda davaml\u0131 s\u0259yl\u0259riniz, Az\u0259rbaycan\u0131n \u0259razi b\u00fct\u00f6vl\u00fcy\u00fcn\u00fcn b\u0259rpa olunmas\u0131 v\u0259 torpaqlar\u0131m\u0131z\u0131n i\u015f\u011faldan azad edilm\u0259si i\u015fin\u0259 verdiyiniz daimi d\u0259st\u0259k \u00f6lk\u0259mizd\u0259 Siz\u0259 d\u0259rin h\u00f6rm\u0259t v\u0259 ehtiram qazand\u0131rm\u0131\u015fd\u0131r.<\/p>\n<p>F\u00fcrs\u0259td\u0259n istifad\u0259 ed\u0259r\u0259k Az\u0259rbaycan A\u011fsaqqallar \u015euras\u0131 t\u0259r\u0259find\u0259n T\u00fcrkm\u0259nistana h\u0259yata ke\u00e7iril\u0259n i\u015fg\u00fczar s\u0259f\u0259r zaman\u0131 m\u0259n\u0259 v\u0259 n\u00fcmay\u0259nd\u0259 hey\u0259tin\u0259 g\u00f6st\u0259ril\u0259n qonaqp\u0259rv\u0259rliy\u0259 g\u00f6r\u0259 bir daha minn\u0259tdarl\u0131\u011f\u0131m\u0131 bildirir\u0259m. \u0130nan\u0131ram ki,\u00a0 s\u0259m\u0259r\u0259li v\u0259 f\u0259al \u0259m\u0259kda\u015fl\u0131\u011f\u0131m\u0131z, beyn\u0259lxalq m\u0259s\u0259l\u0259l\u0259rd\u0259 qar\u015f\u0131l\u0131ql\u0131 inam, etimad v\u0259 d\u0259st\u0259y\u0259 \u0259saslanan ard\u0131c\u0131l m\u00f6vqeyimiz v\u0259 f\u0259aliyy\u0259timiz bundan sonra da \u00f6lk\u0259l\u0259rimizin t\u0259r\u0259qqisin\u0259 v\u0259 xalqlar\u0131m\u0131z\u0131n rifah\u0131na xidm\u0259t ed\u0259c\u0259kdir.<\/p>\n<p>H\u00f6rm\u0259tli Qurbanqulu Berdim\u0259h\u0259mm\u0259dov!<\/p>\n<p>Bir daha Sizi \u0259lam\u0259tdar Yubileyiniz m\u00fcnasib\u0259til\u0259 s\u0259mimi-q\u0259lbd\u0259n t\u0259brik edir v\u0259 \u0259n xo\u015f arzular\u0131m\u0131 bildirm\u0259kd\u0259n m\u0259mnunluq hissi duyuram!<\/p>\n<p>&nbsp;<\/p>\n<p><em>\u00a0<\/em><\/p>\n<p><em>D\u0259rin h\u00f6rm\u0259t v\u0259 s\u0259mimiyy\u0259tl\u0259,<\/em><\/p>\n<p>Az\u0259rbaycan A\u011fsaqqallar \u015euras\u0131n\u0131n \u0130dar\u0259 Hey\u0259tinin<br \/>\n\u00fczvl\u0259ri ad\u0131ndan \u015euran\u0131n s\u0259dri,<\/p>\n<p>mill\u0259t v\u0259kili, professor \u00a0\u00a0\u00a0\u00a0\u00a0\u00a0\u00a0\u00a0\u00a0\u00a0\u00a0\u00a0\u00a0\u00a0\u00a0\u00a0\u00a0\u00a0\u00a0\u00a0\u00a0\u00a0\u00a0\u00a0\u00a0\u00a0\u00a0\u00a0\u00a0\u00a0\u00a0\u00a0\u00a0\u00a0\u00a0\u00a0\u00a0\u00a0\u00a0\u00a0\u00a0\u00a0\u00a0\u00a0\u00a0\u00a0\u00a0\u00a0\u00a0\u00a0\u00a0\u00a0\u00a0\u00a0\u00a0\u00a0\u00a0\u00a0\u00a0\u00a0\u00a0\u00a0\u00a0\u00a0\u00a0\u00a0\u00a0\u00a0\u00a0\u00a0Eldar Quliyev<\/p>\n<p>&nbsp;<\/p>\n<p>&nbsp;<\/p>\n","protected":false},"excerpt":{"rendered":"<p>Az\u0259rbaycan A\u011fsaqqallar \u015euras\u0131n\u0131n s\u0259dri Eldar Quliyev T\u00fcrkm\u0259nistan\u0131n sabiq prezidenti, T\u00fcrkm\u0259nistan Milli \u015euras\u0131n\u0131n Xalq M\u0259sl\u0259h\u0259tinin s\u0259dri Qurbanqulu M\u0259likquluyevi\u00e7 Berdim\u0259h\u0259mm\u0259dova t\u0259brik m\u0259ktubu<\/p>\n","protected":false},"author":1,"featured_media":2755,"comment_status":"open","ping_status":"open","sticky":false,"template":"","format":"standard","meta":{"cybocfi_hide_featured_image":""},"categories":[26],"tags":[],"_links":{"self":[{"href":"https:\/\/agsaqqallarsurasi.az\/ru\/wp-json\/wp\/v2\/posts\/5307"}],"collection":[{"href":"https:\/\/agsaqqallarsurasi.az\/ru\/wp-json\/wp\/v2\/posts"}],"about":[{"href":"https:\/\/agsaqqallarsurasi.az\/ru\/wp-json\/wp\/v2\/types\/post"}],"author":[{"embeddable":true,"href":"https:\/\/agsaqqallarsurasi.az\/ru\/wp-json\/wp\/v2\/users\/1"}],"replies":[{"embeddable":true,"href":"https:\/\/agsaqqallarsurasi.az\/ru\/wp-json\/wp\/v2\/comments?post=5307"}],"version-history":[{"count":0,"href":"https:\/\/agsaqqallarsurasi.az\/ru\/wp-json\/wp\/v2\/posts\/5307\/revisions"}],"wp:featuredmedia":[{"embeddable":true,"href":"https:\/\/agsaqqallarsurasi.az\/ru\/wp-json\/wp\/v2\/media\/2755"}],"wp:attachment":[{"href":"https:\/\/agsaqqallarsurasi.az\/ru\/wp-json\/wp\/v2\/media?parent=5307"}],"wp:term":[{"taxonomy":"category","embeddable":true,"href":"https:\/\/agsaqqallarsurasi.az\/ru\/wp-json\/wp\/v2\/categories?post=5307"},{"taxonomy":"post_tag","embeddable":true,"href":"https:\/\/agsaqqallarsurasi.az\/ru\/wp-json\/wp\/v2\/tags?post=5307"}],"curies":[{"name":"wp","href":"https:\/\/api.w.org\/{rel}","templated":true}]}}