{"id":5314,"date":"2022-06-23T17:10:54","date_gmt":"2022-06-23T13:10:54","guid":{"rendered":"https:\/\/agsaqqallarsurasi.az\/s%c9%99mkir-qazax-v%c9%99-tovuz-rayonlarinin-agsaqqallar-suralarinin-hesabat-konfranslari-kecirilib\/"},"modified":"2022-06-23T17:10:54","modified_gmt":"2022-06-23T13:10:54","slug":"s%c9%99mkir-qazax-v%c9%99-tovuz-rayonlarinin-agsaqqallar-suralarinin-hesabat-konfranslari-kecirilib","status":"publish","type":"post","link":"https:\/\/agsaqqallarsurasi.az\/ru\/s%c9%99mkir-qazax-v%c9%99-tovuz-rayonlarinin-agsaqqallar-suralarinin-hesabat-konfranslari-kecirilib\/","title":{"rendered":"\u015e\u0259mkir, Qazax v\u0259 Tovuz rayonlar\u0131n\u0131n A\u011fsaqqallar \u015euralar\u0131n\u0131n \u00a0hesabat konfranslar\u0131 ke\u00e7irilib"},"content":{"rendered":"<p>\u015e\u0259h\u0259r v\u0259 rayon A\u011fsaqqallar \u015euralar\u0131nda t\u0259\u015fkilatlar\u0131n son birillik f\u0259aliyy\u0259tl\u0259ri il\u0259 ba\u011fl\u0131 hesabat konfranslar\u0131n\u0131n ke\u00e7irilm\u0259si davam edir.<br \/>\nN\u00f6vb\u0259ti t\u0259dbirl\u0259r Az\u0259rbaycan A\u011fsaqqallar \u015euras\u0131n\u0131n s\u0259dr m\u00fcavini Bayram Yusifovun i\u015ftirak\u0131 il\u0259 iyun ay\u0131n\u0131n 21-d\u0259 v\u0259 22-d\u0259 \u015e\u0259mkir, Qazax v\u0259 Tovuz rayonlar\u0131nda t\u0259\u015fkil olunub. Bu konfranslarda \u015e\u0259mkir Rayon \u0130cra Hakimiyy\u0259tinin ba\u015f\u00e7\u0131s\u0131 R\u0259\u015fad Ta\u011f\u0131yev, Qazax Rayon \u0130cra Hakimiyy\u0259tinin ba\u015f\u00e7\u0131s\u0131 R\u0259c\u0259b Bala\u015fov, Tovuz Rayon \u0130cra Hakimiyy\u0259tinin ba\u015f\u00e7\u0131s\u0131 M\u0259mm\u0259d M\u0259mm\u0259dov, h\u0259m\u00e7inin Az\u0259rbaycan A\u011fsaqqallar \u015euras\u0131n\u0131n m\u0259tbuat katibi Rafiq Rzayev, rayon a\u011fsaqqallar\u0131, \u015f\u0259hid ail\u0259l\u0259rinin \u00fczvl\u0259ri, qazil\u0259r, idar\u0259, m\u00fc\u0259ssis\u0259 v\u0259 t\u0259\u015fkilat r\u0259hb\u0259rl\u0259ri, t\u0259hsil i\u015f\u00e7il\u0259ri v\u0259 g\u0259ncl\u0259r i\u015ftirak edibl\u0259r.<br \/>\nT\u0259dbir i\u015ftirak\u00e7\u0131lar\u0131 \u0259vv\u0259lc\u0259 \u00fcmummilli lider Heyd\u0259r \u018fliyevin abid\u0259si \u00f6n\u00fcn\u0259 g\u00fcl d\u0259st\u0259l\u0259ri qoyaraq xatir\u0259sini ehtiramla an\u0131blar.<br \/>\nKonfranslarda \u015f\u0259hidl\u0259rimizin v\u0259 hesabat d\u00f6vr\u00fcnd\u0259 d\u00fcnyas\u0131n\u0131 d\u0259yi\u015fmi\u015f a\u011fsaqqallar\u0131n xatir\u0259si bir d\u0259qiq\u0259lik s\u00fckutla yad edildikd\u0259n sonra \u00e7\u0131x\u0131\u015f ed\u0259n rayon \u0130cra Hakimiyy\u0259tl\u0259rinin r\u0259hb\u0259rl\u0259ri Az\u0259rbaycan A\u011fsaqqallar \u015euras\u0131n\u0131n s\u0259dr m\u00fcavini Bayram Yusifovu v\u0259 t\u0259dbir i\u015ftirak\u00e7\u0131lar\u0131n\u0131 salamlayaraq toplant\u0131n\u0131n \u0259h\u0259miyy\u0259tind\u0259n s\u00f6z a\u00e7\u0131blar. Milli-m\u0259n\u0259vi d\u0259y\u0259rl\u0259rimizin formala\u015fmas\u0131nda, ya\u015fad\u0131lmas\u0131nda v\u0259 g\u0259ncl\u0259r\u0259 a\u015f\u0131lanmas\u0131nda a\u011fsaqqal s\u00f6z\u00fcn\u00fcn da\u015f\u0131d\u0131\u011f\u0131 \u00f6n\u0259mi vur\u011fulayan natiql\u0259r ya\u015fl\u0131 n\u0259slin n\u00fcmay\u0259nd\u0259l\u0259rinin rayonun ictimai-m\u0259d\u0259ni h\u0259yat\u0131nda yax\u0131ndan i\u015ftirak etdikl\u0259rini bildiribl\u0259r. R\u0259hb\u0259r v\u0259zif\u0259y\u0259 t\u0259yin olunduqlar\u0131 ilk g\u00fcnl\u0259rd\u0259n etibar\u0259n m\u00fct\u0259madi olaraq a\u011fsaqqallarla g\u00f6r\u00fc\u015fd\u00fckl\u0259rini, onlar\u0131n m\u0259sl\u0259h\u0259t v\u0259 t\u00f6vsiy\u0259l\u0259rin\u0259 \u0259m\u0259l etdikl\u0259rini s\u00f6yl\u0259y\u0259n icra ba\u015f\u00e7\u0131lar\u0131 g\u0259ncl\u0259rin v\u0259t\u0259np\u0259rv\u0259rlik ruhunda, sa\u011flam t\u0259m\u0259ll\u0259r \u00fcz\u0259rind\u0259 t\u0259rbiy\u0259si i\u015find\u0259 a\u011fsaqqallara h\u0259mi\u015f\u0259 b\u00f6y\u00fck ehtiyac\u0131n duyuldu\u011funu t\u0259dbir i\u015ftirak\u00e7\u0131lar\u0131n\u0131n diqq\u0259tin\u0259 \u00e7atd\u0131r\u0131blar.<br \/>\nSonra \u015e\u0259mkir Rayon A\u011fsaqqallar \u015euras\u0131n\u0131n s\u0259dri Bilal M\u0259mm\u0259dovun, Qazax Rayon A\u011fsaqqallar \u015euras\u0131n\u0131n s\u0259dri Ramiz Mansurovun v\u0259 Tovuz Rayon A\u011fsaqqallar \u015euras\u0131n\u0131n s\u0259dr m\u00fcavini B\u0259hram P\u0259nahovun yerli t\u0259\u015fkilatlar t\u0259r\u0259find\u0259n son birillik hesabat d\u00f6vr\u00fc \u0259rzind\u0259 apar\u0131lan i\u015fl\u0259r v\u0259 qar\u015f\u0131ya qoyulan v\u0259zif\u0259l\u0259r bar\u0259sind\u0259 m\u0259ruz\u0259l\u0259ri dinl\u0259nilib. Natiql\u0259r Rayon A\u011fsaqqallar \u015euras\u0131n\u0131n \u00fczvl\u0259rinin t\u0259hsil m\u00fc\u0259ssis\u0259l\u0259rind\u0259 ke\u00e7iril\u0259n g\u00f6r\u00fc\u015fl\u0259rd\u0259 v\u0259 dig\u0259r t\u0259dbirl\u0259rd\u0259 c\u0259miyy\u0259t \u00fczvl\u0259ri, x\u00fcsusil\u0259 d\u0259 g\u0259ncl\u0259rimizl\u0259 maarifl\u0259ndirici, o c\u00fcml\u0259d\u0259n ordumuzun q\u0259hr\u0259manl\u0131q tarixi m\u00f6vzusunda s\u00f6hb\u0259tl\u0259r apar\u0131ld\u0131\u011f\u0131n\u0131, onlar\u0131n milli-m\u0259n\u0259vi d\u0259y\u0259rl\u0259r\u0259, V\u0259t\u0259n\u0259, xalqa, d\u00f6vl\u0259t\u0259 h\u00f6rm\u0259t ruhunda t\u0259rbiy\u0259si i\u015fin\u0259 b\u00f6y\u00fck \u00f6n\u0259m verildiyini qeyd edibl\u0259r. Vur\u011fulay\u0131blar ki, h\u0259m pandemiya d\u00f6vr\u00fcnd\u0259, h\u0259m d\u0259 m\u00fcz\u0259ff\u0259r Ali Ba\u015f Komandan \u0130lham \u018fliyevin r\u0259hb\u0259rliyi alt\u0131nda ba\u015flayan 44 g\u00fcnl\u00fck V\u0259t\u0259n m\u00fcharib\u0259si zaman\u0131 rayon a\u011fsaqqallar\u0131 \u00f6z f\u0259aliyy\u0259tl\u0259rini davam etdir\u0259r\u0259k xalq\u0131m\u0131z\u0131n h\u0259mr\u0259y olmas\u0131nda, daxili v\u0259 xarici d\u00fc\u015fm\u0259nl\u0259rimiz\u0259, o c\u00fcml\u0259d\u0259n x\u0259st\u0259likl\u0259r\u0259 qar\u015f\u0131 m\u00fcbariz\u0259 apar\u0131lmas\u0131nda yax\u0131ndan i\u015ftirak edibl\u0259r. \u00c7\u0131x\u0131\u015f\u00e7\u0131lar g\u0259l\u0259c\u0259kd\u0259 \u00f6z f\u0259aliyy\u0259tl\u0259rini daha s\u0259m\u0259r\u0259li v\u0259 \u0259hat\u0259li qurmaq \u00fc\u00e7\u00fcn \u0259ll\u0259rind\u0259n g\u0259l\u0259ni \u0259sirg\u0259m\u0259y\u0259c\u0259kl\u0259rini bildiribl\u0259r.<br \/>\nKonfranslarda \u00e7\u0131x\u0131\u015f ed\u0259n Az\u0259rbaycan A\u011fsaqqallar \u015euras\u0131n\u0131n s\u0259dr m\u00fcavini Bayram Yusifov \u015euran\u0131n s\u0259dri, Milli M\u0259clisin deputat\u0131, professor Eldar Quliyevin v\u0259 \u0130dar\u0259 Hey\u0259tinin \u00fczvl\u0259rinin salamlar\u0131n\u0131 t\u0259dbir i\u015ftirak\u00e7\u0131lar\u0131na \u00e7atd\u0131r\u0131b v\u0259 hesabat d\u00f6vr\u00fc \u0259rzind\u0259 g\u00f6r\u00fcl\u0259n i\u015fl\u0259ri q\u0259na\u0259tb\u0259x\u015f qiym\u0259tl\u0259ndirib. Lakin a\u011fsaqqallar\u0131m\u0131z\u0131n daha y\u00fcks\u0259k potensiala malik olduqlar\u0131n\u0131 bildir\u0259r\u0259k koronovirus pandemiyas\u0131n\u0131n, dem\u0259k olar ki, aradan qalxd\u0131\u011f\u0131 bu d\u00f6vrd\u0259 onlar\u0131n f\u0259aliyy\u0259tind\u0259 daha b\u00f6y\u00fck canlanman\u0131n olaca\u011f\u0131na \u0259minliyini ifad\u0259 edib.<br \/>\n\u00d6z \u00e7\u0131x\u0131\u015f\u0131nda a\u011fsaqqall\u0131q institutunun q\u0259dim tarix\u0259 malik oldu\u011funu s\u00f6yl\u0259y\u0259n Bayram Yusifov x\u00fcsusil\u0259 t\u00fcrk tayfalar\u0131nda v\u0259 bu g\u00fcn onlar\u0131n davam\u00e7\u0131lar\u0131 olan t\u00fcrk d\u00f6vl\u0259tl\u0259rind\u0259 b\u00f6y\u00fck n\u00fcfuz sahibi olan a\u011fsaqqallara y\u00fcks\u0259k d\u0259y\u0259r verildiyini qeyd edib. Haz\u0131rda T\u00fcrk D\u00f6vl\u0259tl\u0259ri T\u0259\u015fkilat\u0131nda (TDT) \u00fczv \u00f6lk\u0259l\u0259rin a\u011fsaqqallar\u0131n\u0131n t\u0259msil olundu\u011fu A\u011fsaqqallar \u015euras\u0131n\u0131n s\u0259m\u0259r\u0259li f\u0259aliyy\u0259t g\u00f6st\u0259rdiyini vur\u011fulay\u0131b. Natiq qeyd edib ki, Az\u0259rbaycan A\u011fsaqqallar \u015euras\u0131 da Eldar Quliyevin r\u0259hb\u0259rliyi il\u0259 TDT-nin A\u011fsaqqallar \u015euras\u0131n\u0131n i\u015find\u0259 yax\u0131ndan i\u015ftirak edir, t\u0259\u015fkilata \u00fczv olan t\u00fcrk d\u00f6vl\u0259tl\u0259rin\u0259 i\u015fg\u00fczar v\u0259 s\u0259m\u0259r\u0259li s\u0259f\u0259rl\u0259r h\u0259yata ke\u00e7irilir, bir s\u0131ra sah\u0259l\u0259r \u00fczr\u0259 \u0259m\u0259kda\u015fl\u0131qlar geni\u015fl\u0259ndirilir. Bayram m\u00fc\u0259llim, h\u0259m\u00e7inin, ulu \u00f6nd\u0259r Heyd\u0259r \u018fliyevin a\u011fsaqqallar\u0131 \u201cmilli-m\u0259n\u0259vi d\u0259y\u0259rl\u0259rimizin q\u0131z\u0131l fondu\u201d adland\u0131raraq onlara verdiyi y\u00fcks\u0259k d\u0259y\u0259rd\u0259n v\u0259 bu g\u00fcn h\u0259min qay\u011f\u0131n\u0131n Az\u0259rbaycan Respublikas\u0131n\u0131n Prezidenti c\u0259nab \u0130lham \u018fliyev v\u0259 Birinci vitse-prezident Mehriban xan\u0131m \u018fliyeva t\u0259r\u0259find\u0259n b\u00f6y\u00fck h\u0259ssasl\u0131qla davam etdirilm\u0259sind\u0259n d\u0259 b\u0259hs edib.<br \/>\nO, \u00f6z \u00e7\u0131x\u0131\u015f\u0131nda \u00fcmummilli lider Heyd\u0259r \u018fliyevin hakimiyy\u0259td\u0259 olmad\u0131\u011f\u0131, s\u00f6z\u00fcn \u0259sl m\u0259nas\u0131nda a\u011fsaqqals\u0131z qald\u0131\u011f\u0131m\u0131z d\u00f6vrl\u0259rd\u0259 Az\u0259rbaycan\u0131n ya\u015fad\u0131\u011f\u0131 b\u00f6y\u00fck probleml\u0259ri t\u0259dbir i\u015ftirak\u00e7\u0131lar\u0131na xat\u0131rladaraq \u00dcmummilli Liderin xilaskarl\u0131q missiyas\u0131ndan, d\u00f6vl\u0259t ba\u015f\u00e7\u0131s\u0131, m\u00fcz\u0259ff\u0259r Ali Ba\u015f Komandan \u0130lham \u018fliyev r\u0259hb\u0259rliyi il\u0259 \u00f6lk\u0259mizd\u0259 ged\u0259n inki\u015faf prosesind\u0259n, V\u0259t\u0259n m\u00fcharib\u0259sind\u0259 qazan\u0131lan m\u00f6ht\u0259\u015f\u0259m Z\u0259f\u0259rd\u0259n v\u0259 i\u015f\u011faldan azad olunmu\u015f torpaqlar\u0131m\u0131zda ged\u0259n geni\u015fmiqyasl\u0131 abadl\u0131q v\u0259 quruculuq i\u015fl\u0259rind\u0259n s\u00f6z a\u00e7\u0131b, \u00f6lk\u0259 \u0259halisin\u0259, x\u00fcsusil\u0259 \u015f\u0259hid ail\u0259l\u0259rin\u0259 v\u0259 qazil\u0259r\u0259 g\u00f6st\u0259ril\u0259n diqq\u0259t v\u0259 qay\u011f\u0131dan dan\u0131\u015f\u0131b.<br \/>\nHaz\u0131rda Az\u0259rbaycan A\u011fsaqqallar \u015euras\u0131nda, onun yerli t\u0259\u015fkilatlar\u0131nda canlanman\u0131n m\u00fc\u015fahid\u0259 edildiyini vur\u011fulayan natiq bildirib ki, biz a\u011fsaqqallar daha da f\u0259al olmal\u0131y\u0131q, d\u00f6vl\u0259timizin, ulu \u00f6nd\u0259r Heyd\u0259r \u018fliyevin layiqli davam\u00e7\u0131s\u0131 m\u00f6ht\u0259r\u0259m Prezidentimiz c\u0259nab \u0130lham \u018fliyevin \u0259traf\u0131nda s\u0131x birl\u0259\u015f\u0259r\u0259k V\u0259t\u0259nimizi sevm\u0259y\u0259n daxili v\u0259 xarici q\u00fcvv\u0259l\u0259r\u0259, c\u0259miyy\u0259timizd\u0259ki neqativ hallara qar\u015f\u0131 ciddi m\u00fcbariz\u0259 aparmal\u0131y\u0131q, g\u0259ncl\u0259rl\u0259 maarifl\u0259ndirici i\u015fl\u0259rimizi daha da art\u0131rmal\u0131y\u0131q.<br \/>\nKonfranslarda rayonlar\u0131n A\u011fsaqqallar \u015euralar\u0131n\u0131n \u00fczvl\u0259ri, h\u0259m\u00e7inin yerli t\u0259\u015fkilatlar\u0131n n\u00fcmay\u0259nd\u0259l\u0259ri, ziyal\u0131lar v\u0259 dig\u0259r natiql\u0259r \u00e7\u0131x\u0131\u015f ed\u0259r\u0259k \u00f6lk\u0259mizin ictimai-m\u0259d\u0259ni h\u0259yat\u0131nda a\u011fsaqqallar\u0131n g\u00f6st\u0259rdiyi d\u0259y\u0259rli f\u0259aliyy\u0259td\u0259n b\u0259hs edibl\u0259r. Vur\u011fulay\u0131blar ki, xalq\u0131mizi daha da q\u00fcvv\u0259tl\u0259ndir\u0259n a\u011fsaqqal s\u00f6z\u00fcd\u00fcr v\u0259 a\u011fsaqqallara h\u00f6rm\u0259t mill\u0259t\u0259, d\u00f6vl\u0259t\u0259 h\u00f6rm\u0259tdir. Az\u0259rbaycan\u0131n h\u0259r bir b\u00f6lg\u0259sind\u0259 bel\u0259 y\u00fcks\u0259k s\u0259viyy\u0259li t\u0259dbirl\u0259rin ke\u00e7irilm\u0259sin\u0259, habel\u0259 a\u011fsaqqallara ayr\u0131lan diqq\u0259t v\u0259 qay\u011f\u0131ya g\u00f6r\u0259 \u00f6z minn\u0259tdarl\u0131qlar\u0131n\u0131 bildiribl\u0259r.<br \/>\nTovuzda ke\u00e7iril\u0259n konfransda Rayon A\u011fsaqqallar \u015euras\u0131n\u0131n s\u0259dri Tofiq Zeynalova yeni v\u0259siq\u0259 t\u0259qdim edilib v\u0259 ona g\u0259l\u0259c\u0259k f\u0259aliyy\u0259tind\u0259 u\u011furlar arzulan\u0131b.<br \/>\nS\u0259f\u0259r \u00e7\u0259r\u00e7iv\u0259sind\u0259 \u0259n\u0259n\u0259vi olaraq Az\u0259rbaycan A\u011fsaqqallar \u015euras\u0131n\u0131n s\u0259dr m\u00fcavini Bayram Yusifov yerli t\u0259\u015fkilatlar\u0131n i\u015f otaqlar\u0131, onlara yarad\u0131lan \u015f\u0259raitl\u0259 v\u0259 g\u00f6st\u0259rdikl\u0259ri f\u0259aliyy\u0259tl\u0259 yax\u0131ndan tan\u0131\u015f olub, \u00f6z t\u00f6vsiy\u0259l\u0259rini verib, h\u0259m\u00e7inin m\u00f6vcud \u00e7at\u0131\u015fmazl\u0131qlar\u0131n aradan qald\u0131r\u0131lmas\u0131 \u00fc\u00e7\u00fcn m\u00fcvafiq qurumlarla m\u0259sl\u0259h\u0259tl\u0259\u015fm\u0259l\u0259r apar\u0131l\u0131b.<\/p>\n<p>&nbsp;<\/p>\n<p>&nbsp;<\/p>\n<p>&nbsp;<\/p>\n","protected":false},"excerpt":{"rendered":"<p>\u015e\u0259h\u0259r v\u0259 rayon A\u011fsaqqallar \u015euralar\u0131nda t\u0259\u015fkilatlar\u0131n son birillik f\u0259aliyy\u0259tl\u0259ri il\u0259 ba\u011fl\u0131 hesabat konfranslar\u0131n\u0131n ke\u00e7irilm\u0259si davam edir. N\u00f6vb\u0259ti t\u0259dbirl\u0259r Az\u0259rbaycan A\u011fsaqqallar<\/p>\n","protected":false},"author":1,"featured_media":3459,"comment_status":"open","ping_status":"open","sticky":false,"template":"","format":"standard","meta":{"cybocfi_hide_featured_image":""},"categories":[26],"tags":[],"_links":{"self":[{"href":"https:\/\/agsaqqallarsurasi.az\/ru\/wp-json\/wp\/v2\/posts\/5314"}],"collection":[{"href":"https:\/\/agsaqqallarsurasi.az\/ru\/wp-json\/wp\/v2\/posts"}],"about":[{"href":"https:\/\/agsaqqallarsurasi.az\/ru\/wp-json\/wp\/v2\/types\/post"}],"author":[{"embeddable":true,"href":"https:\/\/agsaqqallarsurasi.az\/ru\/wp-json\/wp\/v2\/users\/1"}],"replies":[{"embeddable":true,"href":"https:\/\/agsaqqallarsurasi.az\/ru\/wp-json\/wp\/v2\/comments?post=5314"}],"version-history":[{"count":0,"href":"https:\/\/agsaqqallarsurasi.az\/ru\/wp-json\/wp\/v2\/posts\/5314\/revisions"}],"wp:featuredmedia":[{"embeddable":true,"href":"https:\/\/agsaqqallarsurasi.az\/ru\/wp-json\/wp\/v2\/media\/3459"}],"wp:attachment":[{"href":"https:\/\/agsaqqallarsurasi.az\/ru\/wp-json\/wp\/v2\/media?parent=5314"}],"wp:term":[{"taxonomy":"category","embeddable":true,"href":"https:\/\/agsaqqallarsurasi.az\/ru\/wp-json\/wp\/v2\/categories?post=5314"},{"taxonomy":"post_tag","embeddable":true,"href":"https:\/\/agsaqqallarsurasi.az\/ru\/wp-json\/wp\/v2\/tags?post=5314"}],"curies":[{"name":"wp","href":"https:\/\/api.w.org\/{rel}","templated":true}]}}