{"id":5317,"date":"2022-06-21T17:35:38","date_gmt":"2022-06-21T13:35:38","guid":{"rendered":"https:\/\/agsaqqallarsurasi.az\/samaxi-v%c9%99-qobustan-rayonlarinda-az%c9%99rbaycan-agsaqqallar-surasinin-yerli-t%c9%99skilatlarinin-hesabat-konfranslari-kecirilib\/"},"modified":"2022-06-21T17:35:38","modified_gmt":"2022-06-21T13:35:38","slug":"samaxi-v%c9%99-qobustan-rayonlarinda-az%c9%99rbaycan-agsaqqallar-surasinin-yerli-t%c9%99skilatlarinin-hesabat-konfranslari-kecirilib","status":"publish","type":"post","link":"https:\/\/agsaqqallarsurasi.az\/ru\/samaxi-v%c9%99-qobustan-rayonlarinda-az%c9%99rbaycan-agsaqqallar-surasinin-yerli-t%c9%99skilatlarinin-hesabat-konfranslari-kecirilib\/","title":{"rendered":"\u015eamax\u0131 v\u0259 Qobustan rayonlar\u0131nda Az\u0259rbaycan A\u011fsaqqallar \u015euras\u0131n\u0131n yerli t\u0259\u015fkilatlar\u0131n\u0131n hesabat konfranslar\u0131 ke\u00e7irilib"},"content":{"rendered":"<p>\u0130yun ay\u0131n\u0131n 21-d\u0259 \u015eamax\u0131 v\u0259 Qobustan rayonlar\u0131n\u0131n A\u011fsaqqallar \u015euralar\u0131n\u0131n illik hesabat konfransalar\u0131 ke\u00e7irilib.<br \/>\nAz\u0259rbaycan A\u011fsaqqallar \u015euras\u0131 s\u0259drinin m\u00fcavini, Milli M\u0259clisin deputat\u0131, professor Eldar \u0130brahimovun i\u015ftirak\u0131 il\u0259 ke\u00e7iril\u0259n t\u0259dbirl\u0259rd\u0259 Qobustan Rayon \u0130cra Hakimiyy\u0259tinin ba\u015f\u00e7\u0131s\u0131 Adil M\u0259mm\u0259dov, \u015eamax\u0131 Rayon \u0130cra Hakimiyy\u0259tinin ba\u015f\u00e7\u0131s\u0131 Tahir M\u0259mm\u0259dov, Az\u0259rbaycan A\u011fsaqqallar \u015euras\u0131n\u0131n b\u00f6y\u00fck m\u0259sl\u0259h\u0259t\u00e7i-h\u00fcquq\u015f\u00fcnas\u0131 Kamal \u018fliyev, rayon a\u011fsaqqallar\u0131, \u015f\u0259hid ail\u0259l\u0259rinin \u00fczvl\u0259ri v\u0259 qazil\u0259r, o c\u00fcml\u0259d\u0259n dig\u0259r ictimaiyy\u0259t n\u00fcmay\u0259nd\u0259l\u0259ri i\u015ftirak edibl\u0259r.<br \/>\nT\u0259dbir i\u015ftirak\u00e7\u0131lar\u0131 \u0259vv\u0259lc\u0259 ulu \u00f6nd\u0259r Heyd\u0259r \u018fliyevin abid\u0259sini ziyar\u0259t ed\u0259r\u0259k, \u00f6n\u00fcn\u0259 g\u00fcl d\u0259st\u0259l\u0259ri d\u00fcz\u00fcbl\u0259r.<br \/>\nKonfranslarda torpaqlar\u0131m\u0131z\u0131n azadl\u0131\u011f\u0131 u\u011frunda\u00a0canlar\u0131n\u0131 qurban vermi\u015f \u015f\u0259hidl\u0259rimizin v\u0259 d\u00fcnyas\u0131n\u0131 d\u0259yi\u015fmi\u015f a\u011fsaqqallar\u0131n xatir\u0259si bir d\u0259qiq\u0259lik s\u00fckutla yad edildikd\u0259n sonra \u00e7\u0131x\u0131\u015f ed\u0259n rayonlar\u0131n \u0130cra Hakimiyy\u0259tinin r\u0259hb\u0259rl\u0259ri Az\u0259rbaycan A\u011fsaqqallar \u015euras\u0131 s\u0259drinin m\u00fcavini, mill\u0259t v\u0259kili, professor Eldar \u0130brahimovu v\u0259 dig\u0259r t\u0259dbir i\u015ftirak\u00e7\u0131lar\u0131n\u0131 salamlayaraq a\u011fsaqqallar\u0131n \u00f6lk\u0259mizin ictimai-siyasi v\u0259 m\u0259d\u0259ni h\u0259yat\u0131ndak\u0131 \u0259v\u0259zedilm\u0259z rolundan, ya\u015fl\u0131 n\u0259slin n\u00fcmay\u0259nd\u0259l\u0259rin\u0259 g\u00f6st\u0259ril\u0259n d\u00f6vl\u0259t qay\u011f\u0131s\u0131ndan dan\u0131\u015f\u0131blar. G\u0259ncl\u0259rin v\u0259t\u0259np\u0259rv\u0259rlik ruhunda, z\u0259r\u0259rli t\u0259sirl\u0259rd\u0259n uzaq v\u0259 sa\u011flam \u0259saslar \u00fcz\u0259rind\u0259 t\u0259rbiy\u0259si i\u015find\u0259 a\u011fsaqqallara h\u0259r zaman b\u00f6y\u00fck ehtiyac\u0131n oldu\u011funu t\u0259dbir i\u015ftirak\u00e7\u0131lar\u0131n\u0131n diqq\u0259tin\u0259 \u00e7atd\u0131r\u0131blar.<br \/>\nSonra Qobustan Rayon A\u011fsaqqallar \u015euras\u0131n\u0131n s\u0259dri \u015e\u0131xbala Bayramovun v\u0259 \u015eamax\u0131 Rayon A\u011fsaqqallar \u015euras\u0131n\u0131n s\u0259dri May\u0131l Al\u0131canovun hesabat m\u0259ruz\u0259l\u0259ri dinl\u0259nilib. S\u0259drl\u0259r m\u0259ruz\u0259l\u0259rind\u0259 Rayon A\u011fsaqqallar \u015euralar\u0131n\u0131n son birillik f\u0259aliyy\u0259tind\u0259n geni\u015f s\u00f6hb\u0259t a\u00e7\u0131blar, ke\u00e7iril\u0259n g\u00f6r\u00fc\u015fl\u0259rd\u0259n, g\u0259ncl\u0259rl\u0259 apar\u0131lan maarifl\u0259ndirici i\u015fl\u0259rd\u0259n, \u015f\u0259hid ail\u0259l\u0259rin\u0259 v\u0259 qazil\u0259r\u0259 g\u00f6st\u0259ril\u0259n m\u0259n\u0259vi d\u0259st\u0259kd\u0259n b\u0259hs edibl\u0259r. Vur\u011fulay\u0131blar ki, onlar\u0131n i\u015fin\u0259 ciddi mane\u0259l\u0259r yaradan koronovirus pandemiyas\u0131 art\u0131q z\u0259ifl\u0259diyi \u00fc\u00e7\u00fcn g\u0259l\u0259c\u0259k f\u0259aliyy\u0259tl\u0259rini daha intensiv v\u0259 \u0259hat\u0259li \u015f\u0259kild\u0259 quracaqlar.<br \/>\nKonfranslarda Az\u0259rbaycan A\u011fsaqqallar \u015euras\u0131 s\u0259drinin m\u00fcavini, mill\u0259t v\u0259kili, professor Eldar \u0130brahimov \u015euran\u0131n s\u0259dri, Milli M\u0259clisin deputat\u0131, professor Eldar Quliyevin salamlar\u0131n\u0131 t\u0259dbir i\u015ftirak\u00e7\u0131lar\u0131na \u00e7atd\u0131raraq, d\u00f6vl\u0259t ba\u015f\u00e7\u0131s\u0131 c\u0259nab \u0130lham \u018fliyevin apard\u0131\u011f\u0131 u\u011furlu siyas\u0259t n\u0259tic\u0259sind\u0259 \u00f6lk\u0259mizin inki\u015faf\u0131 v\u0259 q\u00fcdr\u0259tl\u0259nm\u0259si istiqam\u0259tind\u0259 h\u0259yata ke\u00e7iril\u0259n geni\u015fmiqyasl\u0131 t\u0259dbirl\u0259rd\u0259n, bu i\u015fd\u0259 a\u011fsaqqallar\u0131n \u0259h\u0259miyy\u0259tli rolundan dan\u0131\u015f\u0131b. M\u00fcz\u0259ff\u0259r Ali Ba\u015f Komandan \u0130lham \u018fliyevin r\u0259hb\u0259rliyi alt\u0131nda r\u0259\u015fad\u0259tli Az\u0259rbaycan Ordusunun 44 g\u00fcn davam ed\u0259n V\u0259t\u0259n m\u00fcharib\u0259sind\u0259 qazand\u0131\u011f\u0131 b\u00f6y\u00fck Q\u0259l\u0259b\u0259d\u0259n b\u0259hs ed\u0259n natiq Z\u0259f\u0259rl\u0259 ba\u015fa \u00e7atan bu m\u00fcharib\u0259nin d\u00f6vl\u0259t\u00e7ilik tariximizin \u0259n \u015fanl\u0131 s\u0259hif\u0259l\u0259rind\u0259n biri oldu\u011funu vur\u011fulay\u0131b, h\u0259m\u00e7inin \u015f\u0259hid ail\u0259l\u0259rin\u0259 v\u0259 qazil\u0259r\u0259 g\u00f6st\u0259ril\u0259n diqq\u0259t v\u0259 qay\u011f\u0131dan s\u00f6z a\u00e7\u0131b. Eldar m\u00fc\u0259llim onu da qeyd edib ki, tarixi Q\u0259l\u0259b\u0259mizd\u0259n sonra Az\u0259rbaycan Respublikas\u0131n\u0131n Prezidenti c\u0259nab \u0130lham \u018fliyevin r\u0259hb\u0259rliyi v\u0259 Birinci vitse-prezident Mehriban xan\u0131m \u018fliyevan\u0131n i\u015ftirak\u0131 il\u0259 i\u015f\u011faldan azad olunmu\u015f rayonlar\u0131m\u0131zda hava limanlar\u0131n\u0131n, xeyli sayda sosial v\u0259 dig\u0259r obyektl\u0259rin a\u00e7\u0131l\u0131\u015f\u0131, ya\u015fay\u0131\u015f kompleksl\u0259rinin, binalar\u0131n t\u0259m\u0259ll\u0259rinin qoyulmas\u0131 h\u0259r bir az\u0259rbaycanl\u0131da y\u00fcks\u0259k q\u00fcrur hissi yarad\u0131r v\u0259 bu, B\u00f6y\u00fck Qay\u0131d\u0131\u015f\u0131n tez bir zamanda h\u0259yata ke\u00e7iril\u0259c\u0259yind\u0259n x\u0259b\u0259r verir.<br \/>\nHesabatlar\u0131n q\u0259na\u0259tb\u0259x\u015f oldu\u011funu qeyd ed\u0259n natiq respublikam\u0131z\u0131n h\u0259r bir b\u00f6lg\u0259sind\u0259 oldu\u011fu kimi, Qobustan v\u0259 \u015eamax\u0131da da a\u011fsaqqallar\u0131n rayonun ictimai-siyasi v\u0259 m\u0259d\u0259ni h\u0259yat\u0131nda f\u0259all\u0131q g\u00f6st\u0259rdikl\u0259rini, g\u0259ncl\u0259rin d\u00f6vl\u0259t\u0259 v\u0259 d\u00f6vl\u0259t\u00e7iliy\u0259 ba\u011fl\u0131l\u0131\u011f\u0131 istiqam\u0259tind\u0259 \u00fcz\u0259rl\u0259rin\u0259 d\u00fc\u015f\u0259n \u015f\u0259r\u0259fli v\u0259zif\u0259l\u0259ri vicdanla v\u0259 m\u0259suliyy\u0259tl\u0259 yerin\u0259 yetirdikl\u0259rini vur\u011fulay\u0131b. Eldar \u0130brahimov ulu \u00f6nd\u0259r Heyd\u0259r \u018fliyevin a\u011fsaqqallara g\u00f6st\u0259rdiyi y\u00fcks\u0259k diqq\u0259t v\u0259 qay\u011f\u0131n\u0131n haz\u0131rda d\u00f6vl\u0259t ba\u015f\u00e7\u0131s\u0131 c\u0259nab \u0130lham \u018fliyev v\u0259 Birinci vitse-prezident Mehriban xan\u0131m \u018fliyeva t\u0259r\u0259find\u0259n davam etdirildiyini qeyd ed\u0259r\u0259k, bu h\u0259ssas m\u00fcnasib\u0259t\u0259 g\u00f6r\u0259 onlara \u00f6z minn\u0259tdarl\u0131\u011f\u0131n\u0131 ifad\u0259 edib.<br \/>\nKonfranslarda \u00e7\u0131x\u0131\u015f ed\u0259n dig\u0259r natiql\u0259r t\u0259dbirin ke\u00e7irilm\u0259sinin \u00f6n\u0259mind\u0259n dan\u0131\u015faraq qeyd edibl\u0259r ki, 44 g\u00fcnl\u00fck V\u0259t\u0259n m\u00fcharib\u0259sind\u0259 qazan\u0131lan m\u00f6ht\u0259\u015f\u0259m Q\u0259l\u0259b\u0259d\u0259 Qobustan v\u0259 \u015eamax\u0131 g\u0259ncl\u0259rinin d\u0259 b\u00f6y\u00fck pay\u0131 olub. Bu g\u0259ncl\u0259rin v\u0259t\u0259np\u0259rv\u0259rlik ruhunda b\u00f6y\u00fcm\u0259sind\u0259 a\u011fsaqqallar\u0131m\u0131z\u0131n m\u0259n\u0259vi d\u0259st\u0259yinin v\u0259 \u00f6y\u00fcd-n\u0259sih\u0259tl\u0259rinin \u00f6n\u0259m da\u015f\u0131d\u0131\u011f\u0131n\u0131 qeyd ed\u0259n \u00e7\u0131x\u0131\u015f\u00e7\u0131lar d\u00f6vl\u0259t ba\u015f\u00e7\u0131s\u0131 c\u0259nab \u0130lham \u018fliyevin h\u0259yata ke\u00e7irdiyi siyasi kursu h\u0259mi\u015f\u0259 d\u0259st\u0259kl\u0259dikl\u0259rini bildiribl\u0259r. \u00c7\u0131x\u0131\u015flar zaman\u0131 rayon a\u011fsaqqallar\u0131 onlar\u0131 narahat ed\u0259n b\u0259zi m\u0259s\u0259l\u0259l\u0259r\u0259 d\u0259 toxunaraq, t\u0259hsil sah\u0259sind\u0259ki m\u00fc\u0259yy\u0259n \u00e7at\u0131\u015fmazl\u0131qlardan s\u00f6z a\u00e7\u0131blar v\u0259 bu probleml\u0259rin h\u0259ll olunmas\u0131 il\u0259 ba\u011fl\u0131 \u00f6z t\u0259klif v\u0259 t\u00f6vsiy\u0259l\u0259rini veribl\u0259r.<\/p>\n<p>&nbsp;<\/p>\n","protected":false},"excerpt":{"rendered":"<p>\u0130yun ay\u0131n\u0131n 21-d\u0259 \u015eamax\u0131 v\u0259 Qobustan rayonlar\u0131n\u0131n A\u011fsaqqallar \u015euralar\u0131n\u0131n illik hesabat konfransalar\u0131 ke\u00e7irilib. Az\u0259rbaycan A\u011fsaqqallar \u015euras\u0131 s\u0259drinin m\u00fcavini, Milli M\u0259clisin<\/p>\n","protected":false},"author":1,"featured_media":3433,"comment_status":"open","ping_status":"open","sticky":false,"template":"","format":"standard","meta":{"cybocfi_hide_featured_image":""},"categories":[26],"tags":[],"_links":{"self":[{"href":"https:\/\/agsaqqallarsurasi.az\/ru\/wp-json\/wp\/v2\/posts\/5317"}],"collection":[{"href":"https:\/\/agsaqqallarsurasi.az\/ru\/wp-json\/wp\/v2\/posts"}],"about":[{"href":"https:\/\/agsaqqallarsurasi.az\/ru\/wp-json\/wp\/v2\/types\/post"}],"author":[{"embeddable":true,"href":"https:\/\/agsaqqallarsurasi.az\/ru\/wp-json\/wp\/v2\/users\/1"}],"replies":[{"embeddable":true,"href":"https:\/\/agsaqqallarsurasi.az\/ru\/wp-json\/wp\/v2\/comments?post=5317"}],"version-history":[{"count":0,"href":"https:\/\/agsaqqallarsurasi.az\/ru\/wp-json\/wp\/v2\/posts\/5317\/revisions"}],"wp:featuredmedia":[{"embeddable":true,"href":"https:\/\/agsaqqallarsurasi.az\/ru\/wp-json\/wp\/v2\/media\/3433"}],"wp:attachment":[{"href":"https:\/\/agsaqqallarsurasi.az\/ru\/wp-json\/wp\/v2\/media?parent=5317"}],"wp:term":[{"taxonomy":"category","embeddable":true,"href":"https:\/\/agsaqqallarsurasi.az\/ru\/wp-json\/wp\/v2\/categories?post=5317"},{"taxonomy":"post_tag","embeddable":true,"href":"https:\/\/agsaqqallarsurasi.az\/ru\/wp-json\/wp\/v2\/tags?post=5317"}],"curies":[{"name":"wp","href":"https:\/\/api.w.org\/{rel}","templated":true}]}}