{"id":5347,"date":"2022-06-08T13:31:57","date_gmt":"2022-06-08T09:31:57","guid":{"rendered":"https:\/\/agsaqqallarsurasi.az\/az%c9%99rbaycan-agsaqqallar-surasinin-qusar-v%c9%99-xizi-rayon-t%c9%99skilatlarinda-illik-hesabat-konfranslari-kecirilib\/"},"modified":"2022-06-08T13:31:57","modified_gmt":"2022-06-08T09:31:57","slug":"az%c9%99rbaycan-agsaqqallar-surasinin-qusar-v%c9%99-xizi-rayon-t%c9%99skilatlarinda-illik-hesabat-konfranslari-kecirilib","status":"publish","type":"post","link":"https:\/\/agsaqqallarsurasi.az\/ru\/az%c9%99rbaycan-agsaqqallar-surasinin-qusar-v%c9%99-xizi-rayon-t%c9%99skilatlarinda-illik-hesabat-konfranslari-kecirilib\/","title":{"rendered":"Az\u0259rbaycan A\u011fsaqqallar \u015euras\u0131n\u0131n Qusar v\u0259 X\u0131z\u0131 rayon t\u0259\u015fkilatlar\u0131nda illik hesabat konfranslar\u0131 ke\u00e7irilib"},"content":{"rendered":"<p>Az\u0259rbaycan A\u011fsaqqallar \u015euras\u0131n\u0131n yerli t\u0259\u015fkilatlar\u0131n\u0131n n\u00f6vb\u0259ti hesabat konfranslar\u0131 iyun ay\u0131n\u0131n 7-d\u0259 Qusar v\u0259 X\u0131z\u0131 rayonlar\u0131nda ba\u015f tutub. T\u0259dbirl\u0259rd\u0259 Az\u0259rbaycan A\u011fsaqqallar \u015euras\u0131n\u0131n s\u0259dr m\u00fcavini Tahir S\u00fcleymanovla yana\u015f\u0131 Qusar Rayon \u0130cra Hakimiyy\u0259tinin ba\u015f\u00e7\u0131s\u0131n\u0131n m\u00fcavini \u015eahid F\u0259r\u0259m\u0259zov, X\u0131z\u0131 Rayon \u0130cra Hakimiyy\u0259tinin ba\u015f\u00e7\u0131s\u0131 X\u0259z\u0259r Aslanov, Az\u0259rbaycan A\u011fsaqqallar \u015euras\u0131n\u0131n m\u0259tbuat katibi Rafiq Rzayev, rayon a\u011fsaqallar\u0131 v\u0259 ictimaiyy\u0259t n\u00fcmay\u0259nd\u0259l\u0259ri i\u015ftirak edibl\u0259r.<br \/>\nQusar v\u0259 X\u0131z\u0131 rayonlar\u0131nda ke\u00e7iril\u0259n konfranslarda t\u0259dbir i\u015ftirak\u00e7\u0131lar\u0131 \u0259vv\u0259lc\u0259 \u00fcmummilli lider Heyd\u0259r \u018fliyevin abid\u0259si \u00f6n\u00fcn\u0259 g\u00fcl d\u0259st\u0259l\u0259ri d\u00fcz\u0259r\u0259k, xatir\u0259sini ehtiramla yad edibl\u0259r.<br \/>\nKonfranslarda torpaqlar\u0131m\u0131z\u0131n azadl\u0131\u011f\u0131 u\u011frunda\u00a0h\u0259lak olmu\u015f \u015f\u0259hidl\u0259rimizin xatir\u0259si bir d\u0259qiq\u0259lik s\u00fckutla yad edildikd\u0259n sonra giri\u015f nitqi il\u0259 \u00e7\u0131x\u0131\u015f ed\u0259n Qusar Rayon \u0130cra Hakimiyy\u0259tinin ba\u015f\u00e7\u0131s\u0131n\u0131n m\u00fcavini \u015eahid F\u0259r\u0259m\u0259zov v\u0259 X\u0131z\u0131 Rayon \u0130cra Hakimiyy\u0259tinin ba\u015f\u00e7\u0131s\u0131 X\u0259z\u0259r Aslanov Respublika A\u011fsaqqallar \u015euras\u0131n\u0131n s\u0259dr m\u00fcavini Tahir S\u00fcleymanovu v\u0259 t\u0259dbir i\u015ftirak\u00e7\u0131lar\u0131n\u0131 salamlayaraq V\u0259t\u0259n m\u00fcharib\u0259sind\u0259 qazan\u0131lan m\u00f6ht\u0259\u015f\u0259m Z\u0259f\u0259rd\u0259n sonra yeni m\u0259rh\u0259l\u0259y\u0259 q\u0259d\u0259m qoyan Az\u0259rbaycan\u0131n davaml\u0131 inki\u015faf prosesind\u0259n, bir \u00e7ox sah\u0259l\u0259rd\u0259 \u0259ld\u0259 olunan u\u011furlardan, a\u011fsaqqallara d\u00f6vl\u0259t s\u0259viyy\u0259sind\u0259 g\u00f6st\u0259ril\u0259n diqq\u0259t v\u0259 qay\u011f\u0131dan s\u00f6z a\u00e7\u0131blar. Qeyd edibl\u0259r ki, respublikam\u0131z\u0131n h\u0259r yerind\u0259 oldu\u011fu kimi Qusar v\u0259 X\u0131z\u0131 rayonlar\u0131nda da b\u00f6y\u00fck n\u00fcfuza v\u0259 h\u00f6rm\u0259t\u0259 sahib olan a\u011fsaqqallar\u0131n s\u00f6z\u00fc g\u00fccl\u00fc t\u0259sir q\u00fcvv\u0259sin\u0259 malikdir v\u0259 onlar rayonlar\u0131n ictimai-m\u0259d\u0259ni h\u0259yat\u0131nda yax\u0131ndan i\u015ftirak edirl\u0259r.<br \/>\nDaha sonra Qusar Rayon A\u011fsaqqallar \u015euras\u0131n\u0131n s\u0259dri Vahid Mehdixanov v\u0259 X\u0131z\u0131 Rayon A\u011fsaqqallar \u015euras\u0131n\u0131n s\u0259dri Arif Na\u011f\u0131yev yerli t\u0259\u015fkilatlar\u0131n illik hesabatlar\u0131n\u0131 konfrans i\u015ftirak\u00e7\u0131lar\u0131n\u0131n diqq\u0259tin\u0259 \u00e7atd\u0131raraq, pandemiya d\u00f6vr\u00fcnd\u0259 karantin rejimi qaydalar\u0131na riay\u0259t etm\u0259kl\u0259 \u00f6z f\u0259aliyy\u0259t planlar\u0131 \u0259sas\u0131nda g\u00f6rd\u00fckl\u0259ri i\u015fl\u0259rd\u0259n, rayon \u0259halisi, x\u00fcsusil\u0259 d\u0259 \u015f\u0259hid ail\u0259l\u0259ri v\u0259 qazil\u0259rl\u0259 ke\u00e7irdikl\u0259ri g\u00f6r\u00fc\u015fl\u0259rd\u0259n, onlara g\u00f6st\u0259rdikl\u0259ri maddi v\u0259 m\u0259n\u0259vi d\u0259st\u0259kd\u0259n, an\u0131m t\u0259dbirl\u0259rind\u0259n v\u0259 dig\u0259r m\u0259s\u0259l\u0259l\u0259rd\u0259n s\u00f6z a\u00e7\u0131blar. G\u0259ncl\u0259r\u0259 z\u0259r\u0259rli v\u0259rdi\u015fl\u0259rd\u0259n uzaq sa\u011flam h\u0259yat t\u0259rzinin t\u0259bli\u011f olunmas\u0131ndan da b\u0259hs ed\u0259r\u0259k, bu sah\u0259d\u0259 f\u0259all\u0131\u011f\u0131 art\u0131rmaqla maarifl\u0259ndirm\u0259 i\u015fl\u0259rinin geni\u015fl\u0259ndirilm\u0259sinin z\u0259ruriliyind\u0259n b\u0259hs edibl\u0259r. Rayon a\u011fsaqqallar\u0131 ad\u0131ndan onlara g\u00f6st\u0259ril\u0259n diqq\u0259t v\u0259 qay\u011f\u0131ya g\u00f6r\u0259 \u00f6lk\u0259 Prezidenti c\u0259nab \u0130lham \u018fliyev\u0259 v\u0259 Az\u0259rbaycan Respublikas\u0131n\u0131n Birinci vitse-prezident Mehriban xan\u0131m \u018fliyevaya minn\u0259tdarl\u0131qlar\u0131n\u0131 bildiribl\u0259r.<br \/>\nKonfranslarda \u00e7\u0131x\u0131\u015f ed\u0259n Tahir S\u00fcleymanov Az\u0259rbaycan A\u011fsaqqallar \u015euras\u0131n\u0131n s\u0259dri, mill\u0259t v\u0259kili, professor Eldar Quliyevin s\u0259mimi salamalar\u0131n\u0131 t\u0259dbir i\u015ftirak\u00e7\u0131lar\u0131na \u00e7atd\u0131r\u0131b. Son zamanlar \u015euradak\u0131 n\u0259z\u0259r\u0259\u00e7arpacaq canlanmadan, s\u0259m\u0259r\u0259li f\u0259aliyy\u0259td\u0259n, beyn\u0259lxalq, x\u00fcsusil\u0259 d\u0259 t\u00fcrk d\u00f6vl\u0259tl\u0259ri il\u0259 \u0259laq\u0259l\u0259rin geni\u015fl\u0259ndirilm\u0259sind\u0259n, o c\u00fcml\u0259d\u0259n T\u00fcrk D\u00f6vl\u0259tl\u0259ri T\u0259\u015fkilat\u0131 A\u011fsaqqallar \u015euras\u0131n\u0131n s\u0259dri, T\u00fcrkiy\u0259nin sabiq Ba\u015f naziri, \u018fdal\u0259t v\u0259 \u0130nki\u015faf Partiyas\u0131n\u0131n s\u0259dr m\u00fcavini Bin\u0259li Y\u0131ld\u0131r\u0131mla, \u00a0T\u00fcrkm\u0259nistan\u0131n sabiq prezidenti v\u0259 T\u00fcrkm\u0259nistan Milli \u015euras\u0131n\u0131n Xalq M\u0259sl\u0259h\u0259tinin s\u0259dri Qurbanqulu Berdim\u0259h\u0259mm\u0259dovla v\u0259 dig\u0259r r\u0259smi \u015f\u0259xsl\u0259rl\u0259 faydal\u0131 g\u00f6r\u00fc\u015fl\u0259rin ke\u00e7irilm\u0259sind\u0259n, h\u0259m\u00e7inin Qurbanqulu Berdim\u0259h\u0259mm\u0259dovun \u201cF\u0259xri A\u011fsaqqal\u201d ordeni il\u0259 t\u0259ltif olunmas\u0131ndan b\u0259hs edib.<br \/>\nVur\u011fulay\u0131b ki, ulu \u00f6nd\u0259r Heyd\u0259r \u018fliyevin layiqli davam\u00e7\u0131s\u0131 Az\u0259rbaycan Respublikas\u0131n\u0131n Prezidenti, m\u00fcz\u0259ff\u0259r Ali Ba\u015f Komandan c\u0259nab \u0130lham \u018fliyevin r\u0259hb\u0259rliyi il\u0259 \u015fanl\u0131 Ordumuzun qazand\u0131\u011f\u0131 b\u00f6y\u00fck Q\u0259l\u0259b\u0259 say\u0259sind\u0259 ham\u0131m\u0131z\u0131n yaral\u0131 yeri olan Qaraba\u011f problemi h\u0259ll olundu, tarix\u0259 d\u00fc\u015f\u0259n 44 g\u00fcnl\u00fck V\u0259t\u0259n m\u00fcharib\u0259si, haqq m\u00fcbariz\u0259si n\u0259tic\u0259sind\u0259 30 illik h\u0259sr\u0259timiz\u0259 son qoyuldu. O, hal-haz\u0131rda i\u015f\u011faldan azad edilmi\u015f torpaqlar\u0131m\u0131zda geni\u015f quruculuq v\u0259 abadl\u0131q i\u015fl\u0259rinin getdiyind\u0259n, yeni tikilil\u0259rin, evl\u0259rin, m\u00fc\u0259ssis\u0259l\u0259rin, hava limanlar\u0131n\u0131n v\u0259 bir \u00e7ox infrastruktur obyektl\u0259rin istifad\u0259y\u0259 verilm\u0259sind\u0259n d\u0259 s\u00f6z a\u00e7\u0131b. Qeyd edib ki, bu g\u00fcn t\u0259kc\u0259 Qaraba\u011fda deyil, b\u00fct\u00fcn Az\u0259rbaycanda d\u00f6vl\u0259t ba\u015f\u00e7\u0131s\u0131 c\u0259nab \u0130lham \u018fliyevin v\u0259 Az\u0259rbaycan Respublikas\u0131n\u0131n Birinci vitse-prezidenti, Heyd\u0259r \u018fliyev Fondunun prezidenti Mehriban xan\u0131m \u018fliyevan\u0131n birba\u015fa t\u0259\u015f\u0259bb\u00fcs\u00fc v\u0259 n\u0259zar\u0259ti il\u0259 y\u00fcks\u0259k s\u0259viyy\u0259li, m\u00fcasir avadanl\u0131qlarla t\u0259chiz edilmi\u015f g\u00f6z\u0259l m\u0259kt\u0259bl\u0259r, x\u0259st\u0259xanalar, idman-sa\u011flaml\u0131q kompleksl\u0259ri v\u0259 dig\u0259r sosial y\u00f6n\u00fcml\u00fc obyektl\u0259r tikil\u0259r\u0259k xalq\u0131n ixtiyar\u0131na verilir.<br \/>\nC\u0259miyy\u0259timizd\u0259, x\u00fcsusil\u0259 d\u0259 g\u0259ncl\u0259r aras\u0131nda bir s\u0131ra probleml\u0259rin oldu\u011funu da t\u0259\u0259ss\u00fcf hissi il\u0259 bildir\u0259n Tahir m\u00fc\u0259llim narkomaniyaya, dini ekstremizm\u0259, erk\u0259n nikahlara v\u0259 son zamanlarda daha da artan bo\u015fanmalara qar\u015f\u0131 ham\u0131n\u0131n bir n\u0259f\u0259r kimi, \u0259sas\u0259n d\u0259 a\u011fsaqqallar\u0131n ciddi m\u00fcbariz\u0259, t\u0259sirli maarifl\u0259ndirm\u0259 i\u015fl\u0259ri aparmal\u0131 oldu\u011funun vacibliyini t\u0259dbir i\u015ftirak\u00e7\u0131lar\u0131n\u0131n diqq\u0259tin\u0259 \u00e7atd\u0131r\u0131b. \u201cM\u0259nd\u0259n \u00f6td\u00fc, qarda\u015f\u0131ma d\u0259ydi\u201d prinsipi il\u0259 ya\u015famamal\u0131y\u0131q, bo\u015fanmalar n\u0259tic\u0259sind\u0259 k\u00f6rp\u0259l\u0259rimizi g\u00f6z\u00fcya\u015fl\u0131 qoymamal\u0131y\u0131q, g\u0259ncl\u0259rimizin \u201ca\u011f \u00f6l\u00fcm\u00fcn\u201d qurban\u0131na \u00e7evrilm\u0259sin\u0259 imkan verm\u0259m\u0259liyik\u201d \u2013 dey\u0259 Az\u0259rbaycan A\u011fsaqqallar \u015euras\u0131n\u0131n s\u0259dr m\u00fcavini Tahir S\u00fcleymanov xalq\u0131m\u0131za, h\u0259r bir v\u0259t\u0259nda\u015fa sa\u011flam v\u0259 firavan h\u0259yat arzulay\u0131b.<br \/>\nKonfranslarda \u00e7\u0131x\u0131\u015f ed\u0259n dig\u0259r natiql\u0259r d\u0259 a\u011fsaqqallar\u0131n xalq aras\u0131nda h\u0259r zaman n\u00fcfuzlu s\u00f6z sahibi olduqlar\u0131n\u0131, ulu \u00f6nd\u0259r Heyd\u0259r \u018fliyevin a\u011fsaqqallara g\u00f6st\u0259rdiyi diqq\u0259t v\u0259 qay\u011f\u0131n\u0131 haz\u0131rda \u00f6lk\u0259 Prezidenti c\u0259nab \u0130lham \u018fliyevin y\u00fcks\u0259k s\u0259viyy\u0259d\u0259 davam etdirdiyini x\u00fcsusi olaraq vur\u011fulay\u0131blar. Bildiribl\u0259r ki, respublikan\u0131n h\u0259r yerind\u0259 oldu\u011fu kimi Qusar v\u0259 X\u0131z\u0131da da Az\u0259rbaycan\u0131n t\u0259r\u0259qqisi namin\u0259 h\u0259yata ke\u00e7iril\u0259n b\u00fct\u00fcn t\u0259dbirl\u0259rd\u0259 rayon a\u011fsaqqallar\u0131 yax\u0131ndan i\u015ftirak edir, \u0259halinin, x\u00fcsusil\u0259 d\u0259 g\u0259ncl\u0259rin maarifl\u0259ndirilm\u0259sind\u0259 \u00f6z z\u0259ngin bilik v\u0259 t\u0259cr\u00fcb\u0259l\u0259rini \u0259sirg\u0259mirl\u0259r.<\/p>\n","protected":false},"excerpt":{"rendered":"<p>Az\u0259rbaycan A\u011fsaqqallar \u015euras\u0131n\u0131n yerli t\u0259\u015fkilatlar\u0131n\u0131n n\u00f6vb\u0259ti hesabat konfranslar\u0131 iyun ay\u0131n\u0131n 7-d\u0259 Qusar v\u0259 X\u0131z\u0131 rayonlar\u0131nda ba\u015f tutub. T\u0259dbirl\u0259rd\u0259 Az\u0259rbaycan A\u011fsaqqallar<\/p>\n","protected":false},"author":1,"featured_media":3123,"comment_status":"open","ping_status":"open","sticky":false,"template":"","format":"standard","meta":{"cybocfi_hide_featured_image":""},"categories":[26],"tags":[],"_links":{"self":[{"href":"https:\/\/agsaqqallarsurasi.az\/ru\/wp-json\/wp\/v2\/posts\/5347"}],"collection":[{"href":"https:\/\/agsaqqallarsurasi.az\/ru\/wp-json\/wp\/v2\/posts"}],"about":[{"href":"https:\/\/agsaqqallarsurasi.az\/ru\/wp-json\/wp\/v2\/types\/post"}],"author":[{"embeddable":true,"href":"https:\/\/agsaqqallarsurasi.az\/ru\/wp-json\/wp\/v2\/users\/1"}],"replies":[{"embeddable":true,"href":"https:\/\/agsaqqallarsurasi.az\/ru\/wp-json\/wp\/v2\/comments?post=5347"}],"version-history":[{"count":0,"href":"https:\/\/agsaqqallarsurasi.az\/ru\/wp-json\/wp\/v2\/posts\/5347\/revisions"}],"wp:featuredmedia":[{"embeddable":true,"href":"https:\/\/agsaqqallarsurasi.az\/ru\/wp-json\/wp\/v2\/media\/3123"}],"wp:attachment":[{"href":"https:\/\/agsaqqallarsurasi.az\/ru\/wp-json\/wp\/v2\/media?parent=5347"}],"wp:term":[{"taxonomy":"category","embeddable":true,"href":"https:\/\/agsaqqallarsurasi.az\/ru\/wp-json\/wp\/v2\/categories?post=5347"},{"taxonomy":"post_tag","embeddable":true,"href":"https:\/\/agsaqqallarsurasi.az\/ru\/wp-json\/wp\/v2\/tags?post=5347"}],"curies":[{"name":"wp","href":"https:\/\/api.w.org\/{rel}","templated":true}]}}