{"id":5349,"date":"2022-06-08T11:21:58","date_gmt":"2022-06-08T07:21:58","guid":{"rendered":"https:\/\/agsaqqallarsurasi.az\/balak%c9%99n-v%c9%99-zaqatala-rayonlarinda-agsaqqallar-suralarinin-hesabat-konfranslari-kecirilib\/"},"modified":"2022-06-08T11:21:58","modified_gmt":"2022-06-08T07:21:58","slug":"balak%c9%99n-v%c9%99-zaqatala-rayonlarinda-agsaqqallar-suralarinin-hesabat-konfranslari-kecirilib","status":"publish","type":"post","link":"https:\/\/agsaqqallarsurasi.az\/ru\/balak%c9%99n-v%c9%99-zaqatala-rayonlarinda-agsaqqallar-suralarinin-hesabat-konfranslari-kecirilib\/","title":{"rendered":"Balak\u0259n v\u0259 Zaqatala rayonlar\u0131nda A\u011fsaqqallar \u015euralar\u0131n\u0131n hesabat konfranslar\u0131 ke\u00e7irilib"},"content":{"rendered":"<p>\u0130yun ay\u0131n\u0131n 7-d\u0259 Balak\u0259n v\u0259 Zaqatala Rayon A\u011fsaqqallar \u015euralar\u0131n\u0131n hesabat konfranslar\u0131 ke\u00e7irilib.<br \/>\nKonfranslarda Az\u0259rbaycan A\u011fsaqqallar \u015euras\u0131n\u0131n s\u0259dr m\u00fcavini, professor Vahid Novruzov, Balak\u0259n Rayon \u0130cra Hakimiyy\u0259tinin ba\u015f\u00e7\u0131s\u0131 \u0130slam Rzayev, Zaqatala Rayon \u0130cra Hakimiyy\u0259tinin ba\u015f\u00e7\u0131s\u0131 M\u00fcbariz \u018fhm\u0259dzad\u0259, Az\u0259rbaycan A\u011fsaqqallar \u015euras\u0131n\u0131n ba\u015f m\u0259sl\u0259h\u0259t\u00e7isi-h\u00fcquq\u015f\u00fcnas\u0131 Kamal \u018fliyev, rayon a\u011fsaqqallar\u0131, \u015f\u0259hid ail\u0259l\u0259ri v\u0259 qazil\u0259r i\u015ftirak edibl\u0259r.<br \/>\nBalak\u0259n v\u0259 Zaqatala rayonlar\u0131nda ke\u00e7iril\u0259n konfranslarda t\u0259dbir i\u015ftirak\u00e7\u0131lar\u0131 \u0259vv\u0259lc\u0259 ulu \u00f6nd\u0259r Heyd\u0259r \u018fliyevin abid\u0259si \u00f6n\u00fcn\u0259 g\u00fcl d\u0259st\u0259l\u0259ri d\u00fcz\u0259r\u0259k, xatir\u0259sini ehtiramla an\u0131blar.<br \/>\nKonfranslarda Az\u0259rbaycan\u0131n \u0259razi b\u00fct\u00f6vl\u00fcy\u00fc u\u011frunda \u015f\u0259hid olan q\u0259hr\u0259man V\u0259t\u0259n \u00f6vladlar\u0131n\u0131n, h\u0259m\u00e7inin hesabat d\u00f6vr\u00fcnd\u0259 v\u0259fat etmi\u015f a\u011fsaqqallar\u0131n xatir\u0259si bir d\u0259qiq\u0259lik s\u00fckutla yad olunduqdan sonra t\u0259dbir i\u015ftirak\u00e7\u0131lar\u0131n\u0131 salamlayan h\u0259r iki rayonun icra ba\u015f\u00e7\u0131lar\u0131 milli-m\u0259n\u0259vi d\u0259y\u0259rl\u0259rimizin q\u0131z\u0131l fondu hesab edil\u0259n a\u011fsaqqallar\u0131n Balak\u0259n v\u0259 Zaqatalan\u0131n ictimai-m\u0259d\u0259ni h\u0259yat\u0131nda oynad\u0131qlar\u0131 \u0259h\u0259miyy\u0259tli roldan, onlar\u0131n d\u0259y\u0259rli \u00f6y\u00fcd-n\u0259sih\u0259tl\u0259rin\u0259 h\u0259r bir k\u0259sin ehtiyac\u0131n\u0131n olmas\u0131ndan dan\u0131\u015f\u0131blar. Qeyd edibl\u0259r ki, a\u011fsaqqallar ulu \u00f6nd\u0259r Heyd\u0259r \u018fliyevin layiqli varisi Az\u0259rbaycan Respublikas\u0131n\u0131n Prezidenti c\u0259nab \u0130lham \u018fliyevin \u0259traf\u0131nda s\u0131x birl\u0259\u015f\u0259n rayon \u0259halisinin, g\u0259ncl\u0259rin V\u0259t\u0259n\u0259, d\u00f6vl\u0259t\u0259 v\u0259 xalqa ba\u011fl\u0131l\u011f\u0131 istiqam\u0259tind\u0259 \u00fcz\u0259rl\u0259rin\u0259 d\u00fc\u015f\u0259n v\u0259zif\u0259l\u0259ri b\u00f6y\u00fck m\u0259suliyy\u0259tl\u0259 yerin\u0259 yetirirl\u0259r.<br \/>\nSonra Balak\u0259n Rayon A\u011fsaqqallar \u015euras\u0131n\u0131n s\u0259dri X\u0259lif\u0259 Mir\u0259liyevin v\u0259 Zaqatala Rayon A\u011fsaqqallar \u015euras\u0131n\u0131n s\u0259dr m\u00fcavini Tahir M\u0259mm\u0259dovun illik hesabatlarla ba\u011fl\u0131 m\u0259ruz\u0259l\u0259ri dinl\u0259nilib. M\u0259ruz\u0259l\u0259rd\u0259 yerli t\u0259\u015fkilatlar\u0131n pandemiya \u015f\u0259raitind\u0259 karantin rejimi qaydalar\u0131na uy\u011fun olaraq f\u0259aliyy\u0259tl\u0259rini davam etdirdikl\u0259ri, bir s\u0131ra \u0259h\u0259miyy\u0259tli t\u0259dbirl\u0259r, \u015f\u0259hid ail\u0259l\u0259ri v\u0259 qazil\u0259rl\u0259 g\u00f6r\u00fc\u015fl\u0259r ke\u00e7irdikl\u0259ri, h\u0259m\u00e7inin g\u0259ncl\u0259rl\u0259 maarifl\u0259ndirici i\u015fl\u0259rin apar\u0131ld\u0131\u011f\u0131 qeyd edilib. Vur\u011fulan\u0131b ki, bundan sonra da 2022-ci ilin f\u0259aliyy\u0259t plan\u0131na uy\u011fun olaraq i\u015fl\u0259rini daha s\u0259m\u0259r\u0259li v\u0259 h\u0259rt\u0259rfli quracaqlar.<br \/>\nVahid Novruzov \u00f6z \u00e7\u0131x\u0131\u015f\u0131nda Az\u0259rbaycan A\u011fsaqqallar \u015euras\u0131n\u0131n s\u0259dri, mill\u0259t v\u0259kili, professor Eldar Quliyevin salamlar\u0131n\u0131 konfrans i\u015ftirak\u00e7\u0131lar\u0131na \u00e7atd\u0131raraq, 44 g\u00fcnl\u00fck V\u0259t\u0259n m\u00fcharib\u0259sind\u0259 Az\u0259rbaycan Respublikas\u0131n\u0131n Prezidenti, m\u00fcz\u0259ff\u0259r Ali Ba\u015f Komandan c\u0259nab \u0130lham \u018fliyevin ba\u015f\u00e7\u0131l\u0131\u011f\u0131 alt\u0131nda r\u0259\u015fad\u0259tli Ordumuzun qazand\u0131\u011f\u0131 m\u00f6ht\u0259\u015f\u0259m Z\u0259f\u0259rin tarixi \u0259h\u0259miyy\u0259tind\u0259n dan\u0131\u015f\u0131b, \u015f\u0259hid ail\u0259l\u0259rin\u0259 v\u0259 qazil\u0259r\u0259 h\u0259r zaman b\u00f6y\u00fck diqq\u0259t v\u0259 qay\u011f\u0131n\u0131n g\u00f6st\u0259rildiyini vur\u011fulay\u0131b. Hal-haz\u0131rda m\u0259d\u0259niyy\u0259t paytaxtm\u0131z olan \u015eu\u015fa \u015f\u0259h\u0259rind\u0259 v\u0259 i\u015f\u011faldan azad edilmi\u015f dig\u0259r rayonlarda geni\u015fmiqyasl\u0131 abadl\u0131q-quruculuq i\u015fl\u0259rinin getdiyini t\u0259dbir i\u015ftirak\u00e7\u0131lar\u0131n\u0131n diqq\u0259tin\u0259 \u00e7atd\u0131r\u0131b. C\u0259miyy\u0259timiz\u0259, x\u00fcsusil\u0259 d\u0259 g\u0259nc n\u0259sl\u0259 milli-m\u0259n\u0259vi d\u0259y\u0259rl\u0259r\u0259, V\u0259t\u0259n\u0259, xalqa, d\u00f6vl\u0259t\u0259 h\u00f6rm\u0259t ruhunun a\u015f\u0131lanmas\u0131n\u0131n b\u00f6y\u00fck \u00f6n\u0259m da\u015f\u0131d\u0131\u011f\u0131n\u0131 qeyd ed\u0259n natiq d\u00f6vl\u0259t ba\u00e7\u00e7\u0131s\u0131 c\u0259nab \u0130lham \u018fliyev v\u0259 Mehriban xan\u0131m \u018fliyeva t\u0259r\u0259find\u0259n \u00f6lk\u0259mizd\u0259 a\u011fsaqqallara, o c\u00fcml\u0259d\u0259n ah\u0131llara g\u00f6st\u0259ril\u0259n diqq\u0259t v\u0259 qay\u011f\u0131dan dan\u0131\u015f\u0131b. Eldar Quliyevin ba\u015f\u00e7\u0131l\u0131\u011f\u0131 il\u0259 t\u0259\u015fkilatda bir \u00e7ox \u0259h\u0259miyy\u0259tli i\u015fl\u0259rin h\u0259yata ke\u00e7irildiyini vur\u011fulayan Az\u0259rbaycan A\u011fsaqqallar \u015euras\u0131n\u0131n s\u0259dr m\u00fcavini, professor Vahid Novruzov AB\u015e Prezidenti c\u0259nab Cozef Baydenin Az\u0259rbaycan Respublikas\u0131n\u0131n Prezidenti c\u0259nab \u0130lham \u018fliyev\u0259 \u00fcnvanlad\u0131\u011f\u0131 m\u0259ktubdan da b\u0259hs ed\u0259r\u0259k, \u00f6lk\u0259l\u0259rimiz aras\u0131ndak\u0131 30 illik u\u011furlu diplomatik m\u00fcnasib\u0259tl\u0259rd\u0259n, sadiq t\u0259r\u0259fda\u015fl\u0131qdan v\u0259 ikit\u0259r\u0259fli iqtisadi \u0259laq\u0259l\u0259rd\u0259n s\u00f6z a\u00e7\u0131b.<br \/>\nDaha sonra \u00e7\u0131x\u0131\u015f ed\u0259n natiql\u0259r rayon a\u011fsaqqallar\u0131n\u0131n g\u00f6rd\u00fckl\u0259ri \u0259h\u0259miyy\u0259tli i\u015fl\u0259rd\u0259n b\u0259hs ed\u0259r\u0259k, g\u0259ncl\u0259rin z\u0259r\u0259rli t\u0259sirl\u0259rd\u0259n uzaq sa\u011flam \u0259saslar \u00fcz\u0259rind\u0259, d\u00f6vl\u0259t\u0259, xalqa s\u0259daq\u0259t ruhunda t\u0259rbiy\u0259si m\u0259s\u0259l\u0259sind\u0259 onlara h\u0259r zaman b\u00f6y\u00fck ehtiyac\u0131n oldu\u011funu vur\u011fulay\u0131blar. \u018fmin olduqlar\u0131n\u0131 bildiribl\u0259r ki, bundan sonra da a\u011fsaqqallar daha xo\u015fb\u0259xt Az\u0259rbaycan namin\u0259 \u00f6z bilik v\u0259 t\u0259cr\u00fcb\u0259l\u0259rini \u0259sirg\u0259m\u0259y\u0259c\u0259kl\u0259r.<br \/>\nS\u0259f\u0259r \u00e7\u0259r\u00e7iv\u0259sind\u0259 Az\u0259rbaycan A\u011fsaqqallar \u015euras\u0131n\u0131n s\u0259dr m\u00fcavini, professor Vahid Novruzov Balak\u0259n rayon Talalar k\u0259ndind\u0259 Birinci v\u0259 \u0130kinci Qaraba\u011f m\u00fcharib\u0259si \u015f\u0259hidl\u0259rinin xatir\u0259sin\u0259 in\u015fa olunan bulaq kompleksinin a\u00e7\u0131l\u0131\u015f\u0131nda i\u015ftirak edib.<\/p>\n","protected":false},"excerpt":{"rendered":"<p>\u0130yun ay\u0131n\u0131n 7-d\u0259 Balak\u0259n v\u0259 Zaqatala Rayon A\u011fsaqqallar \u015euralar\u0131n\u0131n hesabat konfranslar\u0131 ke\u00e7irilib. Konfranslarda Az\u0259rbaycan A\u011fsaqqallar \u015euras\u0131n\u0131n s\u0259dr m\u00fcavini, professor Vahid<\/p>\n","protected":false},"author":1,"featured_media":3157,"comment_status":"open","ping_status":"open","sticky":false,"template":"","format":"standard","meta":{"cybocfi_hide_featured_image":""},"categories":[26],"tags":[],"_links":{"self":[{"href":"https:\/\/agsaqqallarsurasi.az\/ru\/wp-json\/wp\/v2\/posts\/5349"}],"collection":[{"href":"https:\/\/agsaqqallarsurasi.az\/ru\/wp-json\/wp\/v2\/posts"}],"about":[{"href":"https:\/\/agsaqqallarsurasi.az\/ru\/wp-json\/wp\/v2\/types\/post"}],"author":[{"embeddable":true,"href":"https:\/\/agsaqqallarsurasi.az\/ru\/wp-json\/wp\/v2\/users\/1"}],"replies":[{"embeddable":true,"href":"https:\/\/agsaqqallarsurasi.az\/ru\/wp-json\/wp\/v2\/comments?post=5349"}],"version-history":[{"count":0,"href":"https:\/\/agsaqqallarsurasi.az\/ru\/wp-json\/wp\/v2\/posts\/5349\/revisions"}],"wp:featuredmedia":[{"embeddable":true,"href":"https:\/\/agsaqqallarsurasi.az\/ru\/wp-json\/wp\/v2\/media\/3157"}],"wp:attachment":[{"href":"https:\/\/agsaqqallarsurasi.az\/ru\/wp-json\/wp\/v2\/media?parent=5349"}],"wp:term":[{"taxonomy":"category","embeddable":true,"href":"https:\/\/agsaqqallarsurasi.az\/ru\/wp-json\/wp\/v2\/categories?post=5349"},{"taxonomy":"post_tag","embeddable":true,"href":"https:\/\/agsaqqallarsurasi.az\/ru\/wp-json\/wp\/v2\/tags?post=5349"}],"curies":[{"name":"wp","href":"https:\/\/api.w.org\/{rel}","templated":true}]}}