{"id":5359,"date":"2022-06-04T11:42:25","date_gmt":"2022-06-04T07:42:25","guid":{"rendered":"https:\/\/agsaqqallarsurasi.az\/beyn%c9%99lxalq-x%c9%99z%c9%99r-neft-v%c9%99-qaz-s%c9%99rgisi\/"},"modified":"2022-06-04T11:42:25","modified_gmt":"2022-06-04T07:42:25","slug":"beyn%c9%99lxalq-x%c9%99z%c9%99r-neft-v%c9%99-qaz-s%c9%99rgisi","status":"publish","type":"post","link":"https:\/\/agsaqqallarsurasi.az\/ru\/beyn%c9%99lxalq-x%c9%99z%c9%99r-neft-v%c9%99-qaz-s%c9%99rgisi\/","title":{"rendered":"Beyn\u0259lxalq X\u0259z\u0259r Neft v\u0259 Qaz s\u0259rgisi"},"content":{"rendered":"<hr \/>\n<p>Cari ilin 1 iyun tarixind\u0259 Bak\u0131 Enerji H\u0259ft\u0259si \u00e7\u0259r\u00e7iv\u0259sind\u0259 27-ci Beyn\u0259lxalq X\u0259z\u0259r Neft v\u0259 Qaz S\u0259rgisinin t\u0259nt\u0259n\u0259li sur\u0259td\u0259 a\u00e7\u0131l\u0131\u015f m\u0259rasimi olub. \u0130clasda \u00f6lk\u0259 Prezidenti c\u0259nab \u0130lham \u018fliyev geni\u015f \u00e7\u0131x\u0131\u015f ed\u0259r\u0259k, respublikan\u0131n enerji siyas\u0259tind\u0259n dan\u0131\u015f\u0131b, enerji il\u0259 ba\u011fl\u0131 g\u00f6r\u00fcl\u0259n i\u015fl\u0259r\u0259 ayd\u0131nl\u0131q g\u0259tirib.<\/p>\n<p>30 \u00f6lk\u0259ni t\u0259msil ed\u0259n 243 \u015firk\u0259tin n\u00fcmay\u0259nd\u0259l\u0259rinin i\u015ftirak\u0131 il\u0259 ke\u00e7iril\u0259n s\u0259r\u011fi Az\u0259rbaycan\u0131n beyn\u0259lxalq arenada etibarl\u0131 t\u0259r\u0259fda\u015f oldu\u011funu bir daha s\u00fcbut edir.<br \/>\nAz\u0259rbaycan m\u00fcst\u0259qillik \u0259ld\u0259 etdikd\u0259n sonra \u00f6z enerji t\u0259hl\u00fck\u0259sizliyin\u0259 b\u00f6y\u00fck s\u0259rmay\u0259 yat\u0131rmaqla idxal\u00e7\u0131dan ixracat\u00e7\u0131ya \u00e7evrilib. Bu ill\u0259r \u0259rzind\u0259 \u201c\u018fsrin m\u00fcqavil\u0259si\u201d, \u201cBak\u0131-Tbilisi-Ceyhan\u201d, \u201cBak\u0131-Tbilisi-Qars\u201d, \u201cC\u0259nubi Qafqaz\u201d boru k\u0259m\u0259ri, TANAP v\u0259 TAP qaz-boru k\u0259m\u0259rl\u0259rind\u0259n ibar\u0259t \u201cC\u0259nub Qaz D\u0259hlizi\u201d layih\u0259l\u0259ri art\u0131q reall\u0131\u011fa \u00e7evril\u0259r\u0259k d\u00fcnyada tan\u0131n\u0131b. Az\u0259rbaycan haz\u0131rda d\u00fcnyan\u0131n siyasi arenas\u0131nda tan\u0131nm\u0131\u015f bir \u00e7ox \u00f6lk\u0259l\u0259r \u00fc\u00e7\u00fcn etibarl\u0131 t\u0259r\u0259fda\u015f olub.<br \/>\nPrezidentimiz \u00e7\u0131x\u0131\u015f\u0131nda deyib ki, \u201cC\u0259nub Qaz D\u0259hlizi\u201dn\u0259 ehtiyac\u0131n oldu\u011funu bilirdi. Sonralar planl\u0131 sur\u0259td\u0259 h\u0259yata ke\u00e7iril\u0259n i\u015fl\u0259rl\u0259 &#8211; \u00fcmumilikd\u0259 3500 km uzanan boru k\u0259m\u0259rini sudan, qurudan v\u0259 da\u011fl\u0131q \u0259razid\u0259n ke\u00e7irm\u0259kl\u0259 Az\u0259rbaycan\u0131n q\u00fcdr\u0259tini beyn\u0259lxalq arenada bir daha art\u0131rd\u0131. Bu lay\u0131h\u0259l\u0259rin realla\u015fmas\u0131 Az\u0259rbaycan\u0131 Avropan\u0131n enerji t\u0259hl\u00fck\u0259sizliyinin t\u0259minat\u00e7\u0131s\u0131 kimi t\u0259sdiq edib. Q\u0131sa zamanda respublikam\u0131z qaz ixrac\u0131n\u0131n art\u0131r\u0131lmas\u0131na nail ola bilib.<br \/>\nC\u0259nab Prezident \u00e7\u0131x\u0131\u015f\u0131nda qaz potensial\u0131n\u0131n t\u0259kc\u0259 \u201c\u015eahd\u0259niz\u201d yata\u011f\u0131 il\u0259 m\u0259hdudla\u015fmad\u0131\u011f\u0131ndan dan\u0131\u015faraq qeyd edib ki, g\u0259l\u0259n ild\u0259n dig\u0259r yataqlar\u0131n da hasilat\u0131na ba\u015flanacaqd\u0131r. El\u0259 bu hadis\u0259nin \u00f6z\u00fc d\u0259 enerji t\u0259hl\u00fck\u0259sizliyin\u0259 vacib t\u00f6hf\u0259l\u0259r ver\u0259c\u0259kdir.<br \/>\n\u00dcmumiyy\u0259tl\u0259, d\u00f6vl\u0259t ba\u015f\u00e7\u0131s\u0131n\u0131n 27-ci Beyn\u0259lxalq X\u0259z\u0259r Neft v\u0259 Qaz S\u0259rgisind\u0259ki bu \u00e7\u0131x\u0131\u015f\u0131 h\u0259mi\u015f\u0259 oldu\u011fu kimi d\u0259rin m\u0259nal\u0131, iqtisadi c\u0259h\u0259td\u0259n real faktlara s\u00f6yk\u0259n\u0259n \u00e7\u0131x\u0131\u015flardan idi. Ancaq b\u00fct\u00fcn bunlara baxmayaraq, biz yenil\u0259n\u0259n enerji sah\u0259sind\u0259 d\u0259 i\u015fl\u0259r\u0259 ba\u015flam\u0131\u015f\u0131q. Bel\u0259 ki, \u00f6lk\u0259miz k\u00fcl\u0259k v\u0259 g\u00fcn\u0259\u015f enerjisinin istehsal\u0131 \u00fc\u00e7\u00fcn geni\u015f m\u0259nb\u0259l\u0259r\u0259 malikdir. \u0130\u015f\u011faldan azad edilmi\u015f \u0259razil\u0259r d\u0259 \u201cya\u015f\u0131l enerji\u201d zonas\u0131 elan edilib. G\u00fcn\u0259\u015f v\u0259 k\u00fcl\u0259k stansiyalar\u0131n\u0131n yarad\u0131lmas\u0131 \u00fc\u00e7\u00fcn planlar haz\u0131rlan\u0131b.<br \/>\nRespublikam\u0131zda ged\u0259n bu n\u0259h\u0259ng yenilikl\u0259r xalq\u0131m\u0131z\u0131n maddi rifah hal\u0131n\u0131n yax\u015f\u0131la\u015fd\u0131r\u0131lmas\u0131 \u00fc\u00e7\u00fcn z\u0259min yaradacaqd\u0131r. B\u00fct\u00fcn bu yenilikl\u0259r bizi &#8211; Nizami Rayon A\u011fsaqqallar \u015euras\u0131n\u0131n \u00fczvl\u0259rini h\u0259dsiz d\u0259r\u0259c\u0259d\u0259 sevindirir. Rayon t\u0259dbirl\u0259rind\u0259 \u00f6z \u00e7\u0131x\u0131\u015flar\u0131m\u0131zda bu hadis\u0259l\u0259ri m\u0259mnuniyy\u0259tl\u0259 i\u015ftirak\u00e7\u0131lara \u00e7atd\u0131r\u0131r\u0131q. Onu da qeyd ed\u0259k ki, rayon t\u0259dbirl\u0259ri art\u0131q q\u0259l\u0259b\u0259 ruhunda ke\u00e7irilir. 44 g\u00fcnl\u00fck V\u0259t\u0259n m\u00fcharib\u0259sind\u0259 erm\u0259ni i\u015f\u011fal\u00e7\u0131lar\u0131n\u0131 torpaqlar\u0131m\u0131zdan qovduqdan sonra biz art\u0131q qalib xalq kimi v\u00fcqarla g\u0259zirik. \u015e\u0259hidl\u0259rimizin an\u0131m g\u00fcnl\u0259rind\u0259 bel\u0259 xo\u015f \u0259hval-ruhiyy\u0259 il\u0259 \u00e7\u0131x\u0131\u015flar edirik, \u015f\u0259hid analar\u0131na \u00f6vladlar\u0131n\u0131n q\u0259hr\u0259manl\u0131\u011f\u0131ndan dan\u0131\u015fmaqla onlar\u0131n azad etdiyi rayon v\u0259 q\u0259s\u0259b\u0259l\u0259rd\u0259 g\u00f6r\u00fcl\u0259n geni\u015f m\u00fcasir tipli abadl\u0131q i\u015fl\u0259rind\u0259n b\u0259hs edirik. Biz b\u00f6y\u00fck f\u0259xrl\u0259 Prezidentimiz c\u0259nab \u0130lham \u018fliyevin d\u00fcnyan\u0131n siyasi s\u0259hn\u0259sind\u0259 qazand\u0131\u011f\u0131 y\u00fcks\u0259k n\u00fcfuzundan dan\u0131\u015f\u0131r\u0131q.<br \/>\nBiz Prezidentimizl\u0259 f\u0259xr edirik! Ya\u015fas\u0131n Az\u0259rbaycan! Qaraba\u011f Az\u0259rbaycand\u0131r!<\/p>\n<p>Nizami Rayon A\u011fsaqqallar \u015euras\u0131n\u0131n s\u0259dri<br \/>\nMay\u0131l \u018fliyev<\/p>\n","protected":false},"excerpt":{"rendered":"<p>Cari ilin 1 iyun tarixind\u0259 Bak\u0131 Enerji H\u0259ft\u0259si \u00e7\u0259r\u00e7iv\u0259sind\u0259 27-ci Beyn\u0259lxalq X\u0259z\u0259r Neft v\u0259 Qaz S\u0259rgisinin t\u0259nt\u0259n\u0259li sur\u0259td\u0259 a\u00e7\u0131l\u0131\u015f m\u0259rasimi<\/p>\n","protected":false},"author":1,"featured_media":2985,"comment_status":"open","ping_status":"open","sticky":false,"template":"","format":"standard","meta":{"cybocfi_hide_featured_image":""},"categories":[26],"tags":[],"_links":{"self":[{"href":"https:\/\/agsaqqallarsurasi.az\/ru\/wp-json\/wp\/v2\/posts\/5359"}],"collection":[{"href":"https:\/\/agsaqqallarsurasi.az\/ru\/wp-json\/wp\/v2\/posts"}],"about":[{"href":"https:\/\/agsaqqallarsurasi.az\/ru\/wp-json\/wp\/v2\/types\/post"}],"author":[{"embeddable":true,"href":"https:\/\/agsaqqallarsurasi.az\/ru\/wp-json\/wp\/v2\/users\/1"}],"replies":[{"embeddable":true,"href":"https:\/\/agsaqqallarsurasi.az\/ru\/wp-json\/wp\/v2\/comments?post=5359"}],"version-history":[{"count":0,"href":"https:\/\/agsaqqallarsurasi.az\/ru\/wp-json\/wp\/v2\/posts\/5359\/revisions"}],"wp:featuredmedia":[{"embeddable":true,"href":"https:\/\/agsaqqallarsurasi.az\/ru\/wp-json\/wp\/v2\/media\/2985"}],"wp:attachment":[{"href":"https:\/\/agsaqqallarsurasi.az\/ru\/wp-json\/wp\/v2\/media?parent=5359"}],"wp:term":[{"taxonomy":"category","embeddable":true,"href":"https:\/\/agsaqqallarsurasi.az\/ru\/wp-json\/wp\/v2\/categories?post=5359"},{"taxonomy":"post_tag","embeddable":true,"href":"https:\/\/agsaqqallarsurasi.az\/ru\/wp-json\/wp\/v2\/tags?post=5359"}],"curies":[{"name":"wp","href":"https:\/\/api.w.org\/{rel}","templated":true}]}}